{"id":13167,"date":"2026-04-30T05:29:05","date_gmt":"2026-04-30T01:59:05","guid":{"rendered":"https:\/\/fajr.news\/?p=13167"},"modified":"2026-04-30T05:29:05","modified_gmt":"2026-04-30T01:59:05","slug":"totalenergies-hurmuz-bogazindaki-gecisler-istikrara-kavusana-dek-orta-dogu-uretimini-askiya-aldi","status":"publish","type":"post","link":"https:\/\/fajr.news\/?p=13167&lang=tr","title":{"rendered":"TotalEnergies, H\u00fcrm\u00fcz Bo\u011faz\u0131&#8217;ndaki Ge\u00e7i\u015fler \u0130stikrara Kavu\u015fana Dek Orta Do\u011fu \u00dcretimini Ask\u0131ya Ald\u0131"},"content":{"rendered":"<p>TotalEnergies CEO&#8217;su \u00c7ar\u015famba g\u00fcn\u00fc yapt\u0131\u011f\u0131 a\u00e7\u0131klamada, H\u00fcrm\u00fcz Bo\u011faz\u0131&#8217;ndaki deniz ta\u015f\u0131mac\u0131l\u0131\u011f\u0131 ge\u00e7i\u015fleri istikrara kavu\u015fana kadar Orta Do\u011fu&#8217;daki \u00fcretimini yeniden ba\u015flatmayaca\u011f\u0131n\u0131 belirtti.<br \/>\n\u0130ran sava\u015f\u0131n\u0131n devam etmesi nedeniyle H\u00fcrm\u00fcz Bo\u011faz\u0131 \u00fczerinden kargo sevkiyat\u0131 yapamad\u0131\u011f\u0131 i\u00e7in Total&#8217;in petrol ve gaz \u00fcretiminin yakla\u015f\u0131k %15&#8217;i durmu\u015f durumda. Ancak, y\u00fckselen petrol fiyatlar\u0131 ve di\u011fer b\u00f6lgelerdeki artan \u00fcretim, \u015firketin Orta Do\u011fu&#8217;daki kay\u0131plar\u0131n\u0131 telafi etti.<br \/>\nFrans\u0131z petrol devi, 17 Nisan hafta sonunda bir tankerin \u00e7\u0131kmay\u0131 ba\u015farmas\u0131n\u0131n ard\u0131ndan dokuz tankeri bo\u011fazda mahsur kalm\u0131\u015f durumda. \u015eirket taraf\u0131ndan kiralanan ikinci bir tanker \u00e7\u0131kmaya \u00e7al\u0131\u015ft\u0131 ancak \u00f6n\u00fcndeki bir Hint gemisine sald\u0131r\u0131l\u0131nca K\u00f6rfez&#8217;e geri d\u00f6nmek zorunda kald\u0131, bu da Total&#8217;in tankerinin sigorta kapsam\u0131n\u0131 kaybetmesine neden oldu.<br \/>\nCEO Patrick Pouyanne, \u015firketin ilk \u00e7eyrekte rekor k\u00e2r a\u00e7\u0131klamas\u0131n\u0131n ard\u0131ndan analistlere yapt\u0131\u011f\u0131 a\u00e7\u0131klamada, &#8216;Operasyonlar\u0131 yeniden ba\u015flatmadan \u00f6nce H\u00fcrm\u00fcz Bo\u011faz\u0131&#8217;nda ger\u00e7ek bir istikrar\u0131n sa\u011flanmas\u0131n\u0131 bekleyece\u011fiz. Sava\u015ftan \u00f6nce her g\u00fcn K\u00f6rfez&#8217;den 50 petrol tankeri ge\u00e7iyordu&#8217; dedi.<br \/>\n&#8216;Kuyular\u0131 yeniden ba\u015flatmak karma\u015f\u0131k de\u011fil, ancak \u00f6nce dolu tankerlerin \u00e7\u0131kmas\u0131na ve bir yere bo\u015falt\u0131lmas\u0131na izin vermeniz, ard\u0131ndan bo\u015f tankerleri yeniden y\u00fcklemek i\u00e7in getirmeniz gerekiyor. Asya&#8217;ya yolculuklar 25 g\u00fcn, Avrupa&#8217;ya daha uzun s\u00fcr\u00fcyor ve LNG i\u00e7in k\u00fcresel filo daha k\u00fc\u00e7\u00fck&#8230; Bu y\u00fczden 2-3 ay s\u00fcrece\u011fini s\u00f6yl\u00fcyoruz.&#8217;<\/p>\n<p>ORTA DO\u011eU PROJELER\u0130 DEVAM ED\u0130YOR<\/p>\n<p>CEO, Suudi Arabistan&#8217;da Total&#8217;in ortak sahibi oldu\u011fu SATORP rafinerisinin yeniden faaliyete ge\u00e7ti\u011fini ve \u00f6n\u00fcm\u00fczdeki ay g\u00fcnl\u00fck 300.000 varilin \u00fczerine \u00e7\u0131kaca\u011f\u0131n\u0131 s\u00f6yledi.<br \/>\n\u015eirketin \u00fclkedeki 5 milyar dolarl\u0131k Amiral petrokimya kompleksi projesi %70 tamamland\u0131 ve 2027 sonu veya 2028 ba\u015f\u0131nda faaliyete ge\u00e7mesi bekleniyor.<br \/>\nKatar&#8217;da ise Pouyanne, Kuzey Saha Do\u011fu gaz geni\u015fletme projesinin en fazla iki ay gecikmesini bekledi\u011fini, ilk bo\u015faltman\u0131n 2026 sonu veya 2027 ba\u015f\u0131nda yap\u0131laca\u011f\u0131n\u0131 belirtti.<br \/>\nIrak&#8217;ta bir g\u00fcne\u015f enerjisi santrali faaliyete ge\u00e7ti ancak Ratawi petrol sahas\u0131 geni\u015fletmesinin ilk a\u015famas\u0131 bu y\u0131l\u0131n sonlar\u0131nda ger\u00e7ekle\u015fecek.<br \/>\n(Reuters)<\/p>\n<p>#TotalEnergies #H\u00fcrm\u00fczBo\u011faz\u0131 #Petrol\u00dcretimi #Do\u011falGaz #OrtaDo\u011fu #EnerjiPiyasas\u0131 #TankerKrizi #K\u00fcreselEnerji #\u0130ranSava\u015f\u0131 #SevkiyatAksakl\u0131\u011f\u0131<\/p>\n","protected":false},"excerpt":{"rendered":"<p>TotalEnergies CEO&#8217;su \u00c7ar\u015famba g\u00fcn\u00fc yapt\u0131\u011f\u0131 a\u00e7\u0131klamada, H\u00fcrm\u00fcz Bo\u011faz\u0131&#8217;ndaki deniz ta\u015f\u0131mac\u0131l\u0131\u011f\u0131 ge\u00e7i\u015fleri istikrara kavu\u015fana kadar Orta Do\u011fu&#8217;daki \u00fcretimini yeniden ba\u015flatmayaca\u011f\u0131n\u0131 belirtti. \u0130ran sava\u015f\u0131n\u0131n devam etmesi nedeniyle H\u00fcrm\u00fcz Bo\u011faz\u0131 \u00fczerinden kargo sevkiyat\u0131 yapamad\u0131\u011f\u0131 i\u00e7in Total&#8217;in petrol ve gaz \u00fcretiminin yakla\u015f\u0131k %15&#8217;i durmu\u015f durumda. Ancak, y\u00fckselen petrol fiyatlar\u0131 ve di\u011fer b\u00f6lgelerdeki artan \u00fcretim, \u015firketin Orta Do\u011fu&#8217;daki kay\u0131plar\u0131n\u0131 telafi [&hellip;]<\/p>\n","protected":false},"author":2,"featured_media":13168,"comment_status":"open","ping_status":"open","sticky":false,"template":"","format":"standard","meta":{"footnotes":""},"categories":[37],"tags":[],"class_list":["post-13167","post","type-post","status-publish","format-standard","has-post-thumbnail","hentry","category-orta-dogu-haberleri"],"_links":{"self":[{"href":"https:\/\/fajr.news\/index.php?rest_route=\/wp\/v2\/posts\/13167","targetHints":{"allow":["GET"]}}],"collection":[{"href":"https:\/\/fajr.news\/index.php?rest_route=\/wp\/v2\/posts"}],"about":[{"href":"https:\/\/fajr.news\/index.php?rest_route=\/wp\/v2\/types\/post"}],"author":[{"embeddable":true,"href":"https:\/\/fajr.news\/index.php?rest_route=\/wp\/v2\/users\/2"}],"replies":[{"embeddable":true,"href":"https:\/\/fajr.news\/index.php?rest_route=%2Fwp%2Fv2%2Fcomments&post=13167"}],"version-history":[{"count":0,"href":"https:\/\/fajr.news\/index.php?rest_route=\/wp\/v2\/posts\/13167\/revisions"}],"wp:featuredmedia":[{"embeddable":true,"href":"https:\/\/fajr.news\/index.php?rest_route=\/wp\/v2\/media\/13168"}],"wp:attachment":[{"href":"https:\/\/fajr.news\/index.php?rest_route=%2Fwp%2Fv2%2Fmedia&parent=13167"}],"wp:term":[{"taxonomy":"category","embeddable":true,"href":"https:\/\/fajr.news\/index.php?rest_route=%2Fwp%2Fv2%2Fcategories&post=13167"},{"taxonomy":"post_tag","embeddable":true,"href":"https:\/\/fajr.news\/index.php?rest_route=%2Fwp%2Fv2%2Ftags&post=13167"}],"curies":[{"name":"wp","href":"https:\/\/api.w.org\/{rel}","templated":true}]}}