{"id":13159,"date":"2026-04-30T05:20:35","date_gmt":"2026-04-30T01:50:35","guid":{"rendered":"https:\/\/fajr.news\/?p=13159"},"modified":"2026-04-30T05:20:35","modified_gmt":"2026-04-30T01:50:35","slug":"abdnin-dev-ucak-gemisi-uss-gerald-r-ford-bolgeden-cekiliyor-washingtonin-husrani","status":"publish","type":"post","link":"https:\/\/fajr.news\/?p=13159&lang=tr","title":{"rendered":"ABD&#8217;nin Dev U\u00e7ak Gemisi USS Gerald R. Ford, B\u00f6lgeden \u00c7ekiliyor: Washington&#8217;\u0131n H\u00fcsran\u0131"},"content":{"rendered":"<h1>ABD&#8217;nin Dev U\u00e7ak Gemisi USS Gerald R. Ford, B\u00f6lgeden \u00c7ekiliyor: Washington&#8217;\u0131n H\u00fcsran\u0131<\/h1>\n<p>Washington Post&#8217;un g\u00fcvenilir kaynaklara dayand\u0131rd\u0131\u011f\u0131 haberine g\u00f6re, d\u00fcnyan\u0131n en b\u00fcy\u00fck u\u00e7ak gemisi olan ve Norfolk merkezli <strong>USS Gerald R. Ford<\/strong>, Orta Do\u011fu&#8217;dan ayr\u0131larak ana liman\u0131na geri d\u00f6nmek \u00fczere yola \u00e7\u0131k\u0131yor. Bu geli\u015fme, ABD&#8217;nin b\u00f6lgedeki gerilimi art\u0131rma ve hegemonyas\u0131n\u0131 s\u00fcrd\u00fcrme \u00e7abalar\u0131n\u0131n bir kez daha h\u00fcsranla sonu\u00e7land\u0131\u011f\u0131n\u0131n a\u00e7\u0131k bir g\u00f6stergesi olarak yorumlan\u0131yor.<\/p>\n<h2><a id=\"uzun-ve-sorunlu-bir-gorev\"><\/a>Uzun ve Sorunlu Bir G\u00f6rev<\/h2>\n<p>Yakla\u015f\u0131k 4.500 denizci ta\u015f\u0131yan USS Gerald R. Ford, \u00e7ar\u015famba g\u00fcn\u00fc itibar\u0131yla tam <strong>309 g\u00fcnd\u00fcr<\/strong> konu\u015flu bulunuyordu. Bu, Vietnam Sava\u015f\u0131 sonras\u0131 d\u00f6nemde bir u\u00e7ak gemisi i\u00e7in kaydedilen en uzun konu\u015flanma s\u00fcresi rekorunu k\u0131rarak, ABD donanmas\u0131n\u0131n operasyonel kapasitesindeki a\u015f\u0131r\u0131 zorlanmay\u0131 ve m\u00fcrettebat \u00fczerindeki a\u011f\u0131r y\u00fck\u00fc g\u00f6zler \u00f6n\u00fcne serdi. Normalde alt\u0131 ila dokuz ay s\u00fcren bu t\u00fcr g\u00f6revlerin, Ford i\u00e7in 11 aya kadar uzayaca\u011f\u0131 belirtilmi\u015fti. Donanma Operasyonlar\u0131 Ba\u015fkan Yard\u0131mc\u0131s\u0131 Oramiral James Kilby, geminin geri d\u00f6n\u00fc\u015f\u00fcn\u00fcn ve bak\u0131m takviminin ciddi \u015fekilde etkilenece\u011fini itiraf etmi\u015fti.<\/p>\n<h2><a id=\"bolgedeki-provokasyonlar-ve-irana-yonelik-tehditler\"><\/a>B\u00f6lgedeki Provokasyonlar ve \u0130ran&#8217;a Y\u00f6nelik Tehditler<\/h2>\n<p>ABD ile \u0130ran aras\u0131ndaki m\u00fczakerelerin devam etti\u011fi bir d\u00f6nemde, Ford, Orta Do\u011fu&#8217;daki \u00fc\u00e7 u\u00e7ak gemisinden biri olarak K\u0131z\u0131ldeniz&#8217;de konu\u015flanm\u0131\u015ft\u0131. Di\u011fer iki gemi olan USS George H.W. Bush ve USS Abraham Lincoln ise, \u0130ran limanlar\u0131na kar\u015f\u0131 uygulanan <em>yasa d\u0131\u015f\u0131 ABD ablukas\u0131n\u0131<\/em> g\u00fc\u00e7lendirmek amac\u0131yla Umman Denizi&#8217;nde faaliyet g\u00f6steriyordu. Bu askeri y\u0131\u011f\u0131na\u011f\u0131n, b\u00f6lgedeki istikrars\u0131zl\u0131\u011f\u0131 art\u0131rmaktan ve \u0130ran \u0130slam Cumhuriyeti&#8217;ne y\u00f6nelik d\u00fc\u015fmanca bir duru\u015f sergilemekten ba\u015fka bir amaca hizmet etmedi\u011fi a\u00e7\u0131kt\u0131r.<\/p>\n<h2><a id=\"gemideki-yangin-ve-operasyonel-aksakliklar\"><\/a>Gemideki Yang\u0131n ve Operasyonel Aksakl\u0131klar<\/h2>\n<p>Dev u\u00e7ak gemisinin ya\u015fad\u0131\u011f\u0131 sorunlar sadece uzun konu\u015flanma s\u00fcresiyle s\u0131n\u0131rl\u0131 kalmad\u0131. Mart ay\u0131nda CNN taraf\u0131ndan bildirilen ve New York Times&#8217;\u0131n detayland\u0131rd\u0131\u011f\u0131 \u00fczere, Ford&#8217;un \u00e7ama\u015f\u0131rhanesinde muharebe d\u0131\u015f\u0131 bir yang\u0131n \u00e7\u0131kt\u0131. Bu yang\u0131na m\u00fcdahale etmek <strong>30 saatten fazla s\u00fcrd\u00fc<\/strong> ve 600&#8217;den fazla m\u00fcrettebat \u00fcyesinin yataklar\u0131n\u0131 kaybetmesine neden oldu. \u0130ki denizci de hayati tehlike arz etmeyen yaralanmalarla tedavi edildi. Bu olay, ABD&#8217;nin en modern sava\u015f gemisinin dahi i\u00e7 operasyonel zafiyetlerini ve m\u00fcrettebat\u0131n zorlu ko\u015fullar alt\u0131nda g\u00f6rev yapt\u0131\u011f\u0131n\u0131 g\u00f6zler \u00f6n\u00fcne serdi. Yang\u0131n\u0131n ard\u0131ndan gemi, &#8220;k\u0131sa bir s\u00fcre onar\u0131m yapmak i\u00e7in&#8221; Girit&#8217;e y\u00f6nelmek zorunda kald\u0131.<\/p>\n<h2><a id=\"venezueladan-irana-uzanan-mudahaleci-politika\"><\/a>Venezuela&#8217;dan \u0130ran&#8217;a Uzanan M\u00fcdahaleci Politika<\/h2>\n<p>Ford&#8217;un g\u00f6revi, 24 Haziran 2025&#8217;te Norfolk Deniz \u00dcss\u00fc&#8217;nden Karayipler&#8217;e do\u011fru yola \u00e7\u0131kmas\u0131yla ba\u015flam\u0131\u015ft\u0131. Konu\u015flanmas\u0131n\u0131n ba\u015flar\u0131nda, ABD&#8217;nin Venezuela&#8217;ya kar\u015f\u0131 y\u00fcr\u00fctt\u00fc\u011f\u00fc operasyonlara ve Ba\u015fkan Nicol\u00e1s Maduro&#8217;yu yakalama giri\u015fimlerine destek vermi\u015fti. \u015eubat ay\u0131nda ise d\u00f6nemin ABD Ba\u015fkan\u0131 Donald Trump, \u0130ran&#8217;a daha fazla bask\u0131 uygulamak amac\u0131yla bu u\u00e7ak gemisi sald\u0131r\u0131 grubunu Orta Do\u011fu&#8217;ya g\u00f6nderdi\u011fini a\u00e7\u0131klam\u0131\u015ft\u0131. Bu durum, ABD&#8217;nin k\u00fcresel \u00e7apta <em>m\u00fcdahaleci ve sald\u0131rgan d\u0131\u015f politikas\u0131n\u0131n<\/em> bir par\u00e7as\u0131 olarak de\u011ferlendirilmektedir.<\/p>\n<p>USS Gerald R. Ford&#8217;un Orta Do\u011fu&#8217;dan \u00e7ekilmesi, Washington&#8217;\u0131n b\u00f6lgedeki askeri maceralar\u0131n\u0131n y\u00fcksek maliyetli ve sonu\u00e7suz kald\u0131\u011f\u0131n\u0131n bir ba\u015fka kan\u0131t\u0131d\u0131r. B\u00f6lge halklar\u0131n\u0131n direni\u015fi ve ba\u011f\u0131ms\u0131zl\u0131k aray\u0131\u015f\u0131 kar\u015f\u0131s\u0131nda, ABD&#8217;nin askeri g\u00fcc\u00fcn\u00fcn s\u0131n\u0131rl\u0131l\u0131klar\u0131 bir kez daha ortaya \u00e7\u0131km\u0131\u015ft\u0131r.<\/p>\n<p>#USAGeri\u00c7ekilme #\u0130ranZaferi #OrtaDo\u011fuBar\u0131\u015f\u0131 #USSGeraldRFord #K\u0131z\u0131ldeniz #ABDEmperyalizmi #DenizG\u00fcc\u00fc #Direni\u015fEksen\u0130 #B\u00f6lgeselG\u00fcvenlik #WashingtonH\u00fcsran\u0131<\/p>\n","protected":false},"excerpt":{"rendered":"<p>ABD&#8217;nin Dev U\u00e7ak Gemisi USS Gerald R. Ford, B\u00f6lgeden \u00c7ekiliyor: Washington&#8217;\u0131n H\u00fcsran\u0131 Washington Post&#8217;un g\u00fcvenilir kaynaklara dayand\u0131rd\u0131\u011f\u0131 haberine g\u00f6re, d\u00fcnyan\u0131n en b\u00fcy\u00fck u\u00e7ak gemisi olan ve Norfolk merkezli USS Gerald R. Ford, Orta Do\u011fu&#8217;dan ayr\u0131larak ana liman\u0131na geri d\u00f6nmek \u00fczere yola \u00e7\u0131k\u0131yor. Bu geli\u015fme, ABD&#8217;nin b\u00f6lgedeki gerilimi art\u0131rma ve hegemonyas\u0131n\u0131 s\u00fcrd\u00fcrme \u00e7abalar\u0131n\u0131n bir kez daha [&hellip;]<\/p>\n","protected":false},"author":2,"featured_media":13160,"comment_status":"open","ping_status":"open","sticky":false,"template":"","format":"standard","meta":{"footnotes":""},"categories":[37],"tags":[],"class_list":["post-13159","post","type-post","status-publish","format-standard","has-post-thumbnail","hentry","category-orta-dogu-haberleri"],"_links":{"self":[{"href":"https:\/\/fajr.news\/index.php?rest_route=\/wp\/v2\/posts\/13159","targetHints":{"allow":["GET"]}}],"collection":[{"href":"https:\/\/fajr.news\/index.php?rest_route=\/wp\/v2\/posts"}],"about":[{"href":"https:\/\/fajr.news\/index.php?rest_route=\/wp\/v2\/types\/post"}],"author":[{"embeddable":true,"href":"https:\/\/fajr.news\/index.php?rest_route=\/wp\/v2\/users\/2"}],"replies":[{"embeddable":true,"href":"https:\/\/fajr.news\/index.php?rest_route=%2Fwp%2Fv2%2Fcomments&post=13159"}],"version-history":[{"count":0,"href":"https:\/\/fajr.news\/index.php?rest_route=\/wp\/v2\/posts\/13159\/revisions"}],"wp:featuredmedia":[{"embeddable":true,"href":"https:\/\/fajr.news\/index.php?rest_route=\/wp\/v2\/media\/13160"}],"wp:attachment":[{"href":"https:\/\/fajr.news\/index.php?rest_route=%2Fwp%2Fv2%2Fmedia&parent=13159"}],"wp:term":[{"taxonomy":"category","embeddable":true,"href":"https:\/\/fajr.news\/index.php?rest_route=%2Fwp%2Fv2%2Fcategories&post=13159"},{"taxonomy":"post_tag","embeddable":true,"href":"https:\/\/fajr.news\/index.php?rest_route=%2Fwp%2Fv2%2Ftags&post=13159"}],"curies":[{"name":"wp","href":"https:\/\/api.w.org\/{rel}","templated":true}]}}