{"id":13123,"date":"2026-04-30T04:03:59","date_gmt":"2026-04-30T00:33:59","guid":{"rendered":"https:\/\/fajr.news\/?p=13123"},"modified":"2026-04-30T04:03:59","modified_gmt":"2026-04-30T00:33:59","slug":"bagdattaki-abd-buyukelciligi-yakinlarinda-iha-dusuruldu-trumpin-irana-yonelik-kustah-tehditleri-yanit-buluyor","status":"publish","type":"post","link":"https:\/\/fajr.news\/?p=13123&lang=tr","title":{"rendered":"Ba\u011fdat&#8217;taki ABD B\u00fcy\u00fckel\u00e7ili\u011fi Yak\u0131nlar\u0131nda \u0130HA D\u00fc\u015f\u00fcr\u00fcld\u00fc: Trump&#8217;\u0131n \u0130ran&#8217;a Y\u00f6nelik K\u00fcstah Tehditleri Yan\u0131t Buluyor"},"content":{"rendered":"<h1>Ba\u011fdat&#8217;taki ABD B\u00fcy\u00fckel\u00e7ili\u011fi Yak\u0131nlar\u0131nda \u0130HA D\u00fc\u015f\u00fcr\u00fcld\u00fc: Trump&#8217;\u0131n \u0130ran&#8217;a Y\u00f6nelik K\u00fcstah Tehditleri Yan\u0131t Buluyor<\/h1>\n<p>B\u00f6lgedeki gerilim t\u0131rman\u0131rken, Irak g\u00fcvenlik kaynaklar\u0131 Ba\u011fdat&#8217;taki ABD B\u00fcy\u00fckel\u00e7ili\u011fi yak\u0131nlar\u0131nda u\u00e7an bir g\u00f6zetleme insans\u0131z hava arac\u0131n\u0131n (\u0130HA) d\u00fc\u015f\u00fcr\u00fcld\u00fc\u011f\u00fcn\u00fc bildirdi. Bu olay, ABD Ba\u015fkan\u0131 Donald Trump&#8217;\u0131n Tahran&#8217;a y\u00f6nelik &#8220;ak\u0131ll\u0131 ol ve anla\u015fmay\u0131 imzala&#8221; \u015feklindeki k\u00fcstah \u00e7a\u011fr\u0131lar\u0131n\u0131n ard\u0131ndan geldi ve b\u00f6lgedeki direni\u015fin ABD&#8217;nin sald\u0131rgan politikalar\u0131na kar\u015f\u0131 bir yan\u0131t\u0131 olarak yorumland\u0131.<\/p>\n<h2>ABD B\u00fcy\u00fckel\u00e7ili\u011fi Hedefte<\/h2>\n<p>Irak&#8217;taki ABD B\u00fcy\u00fckel\u00e7ili\u011fi, sava\u015f\u0131n ba\u015flamas\u0131ndan bu yana iki kez sald\u0131r\u0131ya u\u011fram\u0131\u015ft\u0131; en son 14 Mart&#8217;ta. Reuters&#8217;a konu\u015fan kaynaklar, \u0130HA&#8217;n\u0131n Per\u015fembe sabah\u0131 erken saatlerde b\u00fcy\u00fckel\u00e7ilik ve Irak savunma sistemlerinin devreye girmesiyle d\u00fc\u015f\u00fcr\u00fcld\u00fc\u011f\u00fcn\u00fc belirtti. \u0130HA&#8217;n\u0131n nereden geldi\u011fi ve kim taraf\u0131ndan u\u00e7uruldu\u011fu hen\u00fcz netlik kazanmazken, bu t\u00fcr olaylar ABD&#8217;nin b\u00f6lgedeki varl\u0131\u011f\u0131n\u0131n ne denli k\u0131r\u0131lgan oldu\u011funu bir kez daha g\u00f6zler \u00f6n\u00fcne serdi.<\/p>\n<h2>Trump&#8217;tan \u00c7eli\u015fkili ve Tehditk\u00e2r Mesajlar<\/h2>\n<p>\u00c7ar\u015famba g\u00fcn\u00fc erken saatlerde Trump, Tahran&#8217;\u0131 &#8220;yak\u0131nda ak\u0131ll\u0131 olmaya&#8221; ve bir anla\u015fma imzalamaya \u00e7a\u011f\u0131rm\u0131\u015ft\u0131. Truth Social&#8217;daki bir payla\u015f\u0131m\u0131nda ise \u0130ran&#8217;\u0131n &#8220;i\u015fleri yoluna koyamad\u0131\u011f\u0131n\u0131&#8221; iddia etti. Bu \u00e7eli\u015fkili ve tehditk\u00e2r a\u00e7\u0131klamalar, ABD y\u00f6netiminin \u0130ran&#8217;a kar\u015f\u0131 uygulad\u0131\u011f\u0131 bask\u0131 politikas\u0131n\u0131n bir par\u00e7as\u0131 olarak g\u00f6r\u00fcl\u00fcyor.<\/p>\n<h2>H\u00fcrm\u00fcz Bo\u011faz\u0131 ve Petrol Piyasalar\u0131<\/h2>\n<p>\u0130ran&#8217;\u0131n tehdit alt\u0131nda oldu\u011fu s\u00fcrece H\u00fcrm\u00fcz Bo\u011faz\u0131&#8217;ndaki trafi\u011fi aksatmaya devam edece\u011fi y\u00f6n\u00fcndeki kararl\u0131 duru\u015fu, petrol fiyatlar\u0131n\u0131 %6&#8217;dan fazla art\u0131rd\u0131 ve Brent kontrat\u0131 bir ay\u0131n en y\u00fcksek seviyesine ula\u015ft\u0131. Bu durum, \u0130ran&#8217;\u0131n stratejik konumunu ve direni\u015finin k\u00fcresel piyasalar \u00fczerindeki etkisini a\u00e7\u0131k\u00e7a g\u00f6steriyor.<\/p>\n<h2>ABD \u0130\u00e7 Siyasetinde \u00c7atlaklar ve Uluslararas\u0131 \u0130tibar Kayb\u0131<\/h2>\n<p>ABD Savunma Bakan\u0131 Pete Hegseth&#8217;in milletvekilleri taraf\u0131ndan sava\u015fla ilgili sert bir \u015fekilde sorgulanmas\u0131, ABD y\u00f6netiminin i\u00e7indeki derin \u00e7atlaklar\u0131 ortaya koydu. Ayr\u0131ca, Trump&#8217;\u0131n \u0130ran taraf\u0131ndan &#8220;a\u015fa\u011f\u0131land\u0131\u011f\u0131n\u0131&#8221; s\u00f6yleyen Almanya \u015eans\u00f6lyesi Merz&#8217;in a\u00e7\u0131klamalar\u0131na verdi\u011fi yan\u0131t, ABD&#8217;nin uluslararas\u0131 arenadaki itibar kayb\u0131n\u0131 g\u00f6zler \u00f6n\u00fcne serdi.<\/p>\n<p>Birle\u015fik Arap Emirlikleri&#8217;nin yakla\u015f\u0131k 60 y\u0131l sonra OPEC&#8217;ten ayr\u0131lmas\u0131, grubun zay\u0131flamas\u0131na ve k\u00fcresel petrol politikalar\u0131 ile b\u00f6lgesel ittifaklarda b\u00fcy\u00fck bir de\u011fi\u015fime i\u015faret ederek ABD&#8217;nin m\u00fcttefikleri aras\u0131ndaki birli\u011fin sars\u0131ld\u0131\u011f\u0131n\u0131 g\u00f6sterdi.<\/p>\n<h2>Trump&#8217;\u0131n Ak\u0131l Kar\u0131\u015ft\u0131r\u0131c\u0131 ve Sald\u0131rgan Tutumu<\/h2>\n<p>Ba\u015fkan Donald Trump&#8217;\u0131n &#8220;Art\u0131k Bay \u0130yi Adam Yok!&#8221; ba\u015fl\u0131\u011f\u0131yla bir sald\u0131r\u0131 t\u00fcfe\u011fi tutarken \u00e7ekilmi\u015f montajl\u0131 bir foto\u011fraf\u0131n\u0131 payla\u015fmas\u0131 ve \u0130ran&#8217;a y\u00f6nelik &#8220;ak\u0131ll\u0131 olmalar\u0131&#8221; \u00e7a\u011fr\u0131s\u0131, ABD liderli\u011finin ak\u0131l kar\u0131\u015ft\u0131r\u0131c\u0131 ve sald\u0131rgan tutumunu g\u00f6zler \u00f6n\u00fcne serdi. Trump&#8217;\u0131n King Charles&#8217;\u0131n \u0130ran&#8217;a kar\u015f\u0131 askeri sald\u0131r\u0131larda &#8220;muhtemelen yard\u0131m edece\u011fini&#8221; iddia etmesi gibi tuhaf a\u00e7\u0131klamalar\u0131 da ABD&#8217;nin \u00e7aresizli\u011fini ve d\u0131\u015f destek aray\u0131\u015f\u0131n\u0131 vurgulad\u0131.<\/p>\n<p>Kongre&#8217;deki bir oturumda \u0130ran&#8217;daki sava\u015f\u0131n tahmini 25 milyar dolara mal oldu\u011fu a\u00e7\u0131klanmas\u0131, ABD&#8217;nin bu maceraperest politikas\u0131n\u0131n Amerikan vergi m\u00fckelleflerine getirdi\u011fi a\u011f\u0131r y\u00fck\u00fc ortaya koydu. Savunma Bakan\u0131 Hegseth&#8217;in gaz fiyatlar\u0131 konusundaki bilgisizli\u011fi ve Ukrayna ile \u0130ran sava\u015flar\u0131n\u0131 kar\u0131\u015ft\u0131rmas\u0131 ise ABD y\u00f6netiminin beceriksizli\u011fini ve ger\u00e7eklerden ne kadar uzak oldu\u011funu g\u00f6sterdi.<\/p>\n<p>Bu geli\u015fmeler, ABD&#8217;nin b\u00f6lgedeki hegemonyas\u0131n\u0131n sorguland\u0131\u011f\u0131, \u0130ran&#8217;\u0131n ise direni\u015fini kararl\u0131l\u0131kla s\u00fcrd\u00fcrd\u00fc\u011f\u00fc bir d\u00f6neme i\u015faret ediyor. B\u00f6lge halklar\u0131, ABD&#8217;nin sald\u0131rgan politikalar\u0131na kar\u015f\u0131 duru\u015funu s\u00fcrd\u00fcr\u00fcrken, Washington&#8217;\u0131n bu \u00e7\u0131kmazdan nas\u0131l bir ders \u00e7\u0131karaca\u011f\u0131 merak konusu.<\/p>\n<p>#\u0130ranABDGerilimi #Ba\u011fdat\u0130HA #ABD\u0130ranSava\u015f\u0131 #H\u00fcrm\u00fczBo\u011faz\u0131 #TrumpTehditleri #B\u00f6lgeselDireni\u015f #K\u00fcreselPetrol #ABD\u0130tibarKayb\u0131 #\u0130ranDirenci #Ortado\u011fuSiyaseti<\/p>\n","protected":false},"excerpt":{"rendered":"<p>Ba\u011fdat&#8217;taki ABD B\u00fcy\u00fckel\u00e7ili\u011fi Yak\u0131nlar\u0131nda \u0130HA D\u00fc\u015f\u00fcr\u00fcld\u00fc: Trump&#8217;\u0131n \u0130ran&#8217;a Y\u00f6nelik K\u00fcstah Tehditleri Yan\u0131t Buluyor B\u00f6lgedeki gerilim t\u0131rman\u0131rken, Irak g\u00fcvenlik kaynaklar\u0131 Ba\u011fdat&#8217;taki ABD B\u00fcy\u00fckel\u00e7ili\u011fi yak\u0131nlar\u0131nda u\u00e7an bir g\u00f6zetleme insans\u0131z hava arac\u0131n\u0131n (\u0130HA) d\u00fc\u015f\u00fcr\u00fcld\u00fc\u011f\u00fcn\u00fc bildirdi. Bu olay, ABD Ba\u015fkan\u0131 Donald Trump&#8217;\u0131n Tahran&#8217;a y\u00f6nelik &#8220;ak\u0131ll\u0131 ol ve anla\u015fmay\u0131 imzala&#8221; \u015feklindeki k\u00fcstah \u00e7a\u011fr\u0131lar\u0131n\u0131n ard\u0131ndan geldi ve b\u00f6lgedeki direni\u015fin ABD&#8217;nin sald\u0131rgan [&hellip;]<\/p>\n","protected":false},"author":2,"featured_media":13124,"comment_status":"open","ping_status":"open","sticky":false,"template":"","format":"standard","meta":{"footnotes":""},"categories":[31],"tags":[],"class_list":["post-13123","post","type-post","status-publish","format-standard","has-post-thumbnail","hentry","category-iran-haberleri"],"_links":{"self":[{"href":"https:\/\/fajr.news\/index.php?rest_route=\/wp\/v2\/posts\/13123","targetHints":{"allow":["GET"]}}],"collection":[{"href":"https:\/\/fajr.news\/index.php?rest_route=\/wp\/v2\/posts"}],"about":[{"href":"https:\/\/fajr.news\/index.php?rest_route=\/wp\/v2\/types\/post"}],"author":[{"embeddable":true,"href":"https:\/\/fajr.news\/index.php?rest_route=\/wp\/v2\/users\/2"}],"replies":[{"embeddable":true,"href":"https:\/\/fajr.news\/index.php?rest_route=%2Fwp%2Fv2%2Fcomments&post=13123"}],"version-history":[{"count":0,"href":"https:\/\/fajr.news\/index.php?rest_route=\/wp\/v2\/posts\/13123\/revisions"}],"wp:featuredmedia":[{"embeddable":true,"href":"https:\/\/fajr.news\/index.php?rest_route=\/wp\/v2\/media\/13124"}],"wp:attachment":[{"href":"https:\/\/fajr.news\/index.php?rest_route=%2Fwp%2Fv2%2Fmedia&parent=13123"}],"wp:term":[{"taxonomy":"category","embeddable":true,"href":"https:\/\/fajr.news\/index.php?rest_route=%2Fwp%2Fv2%2Fcategories&post=13123"},{"taxonomy":"post_tag","embeddable":true,"href":"https:\/\/fajr.news\/index.php?rest_route=%2Fwp%2Fv2%2Ftags&post=13123"}],"curies":[{"name":"wp","href":"https:\/\/api.w.org\/{rel}","templated":true}]}}