{"id":13099,"date":"2026-04-30T03:39:35","date_gmt":"2026-04-30T00:09:35","guid":{"rendered":"https:\/\/fajr.news\/?p=13099"},"modified":"2026-04-30T03:39:35","modified_gmt":"2026-04-30T00:09:35","slug":"totalenergiesin-orta-dogu-petrol-ve-dogal-gaz-uretimi-belirsiz-sureyle-durdu","status":"publish","type":"post","link":"https:\/\/fajr.news\/?p=13099&lang=tr","title":{"rendered":"TotalEnergies&#8217;in Orta Do\u011fu Petrol ve Do\u011fal Gaz \u00dcretimi Belirsiz S\u00fcreyle Durdu"},"content":{"rendered":"<article>\n<header>\n<h1>TotalEnergies&#8217;in Orta Do\u011fu Petrol ve Do\u011fal Gaz \u00dcretimi Belirsiz S\u00fcreyle Durdu<\/h1>\n<p>B\u00f6lgedeki \u00e7at\u0131\u015fmalar nedeniyle \u015firketin \u00fcretiminin \u00f6nemli bir k\u0131sm\u0131 \u00e7evrimd\u0131\u015f\u0131 kald\u0131.<\/p>\n<\/header>\n<section>\n<p>Frans\u0131z enerji devi TotalEnergies, Orta Do\u011fu&#8217;daki petrol ve do\u011fal gaz \u00fcretiminin yakla\u015f\u0131k <strong>y\u00fczde 15&#8217;inin<\/strong> belirsiz bir s\u00fcreyle durdu\u011funu a\u00e7\u0131klad\u0131. \u015eirket, b\u00f6lgede devam eden ve sonu g\u00f6r\u00fcnmeyen \u00e7at\u0131\u015fmalar nedeniyle \u00fcretimin ne zaman yeniden ba\u015flayaca\u011f\u0131na dair herhangi bir zaman \u00e7izelgesi sunmad\u0131.<\/p>\n<p>Bu durum, k\u00fcresel enerji piyasalar\u0131nda endi\u015felere yol a\u00e7arken, TotalEnergies i\u00e7in de \u00f6nemli bir operasyonel aksakl\u0131k anlam\u0131na geliyor.<\/p>\n<\/section>\n<section>\n<h2>Etkilenen B\u00f6lgeler ve Olas\u0131 S\u00fcre\u00e7<\/h2>\n<ul>\n<li>\u00dcretim kesintileri \u00f6zellikle <strong>Irak, Katar ve Birle\u015fik Arap Emirlikleri&#8217;ndeki<\/strong> hacimleri etkiliyor.<\/li>\n<li>\u015eirket yetkilileri, \u00fcretimin yeniden ba\u015flamas\u0131n\u0131n <strong>\u00fc\u00e7 aya kadar<\/strong> s\u00fcrebilece\u011fini belirtiyor.<\/li>\n<\/ul>\n<p>Bu kesintiye ra\u011fmen, y\u00fckselen emtia fiyatlar\u0131 TotalEnergies&#8217;in mali tablolar\u0131na olumlu yans\u0131yarak \u015firketin kar marjlar\u0131n\u0131 desteklemeye devam ediyor. Ancak, uzun vadeli \u00fcretim kesintileri ve b\u00f6lgesel istikrars\u0131zl\u0131k, \u015firketin gelecekteki stratejileri \u00fczerinde bask\u0131 olu\u015fturabilir.<\/p>\n<\/section>\n<footer>\n<p>B\u00f6lgedeki jeopolitik gerilimler, enerji arz g\u00fcvenli\u011fi konusunda yeni tart\u0131\u015fmalar\u0131 da beraberinde getiriyor.<\/p>\n<\/footer>\n<\/article>\n<p>#TotalEnergies #OrtaDo\u011fu #Petrol\u00dcretimi #Do\u011falGaz #EnerjiPiyasas\u0131 #Jeopolitik #\u00dcretimKesintisi #Irak #Katar #BAE<\/p>\n","protected":false},"excerpt":{"rendered":"<p>TotalEnergies&#8217;in Orta Do\u011fu Petrol ve Do\u011fal Gaz \u00dcretimi Belirsiz S\u00fcreyle Durdu B\u00f6lgedeki \u00e7at\u0131\u015fmalar nedeniyle \u015firketin \u00fcretiminin \u00f6nemli bir k\u0131sm\u0131 \u00e7evrimd\u0131\u015f\u0131 kald\u0131. Frans\u0131z enerji devi TotalEnergies, Orta Do\u011fu&#8217;daki petrol ve do\u011fal gaz \u00fcretiminin yakla\u015f\u0131k y\u00fczde 15&#8217;inin belirsiz bir s\u00fcreyle durdu\u011funu a\u00e7\u0131klad\u0131. \u015eirket, b\u00f6lgede devam eden ve sonu g\u00f6r\u00fcnmeyen \u00e7at\u0131\u015fmalar nedeniyle \u00fcretimin ne zaman yeniden ba\u015flayaca\u011f\u0131na dair [&hellip;]<\/p>\n","protected":false},"author":2,"featured_media":13100,"comment_status":"open","ping_status":"open","sticky":false,"template":"","format":"standard","meta":{"footnotes":""},"categories":[37],"tags":[],"class_list":["post-13099","post","type-post","status-publish","format-standard","has-post-thumbnail","hentry","category-orta-dogu-haberleri"],"_links":{"self":[{"href":"https:\/\/fajr.news\/index.php?rest_route=\/wp\/v2\/posts\/13099","targetHints":{"allow":["GET"]}}],"collection":[{"href":"https:\/\/fajr.news\/index.php?rest_route=\/wp\/v2\/posts"}],"about":[{"href":"https:\/\/fajr.news\/index.php?rest_route=\/wp\/v2\/types\/post"}],"author":[{"embeddable":true,"href":"https:\/\/fajr.news\/index.php?rest_route=\/wp\/v2\/users\/2"}],"replies":[{"embeddable":true,"href":"https:\/\/fajr.news\/index.php?rest_route=%2Fwp%2Fv2%2Fcomments&post=13099"}],"version-history":[{"count":0,"href":"https:\/\/fajr.news\/index.php?rest_route=\/wp\/v2\/posts\/13099\/revisions"}],"wp:featuredmedia":[{"embeddable":true,"href":"https:\/\/fajr.news\/index.php?rest_route=\/wp\/v2\/media\/13100"}],"wp:attachment":[{"href":"https:\/\/fajr.news\/index.php?rest_route=%2Fwp%2Fv2%2Fmedia&parent=13099"}],"wp:term":[{"taxonomy":"category","embeddable":true,"href":"https:\/\/fajr.news\/index.php?rest_route=%2Fwp%2Fv2%2Fcategories&post=13099"},{"taxonomy":"post_tag","embeddable":true,"href":"https:\/\/fajr.news\/index.php?rest_route=%2Fwp%2Fv2%2Ftags&post=13099"}],"curies":[{"name":"wp","href":"https:\/\/api.w.org\/{rel}","templated":true}]}}