{"id":13091,"date":"2026-04-30T03:29:08","date_gmt":"2026-04-29T23:59:08","guid":{"rendered":"https:\/\/fajr.news\/?p=13091"},"modified":"2026-04-30T03:29:08","modified_gmt":"2026-04-29T23:59:08","slug":"dunya-saglik-orgutu-orta-dogu-catismasi-nedeniyle-hastane-ve-saglik-calisanlarina-yonelik-saldirilar-artiyor","status":"publish","type":"post","link":"https:\/\/fajr.news\/?p=13091&lang=tr","title":{"rendered":"D\u00fcnya Sa\u011fl\u0131k \u00d6rg\u00fct\u00fc: Orta Do\u011fu \u00c7at\u0131\u015fmas\u0131 Nedeniyle Hastane ve Sa\u011fl\u0131k \u00c7al\u0131\u015fanlar\u0131na Y\u00f6nelik Sald\u0131r\u0131lar Art\u0131yor"},"content":{"rendered":"<p>CENEVRE, 29 Nisan (Reuters) &#8211; D\u00fcnya Sa\u011fl\u0131k \u00d6rg\u00fct\u00fc (DS\u00d6) \u00c7ar\u015famba g\u00fcn\u00fc yapt\u0131\u011f\u0131 a\u00e7\u0131klamada, Orta Do\u011fu&#8217;daki son \u00e7at\u0131\u015fman\u0131n ba\u015flamas\u0131ndan bu yana sa\u011fl\u0131k tesislerine ve \u00e7al\u0131\u015fanlar\u0131na y\u00f6nelik sald\u0131r\u0131lar\u0131n k\u00fcresel \u00e7apta artt\u0131\u011f\u0131n\u0131 ve belirgin bir y\u00fckseli\u015f kaydetti\u011fini bildirdi.<\/p>\n<p>DS\u00d6&#8217;den yap\u0131lan a\u00e7\u0131klamaya g\u00f6re, ABD ve \u0130srail&#8217;in \u015eubat ay\u0131 sonunda \u0130ran&#8217;a hava sald\u0131r\u0131lar\u0131 d\u00fczenlemesinden \u00f6nce, bu t\u00fcr tesislere ve personele y\u00f6nelik k\u00fcresel sald\u0131r\u0131lar\u0131n g\u00fcnl\u00fck ortalamas\u0131 yakla\u015f\u0131k 3,7 iken, bu say\u0131 \u015fimdi 4,3&#8217;e y\u00fckseldi.<\/p>\n<p>DS\u00d6 Acil Sa\u011fl\u0131k M\u00fcdahaleleri Direkt\u00f6r\u00fc Altaf Musani, Cenevre&#8217;de gazetecilere yapt\u0131\u011f\u0131 a\u00e7\u0131klamada, &#8220;Bu durum, sa\u011fl\u0131\u011f\u0131n a\u00e7\u0131k\u00e7a hedef al\u0131nd\u0131\u011f\u0131n\u0131 g\u00f6steriyor&#8221; dedi. Sald\u0131r\u0131lar, hastanelerin ve kliniklerin hava sald\u0131r\u0131lar\u0131 ve top\u00e7u ate\u015fiyle vurulmas\u0131n\u0131n yan\u0131 s\u0131ra sa\u011fl\u0131k \u00e7al\u0131\u015fanlar\u0131n\u0131n tutuklanmas\u0131 ve sindirilmesini de i\u00e7eriyor. Musani, &#8220;Sa\u011fl\u0131\u011fa en \u00e7ok ihtiya\u00e7 duyuldu\u011fu anda sald\u0131r\u0131ya u\u011fruyor&#8230; Bu sald\u0131r\u0131lar, i\u015flevsellik \u00fczerinde derin bir etki yarat\u0131yor&#8221; diye ekledi.<\/p>\n<p>DS\u00d6&#8217;ye g\u00f6re, Orta Do\u011fu&#8217;daki son \u00e7at\u0131\u015fman\u0131n ba\u015flamas\u0131ndan bu yana b\u00f6lgede 50 hastane ve \u00f6zel sa\u011fl\u0131k merkezi kapat\u0131ld\u0131 ve 16 hastane hasar g\u00f6rd\u00fc.<\/p>\n<p>Sald\u0131r\u0131lar\u0131 defalarca k\u0131nayan ve sorumluluk \u00e7a\u011fr\u0131s\u0131 yapan DS\u00d6 Genel Direkt\u00f6r\u00fc Tedros Adhanom Ghebreyesus, L\u00fcbnan&#8217;da sa\u011fl\u0131k hizmetlerine y\u00f6nelik 149 sald\u0131r\u0131n\u0131n tespit edildi\u011fi vakay\u0131 \u00f6zellikle vurgulad\u0131. \u0130ran destekli militan grup Hizbullah&#8217;\u0131n \u0130srail mevzilerine ate\u015f a\u00e7mas\u0131 ve \u0130srail&#8217;in misilleme olarak hava ve kara operasyonlar\u0131 ba\u015flatmas\u0131yla 2 Mart&#8217;tan bu yana \u0130srail&#8217;in L\u00fcbnan genelindeki hava sald\u0131r\u0131lar\u0131nda 2.500&#8217;den fazla ki\u015fi hayat\u0131n\u0131 kaybetti. Birle\u015fmi\u015f Milletler \u0130nsan Haklar\u0131 Ofisi ge\u00e7en ay, \u0130srail&#8217;in L\u00fcbnan&#8217;daki sa\u011fl\u0131k \u00e7al\u0131\u015fanlar\u0131 da dahil olmak \u00fczere sivillere y\u00f6nelik sald\u0131r\u0131lar\u0131n\u0131n sava\u015f su\u00e7u te\u015fkil edebilece\u011fini belirtmi\u015fti. \u0130srail ise sa\u011fl\u0131k \u00e7al\u0131\u015fanlar\u0131n\u0131 hedef ald\u0131\u011f\u0131n\u0131 defalarca reddederek, Hizbullah mevzilerini hedef ald\u0131\u011f\u0131n\u0131 savunuyor. Ghebreyesus, \u015eubat ay\u0131 sonundan bu yana \u0130ran&#8217;da da sa\u011fl\u0131k tesislerine y\u00f6nelik 26 sald\u0131r\u0131n\u0131n rapor edildi\u011fini s\u00f6zlerine ekledi.<\/p>\n<p>DS\u00d6, sa\u011fl\u0131k tesislerine y\u00f6nelik sald\u0131r\u0131lar\u0131n, \u015fu anda yaln\u0131zca bir tam te\u015fekk\u00fcll\u00fc hastanenin i\u015flevsel oldu\u011fu Gazze&#8217;de ve hastanelerin sadece %54&#8217;\u00fcn\u00fcn tam kapasiteyle \u00e7al\u0131\u015ft\u0131\u011f\u0131 Sudan&#8217;da da sa\u011fl\u0131k hizmeti sunumunu derinden etkiledi\u011fini bildirdi.<\/p>\n<p>#DS\u00d6 #Sa\u011fl\u0131kSald\u0131r\u0131lar\u0131 #OrtaDo\u011fu\u00c7at\u0131\u015fmas\u0131 #Sava\u015fSu\u00e7lar\u0131 #Sa\u011fl\u0131k\u00c7al\u0131\u015fanlar\u0131 #HastaneSald\u0131r\u0131lar\u0131 #Gazze #L\u00fcbnan #\u0130ran #\u0130nsaniKriz<\/p>\n","protected":false},"excerpt":{"rendered":"<p>CENEVRE, 29 Nisan (Reuters) &#8211; D\u00fcnya Sa\u011fl\u0131k \u00d6rg\u00fct\u00fc (DS\u00d6) \u00c7ar\u015famba g\u00fcn\u00fc yapt\u0131\u011f\u0131 a\u00e7\u0131klamada, Orta Do\u011fu&#8217;daki son \u00e7at\u0131\u015fman\u0131n ba\u015flamas\u0131ndan bu yana sa\u011fl\u0131k tesislerine ve \u00e7al\u0131\u015fanlar\u0131na y\u00f6nelik sald\u0131r\u0131lar\u0131n k\u00fcresel \u00e7apta artt\u0131\u011f\u0131n\u0131 ve belirgin bir y\u00fckseli\u015f kaydetti\u011fini bildirdi. DS\u00d6&#8217;den yap\u0131lan a\u00e7\u0131klamaya g\u00f6re, ABD ve \u0130srail&#8217;in \u015eubat ay\u0131 sonunda \u0130ran&#8217;a hava sald\u0131r\u0131lar\u0131 d\u00fczenlemesinden \u00f6nce, bu t\u00fcr tesislere ve personele [&hellip;]<\/p>\n","protected":false},"author":2,"featured_media":13092,"comment_status":"open","ping_status":"open","sticky":false,"template":"","format":"standard","meta":{"footnotes":""},"categories":[37],"tags":[],"class_list":["post-13091","post","type-post","status-publish","format-standard","has-post-thumbnail","hentry","category-orta-dogu-haberleri"],"_links":{"self":[{"href":"https:\/\/fajr.news\/index.php?rest_route=\/wp\/v2\/posts\/13091","targetHints":{"allow":["GET"]}}],"collection":[{"href":"https:\/\/fajr.news\/index.php?rest_route=\/wp\/v2\/posts"}],"about":[{"href":"https:\/\/fajr.news\/index.php?rest_route=\/wp\/v2\/types\/post"}],"author":[{"embeddable":true,"href":"https:\/\/fajr.news\/index.php?rest_route=\/wp\/v2\/users\/2"}],"replies":[{"embeddable":true,"href":"https:\/\/fajr.news\/index.php?rest_route=%2Fwp%2Fv2%2Fcomments&post=13091"}],"version-history":[{"count":0,"href":"https:\/\/fajr.news\/index.php?rest_route=\/wp\/v2\/posts\/13091\/revisions"}],"wp:featuredmedia":[{"embeddable":true,"href":"https:\/\/fajr.news\/index.php?rest_route=\/wp\/v2\/media\/13092"}],"wp:attachment":[{"href":"https:\/\/fajr.news\/index.php?rest_route=%2Fwp%2Fv2%2Fmedia&parent=13091"}],"wp:term":[{"taxonomy":"category","embeddable":true,"href":"https:\/\/fajr.news\/index.php?rest_route=%2Fwp%2Fv2%2Fcategories&post=13091"},{"taxonomy":"post_tag","embeddable":true,"href":"https:\/\/fajr.news\/index.php?rest_route=%2Fwp%2Fv2%2Ftags&post=13091"}],"curies":[{"name":"wp","href":"https:\/\/api.w.org\/{rel}","templated":true}]}}