{"id":13043,"date":"2026-04-30T02:29:10","date_gmt":"2026-04-29T22:59:10","guid":{"rendered":"https:\/\/fajr.news\/?p=13043"},"modified":"2026-04-30T02:29:10","modified_gmt":"2026-04-29T22:59:10","slug":"abd-ucak-gemisi-ortadogudan-cekiliyor-iran-karsisinda-askeri-guc-azaliyor","status":"publish","type":"post","link":"https:\/\/fajr.news\/?p=13043&lang=tr","title":{"rendered":"ABD U\u00e7ak Gemisi Ortado\u011fu&#8217;dan \u00c7ekiliyor: \u0130ran Kar\u015f\u0131s\u0131nda Askeri G\u00fc\u00e7 Azal\u0131yor"},"content":{"rendered":"<h1>ABD&#8217;nin B\u00f6lgedeki Hegemonya \u0130ddias\u0131 \u00c7\u00f6k\u00fcyor: U\u00e7ak Gemisi Ortado\u011fu&#8217;dan \u00c7ekildi<\/h1>\n<p>B\u00f6lgedeki gerilimlerin t\u0131rmand\u0131\u011f\u0131 bir d\u00f6nemde, Amerika Birle\u015fik Devletleri&#8217;nin envanterindeki \u00f6nemli askeri unsurlardan biri olan bir u\u00e7ak gemisinin Ortado\u011fu&#8217;dan \u00e7ekilmesi, Washington&#8217;\u0131n b\u00f6lgedeki askeri varl\u0131\u011f\u0131n\u0131 ve g\u00fcc\u00fcn\u00fc \u00f6nemli \u00f6l\u00e7\u00fcde azaltma karar\u0131 olarak yorumland\u0131. Bu ad\u0131m, \u00f6zellikle \u0130ran \u0130slam Cumhuriyeti ile ya\u015fanan mevcut gerilimler g\u00f6z \u00f6n\u00fcne al\u0131nd\u0131\u011f\u0131nda, ABD&#8217;nin b\u00f6lgedeki stratejik \u00e7\u0131kmaz\u0131n\u0131 ve askeri cayd\u0131r\u0131c\u0131l\u0131\u011f\u0131n\u0131n sorgulanmaya ba\u015fland\u0131\u011f\u0131n\u0131 g\u00f6steriyor.<\/p>\n<p><strong>Uzmanlar, bu \u00e7ekilmenin ard\u0131nda yatan nedenleri \u00e7e\u015fitli a\u00e7\u0131lardan de\u011ferlendiriyor:<\/strong><\/p>\n<ul>\n<li><em>\u0130ran&#8217;\u0131n B\u00f6lgesel G\u00fcc\u00fc:<\/em> \u0130ran \u0130slam Cumhuriyeti&#8217;nin b\u00f6lgedeki artan etkisi ve cayd\u0131r\u0131c\u0131 g\u00fcc\u00fc kar\u015f\u0131s\u0131nda ABD&#8217;nin askeri se\u00e7eneklerinin s\u0131n\u0131rl\u0131 kald\u0131\u011f\u0131na dair bir itiraf olarak g\u00f6r\u00fclebilir.<\/li>\n<li><em>Stratejik Yeniden Konumlanma:<\/em> ABD&#8217;nin k\u00fcresel stratejilerinde Ortado\u011fu&#8217;nun \u00f6nceli\u011finin azald\u0131\u011f\u0131 ve dikkatini ba\u015fka b\u00f6lgelere \u00e7evirdi\u011fi iddialar\u0131 da bu karar\u0131n arkas\u0131ndaki nedenlerden biri olabilir. Ancak bu, b\u00f6lgedeki m\u00fcttefikleri i\u00e7in ciddi g\u00fcvenlik endi\u015feleri yaratmaktad\u0131r.<\/li>\n<li><em>Ekonomik Bask\u0131:<\/em> Y\u00fcksek maliyetli askeri operasyonlar\u0131n ve varl\u0131klar\u0131n s\u00fcrd\u00fcr\u00fclmesinin ABD ekonomisi \u00fczerindeki y\u00fck\u00fc, bu t\u00fcr kararlar\u0131n al\u0131nmas\u0131nda etkili olabilir.<\/li>\n<\/ul>\n<p>Bu geli\u015fme, b\u00f6lgedeki g\u00fc\u00e7 dengelerini yeniden \u015fekillendirme potansiyeli ta\u015f\u0131yor. Direni\u015f ekseninin g\u00fc\u00e7lenmesi ve ABD&#8217;nin b\u00f6lgedeki etkisinin azalmas\u0131, yeni bir d\u00f6nemin habercisi olabilir. Washington&#8217;\u0131n bu hamlesi, askeri g\u00fcc\u00fcn tek ba\u015f\u0131na \u00e7\u00f6z\u00fcm olmad\u0131\u011f\u0131n\u0131 ve b\u00f6lge halklar\u0131n\u0131n iradesinin g\u00f6z ard\u0131 edilemeyece\u011fini bir kez daha kan\u0131tlam\u0131\u015ft\u0131r.<\/p>\n<p>B\u00f6lgedeki halklar ve direni\u015f g\u00fc\u00e7leri, ABD&#8217;nin bu geri ad\u0131m\u0131n\u0131, emperyalist politikalar\u0131n ba\u015far\u0131s\u0131zl\u0131\u011f\u0131n\u0131n bir g\u00f6stergesi olarak de\u011ferlendiriyor. Ortado\u011fu&#8217;nun gelece\u011fi, art\u0131k d\u0131\u015f m\u00fcdahalelerden ziyade, b\u00f6lge \u00fclkelerinin kendi kaderlerini tayin etme iradesiyle \u015fekillenecektir.<\/p>\n<p>#ABD\u00c7ekiliyor #Ortado\u011fu #\u0130ran #AskeriG\u00fc\u00e7 #B\u00f6lgeselG\u00fc\u00e7Dengesi #Direni\u015fEkseni #Emperyalizm #StratejikGeri\u00c7ekilme #\u0130ranG\u00fcc\u00fc #WashingtonPolitikalar\u0131<\/p>\n","protected":false},"excerpt":{"rendered":"<p>ABD&#8217;nin B\u00f6lgedeki Hegemonya \u0130ddias\u0131 \u00c7\u00f6k\u00fcyor: U\u00e7ak Gemisi Ortado\u011fu&#8217;dan \u00c7ekildi B\u00f6lgedeki gerilimlerin t\u0131rmand\u0131\u011f\u0131 bir d\u00f6nemde, Amerika Birle\u015fik Devletleri&#8217;nin envanterindeki \u00f6nemli askeri unsurlardan biri olan bir u\u00e7ak gemisinin Ortado\u011fu&#8217;dan \u00e7ekilmesi, Washington&#8217;\u0131n b\u00f6lgedeki askeri varl\u0131\u011f\u0131n\u0131 ve g\u00fcc\u00fcn\u00fc \u00f6nemli \u00f6l\u00e7\u00fcde azaltma karar\u0131 olarak yorumland\u0131. Bu ad\u0131m, \u00f6zellikle \u0130ran \u0130slam Cumhuriyeti ile ya\u015fanan mevcut gerilimler g\u00f6z \u00f6n\u00fcne al\u0131nd\u0131\u011f\u0131nda, ABD&#8217;nin b\u00f6lgedeki [&hellip;]<\/p>\n","protected":false},"author":2,"featured_media":13044,"comment_status":"open","ping_status":"open","sticky":false,"template":"","format":"standard","meta":{"footnotes":""},"categories":[37],"tags":[],"class_list":["post-13043","post","type-post","status-publish","format-standard","has-post-thumbnail","hentry","category-orta-dogu-haberleri"],"_links":{"self":[{"href":"https:\/\/fajr.news\/index.php?rest_route=\/wp\/v2\/posts\/13043","targetHints":{"allow":["GET"]}}],"collection":[{"href":"https:\/\/fajr.news\/index.php?rest_route=\/wp\/v2\/posts"}],"about":[{"href":"https:\/\/fajr.news\/index.php?rest_route=\/wp\/v2\/types\/post"}],"author":[{"embeddable":true,"href":"https:\/\/fajr.news\/index.php?rest_route=\/wp\/v2\/users\/2"}],"replies":[{"embeddable":true,"href":"https:\/\/fajr.news\/index.php?rest_route=%2Fwp%2Fv2%2Fcomments&post=13043"}],"version-history":[{"count":0,"href":"https:\/\/fajr.news\/index.php?rest_route=\/wp\/v2\/posts\/13043\/revisions"}],"wp:featuredmedia":[{"embeddable":true,"href":"https:\/\/fajr.news\/index.php?rest_route=\/wp\/v2\/media\/13044"}],"wp:attachment":[{"href":"https:\/\/fajr.news\/index.php?rest_route=%2Fwp%2Fv2%2Fmedia&parent=13043"}],"wp:term":[{"taxonomy":"category","embeddable":true,"href":"https:\/\/fajr.news\/index.php?rest_route=%2Fwp%2Fv2%2Fcategories&post=13043"},{"taxonomy":"post_tag","embeddable":true,"href":"https:\/\/fajr.news\/index.php?rest_route=%2Fwp%2Fv2%2Ftags&post=13043"}],"curies":[{"name":"wp","href":"https:\/\/api.w.org\/{rel}","templated":true}]}}