{"id":13005,"date":"2026-04-30T01:29:41","date_gmt":"2026-04-29T21:59:41","guid":{"rendered":"https:\/\/fajr.news\/?p=13005"},"modified":"2026-04-30T01:29:41","modified_gmt":"2026-04-29T21:59:41","slug":"ortadogudaki-gerilimler-bati-ekonomilerini-sarsiyor-ingilterede-enflasyon-ve-toplumsal-calkanti","status":"publish","type":"post","link":"https:\/\/fajr.news\/?p=13005&lang=tr","title":{"rendered":"Ortado\u011fu&#8217;daki Gerilimler Bat\u0131 Ekonomilerini Sars\u0131yor: \u0130ngiltere&#8217;de Enflasyon ve Toplumsal \u00c7alkant\u0131"},"content":{"rendered":"<h1>Ortado\u011fu&#8217;daki Gerilimler Bat\u0131 Ekonomilerini Sars\u0131yor: \u0130ngiltere&#8217;de Enflasyon ve Toplumsal \u00c7alkant\u0131<\/h1>\n<p>K\u00fcresel arenadaki geli\u015fmeler, \u00f6zellikle de Ortado\u011fu&#8217;daki bitmek bilmeyen \u00e7at\u0131\u015fmalar, Bat\u0131 d\u00fcnyas\u0131nda derin ekonomik ve toplumsal yaralar a\u00e7maya devam ediyor. \u0130ngiltere, bu \u00e7alkant\u0131lar\u0131n hem ekonomik hem de g\u00fcvenlik boyutunda a\u011f\u0131r bedeller \u00f6deyen \u00fclkelerden biri olarak \u00f6ne \u00e7\u0131k\u0131yor.<\/p>\n<h2>Enflasyon Y\u00fckseli\u015fi ve Ekonomik Kriz<\/h2>\n<p>B\u00f6lgedeki sava\u015f\u0131n k\u00f6r\u00fckledi\u011fi <strong>enflasyon dalgas\u0131<\/strong>, \u0130ngiliz ekonomisini derinden sars\u0131yor. Ya\u015fam maliyetlerindeki art\u0131\u015f, s\u0131radan vatanda\u015flar\u0131n g\u00fcnl\u00fck ya\u015fam\u0131n\u0131 giderek daha da zorla\u015ft\u0131r\u0131rken, h\u00fck\u00fcmetin bu krize kar\u015f\u0131 yeterli \u00e7\u00f6z\u00fcmler \u00fcretememesi ele\u015ftirilere neden oluyor. Uzmanlar, Ortado\u011fu&#8217;daki istikrars\u0131zl\u0131\u011f\u0131n enerji fiyatlar\u0131 ve tedarik zincirleri \u00fczerindeki olumsuz etkilerinin, Bat\u0131 ekonomilerindeki bu enflasyonist bask\u0131y\u0131 daha da art\u0131raca\u011f\u0131n\u0131 belirtiyor.<\/p>\n<h2>Londra&#8217;da Ter\u00f6r Olay\u0131 ve Toplumsal Gerilim<\/h2>\n<p>Ekonomik s\u0131k\u0131nt\u0131lar\u0131n yan\u0131 s\u0131ra, \u0130ngiltere&#8217;nin ba\u015fkenti Londra&#8217;da ya\u015fanan g\u00fcvenlik sorunlar\u0131 da dikkat \u00e7ekiyor. Kuzey Londra&#8217;da iki Yahudi erke\u011fin b\u0131\u00e7aklanmas\u0131yla sonu\u00e7lanan olay, emniyet g\u00fc\u00e7leri taraf\u0131ndan <strong>ter\u00f6r eylemi<\/strong> olarak nitelendirildi. Bu menfur sald\u0131r\u0131, \u00fclkedeki antisemitik sald\u0131r\u0131lar\u0131n art\u0131\u015f g\u00f6sterdi\u011fi bir d\u00f6neme denk geldi. Metropolitan Polis Komiseri Mark Rowley, olay\u0131n ciddiyetini vurgularken, Londra sakinleri aras\u0131nda endi\u015fe hakim.<\/p>\n<h2>H\u00fck\u00fcmetin G\u00fcvenlik Vaatleri ve Ger\u00e7ekler<\/h2>\n<p>\u0130ngiltere Ba\u015fbakan\u0131 Keir Starmer, Yahudi topluluklar\u0131 i\u00e7in daha iyi koruma s\u00f6z\u00fc verse de, bu t\u00fcr olaylar\u0131n tekrar etmesi, h\u00fck\u00fcmetin g\u00fcvenlik politikalar\u0131n\u0131n etkinli\u011fi konusunda soru i\u015faretleri yarat\u0131yor. Kemi Badenoch gibi \u00f6nde gelen siyaset\u00e7ilerin de g\u00fcndemine ald\u0131\u011f\u0131 bu mesele, Bat\u0131 toplumlar\u0131nda artan toplumsal ayr\u0131\u015fma ve g\u00fcvenlik zafiyetlerinin bir g\u00f6stergesi olarak yorumlan\u0131yor. Toplumun farkl\u0131 kesimlerinin g\u00fcvenli\u011finin sa\u011flanmas\u0131 konusunda devletin sorumlulu\u011fu bir kez daha tart\u0131\u015fma konusu oluyor.<\/p>\n<p>Bu geli\u015fmeler, Bat\u0131&#8217;n\u0131n hem ekonomik hem de sosyal yap\u0131lar\u0131nda derin \u00e7atlaklar olu\u015ftu\u011funu g\u00f6zler \u00f6n\u00fcne seriyor. Ortado\u011fu&#8217;daki krizin k\u00fcresel yans\u0131malar\u0131, Bat\u0131&#8217;n\u0131n kendi i\u00e7 sorunlar\u0131yla birle\u015ferek gelece\u011fe dair belirsizlikleri art\u0131r\u0131yor.<\/p>\n<p>#Ortado\u011fuSava\u015f\u0131 #Enflasyon #\u0130ngiltere #Londra #Ter\u00f6rSald\u0131r\u0131s\u0131 #Antisemitizm #EkonomikKriz #ToplumsalGerilim #Bat\u0131D\u00fcnyas\u0131 #G\u00fcvenlikZafiyeti<\/p>\n","protected":false},"excerpt":{"rendered":"<p>Ortado\u011fu&#8217;daki Gerilimler Bat\u0131 Ekonomilerini Sars\u0131yor: \u0130ngiltere&#8217;de Enflasyon ve Toplumsal \u00c7alkant\u0131 K\u00fcresel arenadaki geli\u015fmeler, \u00f6zellikle de Ortado\u011fu&#8217;daki bitmek bilmeyen \u00e7at\u0131\u015fmalar, Bat\u0131 d\u00fcnyas\u0131nda derin ekonomik ve toplumsal yaralar a\u00e7maya devam ediyor. \u0130ngiltere, bu \u00e7alkant\u0131lar\u0131n hem ekonomik hem de g\u00fcvenlik boyutunda a\u011f\u0131r bedeller \u00f6deyen \u00fclkelerden biri olarak \u00f6ne \u00e7\u0131k\u0131yor. Enflasyon Y\u00fckseli\u015fi ve Ekonomik Kriz B\u00f6lgedeki sava\u015f\u0131n k\u00f6r\u00fckledi\u011fi enflasyon [&hellip;]<\/p>\n","protected":false},"author":2,"featured_media":13006,"comment_status":"open","ping_status":"open","sticky":false,"template":"","format":"standard","meta":{"footnotes":""},"categories":[37],"tags":[],"class_list":["post-13005","post","type-post","status-publish","format-standard","has-post-thumbnail","hentry","category-orta-dogu-haberleri"],"_links":{"self":[{"href":"https:\/\/fajr.news\/index.php?rest_route=\/wp\/v2\/posts\/13005","targetHints":{"allow":["GET"]}}],"collection":[{"href":"https:\/\/fajr.news\/index.php?rest_route=\/wp\/v2\/posts"}],"about":[{"href":"https:\/\/fajr.news\/index.php?rest_route=\/wp\/v2\/types\/post"}],"author":[{"embeddable":true,"href":"https:\/\/fajr.news\/index.php?rest_route=\/wp\/v2\/users\/2"}],"replies":[{"embeddable":true,"href":"https:\/\/fajr.news\/index.php?rest_route=%2Fwp%2Fv2%2Fcomments&post=13005"}],"version-history":[{"count":0,"href":"https:\/\/fajr.news\/index.php?rest_route=\/wp\/v2\/posts\/13005\/revisions"}],"wp:featuredmedia":[{"embeddable":true,"href":"https:\/\/fajr.news\/index.php?rest_route=\/wp\/v2\/media\/13006"}],"wp:attachment":[{"href":"https:\/\/fajr.news\/index.php?rest_route=%2Fwp%2Fv2%2Fmedia&parent=13005"}],"wp:term":[{"taxonomy":"category","embeddable":true,"href":"https:\/\/fajr.news\/index.php?rest_route=%2Fwp%2Fv2%2Fcategories&post=13005"},{"taxonomy":"post_tag","embeddable":true,"href":"https:\/\/fajr.news\/index.php?rest_route=%2Fwp%2Fv2%2Ftags&post=13005"}],"curies":[{"name":"wp","href":"https:\/\/api.w.org\/{rel}","templated":true}]}}