{"id":12931,"date":"2026-04-29T23:29:29","date_gmt":"2026-04-29T19:59:29","guid":{"rendered":"https:\/\/fajr.news\/?p=12931"},"modified":"2026-04-29T23:29:29","modified_gmt":"2026-04-29T19:59:29","slug":"heathrowda-perakende-performansi-orta-dogu-etkisi-konusundaki-ihtiyatli-yaklasima-ragmen-ilk-ceyrekte-trafik-buyumesini-geride-birakti","status":"publish","type":"post","link":"https:\/\/fajr.news\/?p=12931&lang=tr","title":{"rendered":"Heathrow&#8217;da perakende performans\u0131, Orta Do\u011fu etkisi konusundaki ihtiyatl\u0131 yakla\u015f\u0131ma ra\u011fmen ilk \u00e7eyrekte trafik b\u00fcy\u00fcmesini geride b\u0131rakt\u0131"},"content":{"rendered":"<p>Londra Heathrow Havaliman\u0131, y\u0131l\u0131n ilk \u00e7eyre\u011finde (Ocak-Mart) dikkat \u00e7ekici bir perakende performans\u0131na imza att\u0131. Havaliman\u0131 yetkililerinden yap\u0131lan a\u00e7\u0131klamaya g\u00f6re, perakende sat\u0131\u015f gelirleri, yolcu trafi\u011findeki art\u0131\u015f oran\u0131n\u0131 geride b\u0131rakarak g\u00fc\u00e7l\u00fc bir b\u00fcy\u00fcme kaydetti. Bu durum, \u00f6zellikle Orta Do\u011fu&#8217;daki jeopolitik gerilimler ve b\u00f6lgesel istikrars\u0131zl\u0131\u011f\u0131n potansiyel etkileri konusunda s\u00fcregelen ihtiyatl\u0131 yakla\u015f\u0131ma ra\u011fmen ger\u00e7ekle\u015fti.<\/p>\n<p>Havaliman\u0131 y\u00f6netimi, yolcu say\u0131lar\u0131nda g\u00f6zle g\u00f6r\u00fcl\u00fcr bir art\u0131\u015f ya\u015fand\u0131\u011f\u0131n\u0131 belirtirken, al\u0131\u015fveri\u015f ve yeme-i\u00e7me harcamalar\u0131ndaki y\u00fckseli\u015fin genel performansa olumlu katk\u0131 sa\u011flad\u0131\u011f\u0131n\u0131 vurgulad\u0131. Analistler, bu ba\u015far\u0131n\u0131n, havaliman\u0131n\u0131n sundu\u011fu \u00e7e\u015fitlendirilmi\u015f perakende se\u00e7enekleri ve yolcular\u0131n seyahat deneyimlerini zenginle\u015ftirme aray\u0131\u015f\u0131yla ili\u015fkili olabilece\u011fini belirtiyor. Ancak, Orta Do\u011fu&#8217;daki geli\u015fmelerin uluslararas\u0131 seyahat ve t\u00fcketici harcamalar\u0131 \u00fczerindeki uzun vadeli etkileri yak\u0131ndan takip edilmeye devam ediliyor. Heathrow, bu belirsizliklere kar\u015f\u0131 esnekli\u011fini koruyarak operasyonel ve ticari stratejilerini dikkatle s\u00fcrd\u00fcr\u00fcyor.<\/p>\n<p>#Heathrow #Havaliman\u0131 #Perakende #Ekonomi #TrafikB\u00fcy\u00fcmesi #OrtaDo\u011fu #Jeopolitik #Seyahat #T\u00fcketim #Finans<\/p>\n","protected":false},"excerpt":{"rendered":"<p>Londra Heathrow Havaliman\u0131, y\u0131l\u0131n ilk \u00e7eyre\u011finde (Ocak-Mart) dikkat \u00e7ekici bir perakende performans\u0131na imza att\u0131. Havaliman\u0131 yetkililerinden yap\u0131lan a\u00e7\u0131klamaya g\u00f6re, perakende sat\u0131\u015f gelirleri, yolcu trafi\u011findeki art\u0131\u015f oran\u0131n\u0131 geride b\u0131rakarak g\u00fc\u00e7l\u00fc bir b\u00fcy\u00fcme kaydetti. Bu durum, \u00f6zellikle Orta Do\u011fu&#8217;daki jeopolitik gerilimler ve b\u00f6lgesel istikrars\u0131zl\u0131\u011f\u0131n potansiyel etkileri konusunda s\u00fcregelen ihtiyatl\u0131 yakla\u015f\u0131ma ra\u011fmen ger\u00e7ekle\u015fti. Havaliman\u0131 y\u00f6netimi, yolcu say\u0131lar\u0131nda g\u00f6zle [&hellip;]<\/p>\n","protected":false},"author":2,"featured_media":12932,"comment_status":"open","ping_status":"open","sticky":false,"template":"","format":"standard","meta":{"footnotes":""},"categories":[37],"tags":[],"class_list":["post-12931","post","type-post","status-publish","format-standard","has-post-thumbnail","hentry","category-orta-dogu-haberleri"],"_links":{"self":[{"href":"https:\/\/fajr.news\/index.php?rest_route=\/wp\/v2\/posts\/12931","targetHints":{"allow":["GET"]}}],"collection":[{"href":"https:\/\/fajr.news\/index.php?rest_route=\/wp\/v2\/posts"}],"about":[{"href":"https:\/\/fajr.news\/index.php?rest_route=\/wp\/v2\/types\/post"}],"author":[{"embeddable":true,"href":"https:\/\/fajr.news\/index.php?rest_route=\/wp\/v2\/users\/2"}],"replies":[{"embeddable":true,"href":"https:\/\/fajr.news\/index.php?rest_route=%2Fwp%2Fv2%2Fcomments&post=12931"}],"version-history":[{"count":0,"href":"https:\/\/fajr.news\/index.php?rest_route=\/wp\/v2\/posts\/12931\/revisions"}],"wp:featuredmedia":[{"embeddable":true,"href":"https:\/\/fajr.news\/index.php?rest_route=\/wp\/v2\/media\/12932"}],"wp:attachment":[{"href":"https:\/\/fajr.news\/index.php?rest_route=%2Fwp%2Fv2%2Fmedia&parent=12931"}],"wp:term":[{"taxonomy":"category","embeddable":true,"href":"https:\/\/fajr.news\/index.php?rest_route=%2Fwp%2Fv2%2Fcategories&post=12931"},{"taxonomy":"post_tag","embeddable":true,"href":"https:\/\/fajr.news\/index.php?rest_route=%2Fwp%2Fv2%2Ftags&post=12931"}],"curies":[{"name":"wp","href":"https:\/\/api.w.org\/{rel}","templated":true}]}}