{"id":12921,"date":"2026-04-29T23:09:07","date_gmt":"2026-04-29T19:39:07","guid":{"rendered":"https:\/\/fajr.news\/?p=12921"},"modified":"2026-04-29T23:09:07","modified_gmt":"2026-04-29T19:39:07","slug":"orta-dogudaki-catismalar-siddetlenirken-enerji-fiyatlari-kuresel-ekonomiyi-tehdit-ediyor","status":"publish","type":"post","link":"https:\/\/fajr.news\/?p=12921&lang=tr","title":{"rendered":"Orta Do\u011fu&#8217;daki \u00c7at\u0131\u015fmalar \u015eiddetlenirken Enerji Fiyatlar\u0131 K\u00fcresel Ekonomiyi Tehdit Ediyor"},"content":{"rendered":"<p><strong><span style=\"color:#c0392b\">Orta Do\u011fu&#8217;da t\u0131rmanan gerilim, d\u00fcnya ekonomisini derinden sarsacak yeni bir enerji krizi tehdidini beraberinde getiriyor.<\/span><\/strong> D\u00fcnya Bankas\u0131 Grubu&#8217;nun son Emtia Piyasalar\u0131 G\u00f6r\u00fcn\u00fcm\u00fc raporu, b\u00f6lgedeki \u00e7at\u0131\u015fmalar\u0131n k\u00fcresel enerji fiyatlar\u0131nda keskin bir y\u00fckseli\u015fe yol a\u00e7aca\u011f\u0131n\u0131 \u00f6ng\u00f6r\u00fcyor. Bu durum, \u00f6zellikle geli\u015fmekte olan \u00fclkeler i\u00e7in y\u0131k\u0131c\u0131 sonu\u00e7lar do\u011furabilir.<\/p>\n<h2><span style=\"color:#2c3e50\">Enerji Fiyatlar\u0131nda Beklenen Y\u00fckseli\u015f: Bir Felaket Senaryosu<\/span><\/h2>\n<p>Rapora g\u00f6re, enerji fiyatlar\u0131n\u0131n 2026 y\u0131l\u0131na kadar %24 oran\u0131nda artarak 2022 Rusya-Ukrayna Sava\u015f\u0131&#8217;ndan bu yana g\u00f6r\u00fclen en y\u00fcksek seviyeye ula\u015fmas\u0131 bekleniyor. Enerji, g\u00fcbre ve temel metallerin maliyetlerindeki art\u0131\u015flar nedeniyle genel emtia fiyatlar\u0131n\u0131n ise %16 y\u00fckselece\u011fi tahmin ediliyor. Bu art\u0131\u015flar, k\u00fcresel tedarik zincirlerinde zaten var olan k\u0131r\u0131lganl\u0131klar\u0131 daha da derinle\u015ftirecek.<\/p>\n<h3><span style=\"color:#2c3e50\">H\u00fcrm\u00fcz Bo\u011faz\u0131&#8217;ndaki Kriz ve Petrol Piyasalar\u0131 \u00dczerindeki Etkisi<\/span><\/h3>\n<p>K\u00fcresel deniz yoluyla ham petrol ticaretinin yakla\u015f\u0131k %35&#8217;inin yap\u0131ld\u0131\u011f\u0131 H\u00fcrm\u00fcz Bo\u011faz\u0131&#8217;ndaki enerji altyap\u0131s\u0131na ve nakliye rotalar\u0131na y\u00f6nelik sald\u0131r\u0131lar, k\u00fcresel petrol arz\u0131nda ciddi aksakl\u0131klara neden oluyor. Bu aksakl\u0131klar, d\u00fcnya petrol arz\u0131n\u0131 ge\u00e7ici olarak \u00f6nemli \u00f6l\u00e7\u00fcde azaltarak b\u00fcy\u00fck bir arz \u015foku tetikledi. Brent ham petrol fiyatlar\u0131, \u00f6nceki seviyelerin olduk\u00e7a \u00fczerine \u00e7\u0131karak 2026&#8217;da varil ba\u015f\u0131na ortalama 86 dolar olarak tahmin ediliyor. Bu durum, k\u00fcresel ekonominin can damar\u0131 olan enerji kaynaklar\u0131n\u0131n ne denli k\u0131r\u0131lgan oldu\u011funu bir kez daha g\u00f6zler \u00f6n\u00fcne seriyor.<\/p>\n<h2><span style=\"color:#2c3e50\">Geli\u015fmekte Olan \u00dclkeler \u0130\u00e7in Y\u0131k\u0131c\u0131 Sonu\u00e7lar<\/span><\/h2>\n<p>Artan enerji maliyetlerinin, enflasyonun y\u00fckselmesi, ekonomik b\u00fcy\u00fcmenin zay\u0131flamas\u0131 ve geli\u015fmekte olan ekonomiler \u00fczerindeki finansal bask\u0131n\u0131n artmas\u0131 gibi geni\u015f kapsaml\u0131 ekonomik sonu\u00e7lar\u0131 olmas\u0131 bekleniyor. Rapor, geli\u015fmekte olan \u00fclkelerde enflasyonun \u00f6nceki beklentilerin \u00fczerine \u00e7\u0131kabilece\u011fi, y\u00fcksek fiyatlar\u0131n hane halk\u0131 gelirlerini ve etkilenen b\u00f6lgelerdeki ihracat performans\u0131n\u0131 d\u00fc\u015f\u00fcrmesiyle b\u00fcy\u00fcmenin yava\u015flayaca\u011f\u0131 konusunda uyar\u0131yor. Bu, emperyalist g\u00fc\u00e7lerin \u00e7\u0131karlar\u0131 u\u011fruna \u00e7\u0131kar\u0131lan sava\u015flar\u0131n bedelini en \u00e7ok yoksul halklar\u0131n \u00f6dedi\u011finin a\u00e7\u0131k bir g\u00f6stergesidir.<\/p>\n<h3><span style=\"color:#2c3e50\">G\u0131da G\u00fcvenli\u011fi Tehdit Alt\u0131nda<\/span><\/h3>\n<p>G\u00fcbre ve g\u0131da piyasalar\u0131 da g\u00fc\u00e7l\u00fc bir bask\u0131yla kar\u015f\u0131 kar\u015f\u0131ya. G\u00fcbre fiyatlar\u0131n\u0131n keskin bir \u015fekilde y\u00fckselmesi ve sat\u0131n al\u0131nabilirli\u011fin 2022&#8217;den bu yana en k\u00f6t\u00fc seviyesine ula\u015fmas\u0131 bekleniyor. Bu durum, tar\u0131msal \u00fcretimi olumsuz etkileyebilir ve g\u0131da g\u00fcvensizli\u011fini art\u0131rabilir. \u00c7at\u0131\u015fman\u0131n devam etmesi halinde, milyonlarca insan\u0131 akut a\u00e7l\u0131\u011fa s\u00fcr\u00fckleme potansiyeli ta\u015f\u0131yor. Bu, insanl\u0131k d\u0131\u015f\u0131 \u00e7at\u0131\u015fmalar\u0131n do\u011frudan bir sonucudur.<\/p>\n<p>Metaller ve g\u00fcvenli liman varl\u0131klar\u0131 da \u00f6nemli fiyat art\u0131\u015flar\u0131 ya\u015f\u0131yor; bak\u0131r ve al\u00fcminyum gibi baz metaller g\u00fc\u00e7l\u00fc end\u00fcstriyel talep nedeniyle rekor seviyelere ula\u015f\u0131rken, de\u011ferli metaller jeopolitik belirsizlik ortam\u0131nda y\u00fckseliyor. Bu e\u011filimler, k\u00fcresel emtia piyasalar\u0131ndaki daha geni\u015f \u00e7apl\u0131 aksakl\u0131klar\u0131 yans\u0131t\u0131yor.<\/p>\n<p>Rapor ayr\u0131ca, jeopolitik \u015foklar\u0131n piyasa oynakl\u0131\u011f\u0131n\u0131 art\u0131rd\u0131\u011f\u0131n\u0131 ve enerji, g\u0131da ve g\u00fcbre piyasalar\u0131nda uzun s\u00fcreli yay\u0131lma etkileri yaratabilece\u011fini belirtiyor. Uzmanlar, h\u00fck\u00fcmetlerin geni\u015f kapsaml\u0131 s\u00fcbvansiyonlar yerine savunmas\u0131z n\u00fcfuslara y\u00f6nelik hedeflenmi\u015f deste\u011fe odaklanmas\u0131 gerekti\u011fi konusunda uyar\u0131yor. Ancak bu uyar\u0131lar, sorunun k\u00f6kenine inmekten uzak kal\u0131yor. S\u00fcrekli istikrars\u0131zl\u0131k, d\u00fc\u015f\u00fck ve orta gelirli \u00fclkelerde enflasyonu, bor\u00e7 y\u00fck\u00fcn\u00fc ve kalk\u0131nma sonu\u00e7lar\u0131n\u0131 daha da k\u00f6t\u00fcle\u015ftirebilir. K\u00fcresel g\u00fc\u00e7lerin b\u00f6lgedeki y\u0131k\u0131c\u0131 politikalar\u0131 sona ermedik\u00e7e, bu krizlerin \u00f6n\u00fcne ge\u00e7mek m\u00fcmk\u00fcn olmayacakt\u0131r.<\/p>\n<p>#OrtaDo\u011fu #EnerjiKrizi #K\u00fcreselEkonomi #Enflasyon #G\u0131daG\u00fcvenli\u011fi #D\u00fcnyaBankas\u0131 #EmtiaPiyasalar\u0131 #H\u00fcrm\u00fczBo\u011faz\u0131 #Geli\u015fmekteOlan\u00dclkeler #JeopolitikGerilim<\/p>\n","protected":false},"excerpt":{"rendered":"<p>Orta Do\u011fu&#8217;da t\u0131rmanan gerilim, d\u00fcnya ekonomisini derinden sarsacak yeni bir enerji krizi tehdidini beraberinde getiriyor. D\u00fcnya Bankas\u0131 Grubu&#8217;nun son Emtia Piyasalar\u0131 G\u00f6r\u00fcn\u00fcm\u00fc raporu, b\u00f6lgedeki \u00e7at\u0131\u015fmalar\u0131n k\u00fcresel enerji fiyatlar\u0131nda keskin bir y\u00fckseli\u015fe yol a\u00e7aca\u011f\u0131n\u0131 \u00f6ng\u00f6r\u00fcyor. Bu durum, \u00f6zellikle geli\u015fmekte olan \u00fclkeler i\u00e7in y\u0131k\u0131c\u0131 sonu\u00e7lar do\u011furabilir. Enerji Fiyatlar\u0131nda Beklenen Y\u00fckseli\u015f: Bir Felaket Senaryosu Rapora g\u00f6re, enerji fiyatlar\u0131n\u0131n [&hellip;]<\/p>\n","protected":false},"author":2,"featured_media":12922,"comment_status":"open","ping_status":"open","sticky":false,"template":"","format":"standard","meta":{"footnotes":""},"categories":[37],"tags":[],"class_list":["post-12921","post","type-post","status-publish","format-standard","has-post-thumbnail","hentry","category-orta-dogu-haberleri"],"_links":{"self":[{"href":"https:\/\/fajr.news\/index.php?rest_route=\/wp\/v2\/posts\/12921","targetHints":{"allow":["GET"]}}],"collection":[{"href":"https:\/\/fajr.news\/index.php?rest_route=\/wp\/v2\/posts"}],"about":[{"href":"https:\/\/fajr.news\/index.php?rest_route=\/wp\/v2\/types\/post"}],"author":[{"embeddable":true,"href":"https:\/\/fajr.news\/index.php?rest_route=\/wp\/v2\/users\/2"}],"replies":[{"embeddable":true,"href":"https:\/\/fajr.news\/index.php?rest_route=%2Fwp%2Fv2%2Fcomments&post=12921"}],"version-history":[{"count":0,"href":"https:\/\/fajr.news\/index.php?rest_route=\/wp\/v2\/posts\/12921\/revisions"}],"wp:featuredmedia":[{"embeddable":true,"href":"https:\/\/fajr.news\/index.php?rest_route=\/wp\/v2\/media\/12922"}],"wp:attachment":[{"href":"https:\/\/fajr.news\/index.php?rest_route=%2Fwp%2Fv2%2Fmedia&parent=12921"}],"wp:term":[{"taxonomy":"category","embeddable":true,"href":"https:\/\/fajr.news\/index.php?rest_route=%2Fwp%2Fv2%2Fcategories&post=12921"},{"taxonomy":"post_tag","embeddable":true,"href":"https:\/\/fajr.news\/index.php?rest_route=%2Fwp%2Fv2%2Ftags&post=12921"}],"curies":[{"name":"wp","href":"https:\/\/api.w.org\/{rel}","templated":true}]}}