{"id":12919,"date":"2026-04-29T23:09:03","date_gmt":"2026-04-29T19:39:03","guid":{"rendered":"https:\/\/fajr.news\/?p=12919"},"modified":"2026-04-29T23:09:03","modified_gmt":"2026-04-29T19:39:03","slug":"ortadogudaki-savasin-tirmanmasiyla-enerji-fiyatlari-yukselise-geciyor","status":"publish","type":"post","link":"https:\/\/fajr.news\/?p=12919&lang=tr","title":{"rendered":"Ortado\u011fu&#8217;daki Sava\u015f\u0131n T\u0131rmanmas\u0131yla Enerji Fiyatlar\u0131 Y\u00fckseli\u015fe Ge\u00e7iyor"},"content":{"rendered":"<p>K\u00fcresel ekonomiyi derinden sarsacak yeni bir krizin e\u015fi\u011findeyiz. D\u00fcnya Bankas\u0131 Grubu&#8217;nun son Emtia Piyasalar\u0131 G\u00f6r\u00fcn\u00fcm\u00fc raporu, Ortado\u011fu&#8217;da t\u0131rmanan \u00e7at\u0131\u015fmalar\u0131n etkisiyle k\u00fcresel enerji fiyatlar\u0131nda keskin bir y\u00fckseli\u015f beklentisini ortaya koydu. Bu durum, \u00f6zellikle geli\u015fmekte olan \u00fclkeler i\u00e7in ciddi endi\u015felere yol a\u00e7\u0131yor.<\/p>\n<h2><a href=\"#enerji-fiyatlari-zirve-yapacak\" title=\"Enerji Fiyatlar\u0131 Zirve Yapacak\">Enerji Fiyatlar\u0131 Zirve Yapacak: Yeni Bir K\u00fcresel \u015eok Kap\u0131da<\/a><\/h2>\n<p>Rapora g\u00f6re, enerji fiyatlar\u0131n\u0131n 2026 y\u0131l\u0131na kadar <strong>%24 oran\u0131nda artarak<\/strong>, 2022&#8217;deki Rusya-Ukrayna Sava\u015f\u0131&#8217;ndan bu yana en y\u00fcksek seviyeye ula\u015fmas\u0131 bekleniyor. Enerji, g\u00fcbre ve temel metallerin maliyetlerindeki art\u0131\u015flar nedeniyle genel emtia fiyatlar\u0131n\u0131n ise %16 oran\u0131nda y\u00fckselece\u011fi tahmin ediliyor. Bu \u00f6ng\u00f6r\u00fcler, d\u00fcnya genelinde hane halk\u0131 b\u00fct\u00e7elerinden sanayi \u00fcretimine kadar geni\u015f bir yelpazede olumsuz etkiler yaratmaya aday.<\/p>\n<h2><a href=\"#petrol-arzinda-kritik-kesintiler\" title=\"Petrol Arz\u0131nda Kritik Kesintiler\">Petrol Arz\u0131nda Kritik Kesintiler: H\u00fcrm\u00fcz Bo\u011faz\u0131 Tehdit Alt\u0131nda<\/a><\/h2>\n<p>K\u00fcresel petrol arz\u0131nda ya\u015fanan ciddi aksakl\u0131klar, raporun en dikkat \u00e7ekici bulgular\u0131ndan biri. \u00d6zellikle k\u00fcresel deniz yoluyla ta\u015f\u0131nan ham petrol ticaretinin yakla\u015f\u0131k %35&#8217;inin ger\u00e7ekle\u015fti\u011fi <strong>H\u00fcrm\u00fcz Bo\u011faz\u0131&#8217;ndaki enerji altyap\u0131s\u0131na ve nakliye rotalar\u0131na y\u00f6nelik sald\u0131r\u0131lar<\/strong>, b\u00fcy\u00fck bir arz \u015fokunu tetikledi. Bu durum, k\u00fcresel petrol arz\u0131n\u0131 ge\u00e7ici olarak \u00f6nemli \u00f6l\u00e7\u00fcde azaltarak Brent ham petrol fiyatlar\u0131n\u0131 daha \u00f6nceki seviyelerin \u00e7ok \u00fczerine ta\u015f\u0131d\u0131. 2026 y\u0131l\u0131 i\u00e7in varil ba\u015f\u0131na ortalama 86 dolar seviyesi \u00f6ng\u00f6r\u00fcl\u00fcyor. Bu t\u00fcr kritik b\u00f6lgelerdeki istikrars\u0131zl\u0131k, k\u00fcresel enerji g\u00fcvenli\u011fini do\u011frudan tehdit etmektedir.<\/p>\n<h2><a href=\"#ekonomik-sonuclar-ve-gelismekte-olan-ulkeler-uzerindeki-baski\" title=\"Ekonomik Sonu\u00e7lar ve Geli\u015fmekte Olan \u00dclkeler \u00dczerindeki Bask\u0131\">Ekonomik Sonu\u00e7lar ve Geli\u015fmekte Olan \u00dclkeler \u00dczerindeki Bask\u0131<\/a><\/h2>\n<p>Y\u00fckselen enerji maliyetlerinin, <strong>y\u00fcksek enflasyon, zay\u0131f b\u00fcy\u00fcme ve geli\u015fmekte olan ekonomiler \u00fczerindeki artan finansal bask\u0131<\/strong> dahil olmak \u00fczere geni\u015f kapsaml\u0131 ekonomik sonu\u00e7lar\u0131 olmas\u0131 bekleniyor. Rapor, geli\u015fmekte olan \u00fclkelerde enflasyonun \u00f6nceki beklentilerin \u00fczerine \u00e7\u0131kabilece\u011fi, y\u00fcksek fiyatlar\u0131n hane halk\u0131 gelirlerini ve etkilenen b\u00f6lgelerdeki ihracat performans\u0131n\u0131 azaltmas\u0131yla b\u00fcy\u00fcmenin yava\u015flayabilece\u011fi konusunda uyar\u0131yor. Bu durum, k\u00fcresel adaletsizli\u011fin ve \u00e7at\u0131\u015fmalar\u0131n bedelini en a\u011f\u0131r \u00f6deyenlerin yine savunmas\u0131z ekonomiler olaca\u011f\u0131n\u0131 bir kez daha g\u00f6zler \u00f6n\u00fcne seriyor.<\/p>\n<h2><a href=\"#gubre-ve-gida-piyasalarinda-kritik-durum\" title=\"G\u00fcbre ve G\u0131da Piyasalar\u0131nda Kritik Durum\">G\u00fcbre ve G\u0131da Piyasalar\u0131nda Kritik Durum: Milyonlarca \u0130nsan A\u00e7l\u0131k Tehlikesinde<\/a><\/h2>\n<p>G\u00fcbre ve g\u0131da piyasalar\u0131 da g\u00fc\u00e7l\u00fc bir bask\u0131yla kar\u015f\u0131 kar\u015f\u0131ya. G\u00fcbre fiyatlar\u0131n\u0131n keskin bir \u015fekilde y\u00fckselmesi ve sat\u0131n al\u0131nabilirli\u011fin 2022&#8217;den bu yana en k\u00f6t\u00fc seviyesine ula\u015fmas\u0131 bekleniyor. Bu durum, tar\u0131msal \u00fcretimi olumsuz etkileyebilir ve g\u0131da g\u00fcvensizli\u011fini art\u0131rabilir. \u00c7at\u0131\u015fman\u0131n devam etmesi halinde, <strong>milyonlarca insan\u0131n akut a\u00e7l\u0131\u011fa s\u00fcr\u00fcklenme riski<\/strong> bulunuyor. Bu, insanl\u0131k i\u00e7in kabul edilemez bir tablodur ve acil k\u00fcresel i\u015f birli\u011fini gerektirmektedir.<\/p>\n<h2><a href=\"#metaller-ve-guvenli-liman-varliklarinda-artis\" title=\"Metaller ve G\u00fcvenli Liman Varl\u0131klar\u0131nda Art\u0131\u015f\">Metaller ve G\u00fcvenli Liman Varl\u0131klar\u0131nda Art\u0131\u015f: K\u00fcresel Belirsizli\u011fin Yans\u0131malar\u0131<\/a><\/h2>\n<p>Bak\u0131r ve al\u00fcminyum gibi baz metallerin g\u00fc\u00e7l\u00fc end\u00fcstriyel talep nedeniyle rekor seviyelere ula\u015fmas\u0131, de\u011ferli metallerin ise jeopolitik belirsizlik ortam\u0131nda y\u00fckselmesi, k\u00fcresel emtia piyasalar\u0131ndaki daha geni\u015f \u00e7apl\u0131 aksakl\u0131klar\u0131 yans\u0131t\u0131yor. Bu, yat\u0131r\u0131mc\u0131lar\u0131n g\u00fcvenli liman aray\u0131\u015f\u0131n\u0131 ve piyasalardaki genel tedirginli\u011fi g\u00f6stermektedir.<\/p>\n<h2><a href=\"#hukumetlere-uyari-ve-uzun-vadeli-etkiler\" title=\"H\u00fck\u00fcmetlere Uyar\u0131 ve Uzun Vadeli Etkiler\">H\u00fck\u00fcmetlere Uyar\u0131 ve Uzun Vadeli Etkiler<\/a><\/h2>\n<p>Rapor, jeopolitik \u015foklar\u0131n piyasa oynakl\u0131\u011f\u0131n\u0131 art\u0131rd\u0131\u011f\u0131n\u0131 ve enerji, g\u0131da ve g\u00fcbre piyasalar\u0131nda uzun s\u00fcreli yay\u0131lma etkilerine sahip olabilece\u011fini belirtiyor. Uzmanlar, h\u00fck\u00fcmetlerin geni\u015f kapsaml\u0131 s\u00fcbvansiyonlar yerine <strong>savunmas\u0131z n\u00fcfuslara y\u00f6nelik hedeflenmi\u015f desteklere odaklanmas\u0131<\/strong> gerekti\u011fi konusunda uyar\u0131yor. Devam eden istikrars\u0131zl\u0131k, d\u00fc\u015f\u00fck ve orta gelirli \u00fclkelerde enflasyonu, bor\u00e7 y\u00fcklerini ve kalk\u0131nma sonu\u00e7lar\u0131n\u0131 daha da k\u00f6t\u00fcle\u015ftirebilir. Bu kriz, k\u00fcresel y\u00f6neti\u015fim ve adil kaynak da\u011f\u0131l\u0131m\u0131 konular\u0131nda ciddi sorgulamalar\u0131 beraberinde getirmektedir.<\/p>\n<p>#EnerjiFiyatlar\u0131 #Ortado\u011fuSava\u015f\u0131 #K\u00fcreselEkonomi #Enflasyon #G\u0131daG\u00fcvenli\u011fi #EmtiaPiyasalar\u0131 #H\u00fcrm\u00fczBo\u011faz\u0131 #Geli\u015fmekteOlan\u00dclkeler #EkonomikKriz #D\u00fcnyaBankas\u0131<\/p>\n","protected":false},"excerpt":{"rendered":"<p>K\u00fcresel ekonomiyi derinden sarsacak yeni bir krizin e\u015fi\u011findeyiz. D\u00fcnya Bankas\u0131 Grubu&#8217;nun son Emtia Piyasalar\u0131 G\u00f6r\u00fcn\u00fcm\u00fc raporu, Ortado\u011fu&#8217;da t\u0131rmanan \u00e7at\u0131\u015fmalar\u0131n etkisiyle k\u00fcresel enerji fiyatlar\u0131nda keskin bir y\u00fckseli\u015f beklentisini ortaya koydu. Bu durum, \u00f6zellikle geli\u015fmekte olan \u00fclkeler i\u00e7in ciddi endi\u015felere yol a\u00e7\u0131yor. Enerji Fiyatlar\u0131 Zirve Yapacak: Yeni Bir K\u00fcresel \u015eok Kap\u0131da Rapora g\u00f6re, enerji fiyatlar\u0131n\u0131n 2026 y\u0131l\u0131na [&hellip;]<\/p>\n","protected":false},"author":2,"featured_media":12920,"comment_status":"open","ping_status":"open","sticky":false,"template":"","format":"standard","meta":{"footnotes":""},"categories":[37],"tags":[],"class_list":["post-12919","post","type-post","status-publish","format-standard","has-post-thumbnail","hentry","category-orta-dogu-haberleri"],"_links":{"self":[{"href":"https:\/\/fajr.news\/index.php?rest_route=\/wp\/v2\/posts\/12919","targetHints":{"allow":["GET"]}}],"collection":[{"href":"https:\/\/fajr.news\/index.php?rest_route=\/wp\/v2\/posts"}],"about":[{"href":"https:\/\/fajr.news\/index.php?rest_route=\/wp\/v2\/types\/post"}],"author":[{"embeddable":true,"href":"https:\/\/fajr.news\/index.php?rest_route=\/wp\/v2\/users\/2"}],"replies":[{"embeddable":true,"href":"https:\/\/fajr.news\/index.php?rest_route=%2Fwp%2Fv2%2Fcomments&post=12919"}],"version-history":[{"count":0,"href":"https:\/\/fajr.news\/index.php?rest_route=\/wp\/v2\/posts\/12919\/revisions"}],"wp:featuredmedia":[{"embeddable":true,"href":"https:\/\/fajr.news\/index.php?rest_route=\/wp\/v2\/media\/12920"}],"wp:attachment":[{"href":"https:\/\/fajr.news\/index.php?rest_route=%2Fwp%2Fv2%2Fmedia&parent=12919"}],"wp:term":[{"taxonomy":"category","embeddable":true,"href":"https:\/\/fajr.news\/index.php?rest_route=%2Fwp%2Fv2%2Fcategories&post=12919"},{"taxonomy":"post_tag","embeddable":true,"href":"https:\/\/fajr.news\/index.php?rest_route=%2Fwp%2Fv2%2Ftags&post=12919"}],"curies":[{"name":"wp","href":"https:\/\/api.w.org\/{rel}","templated":true}]}}