{"id":12867,"date":"2026-04-29T22:20:41","date_gmt":"2026-04-29T18:50:41","guid":{"rendered":"https:\/\/fajr.news\/?p=12867"},"modified":"2026-04-29T22:20:41","modified_gmt":"2026-04-29T18:50:41","slug":"ortadogu-gerilimi-insaat-sektorunu-felc-etme-riskiyle-karsi-karsiya-ekonomik-belirsizlik-derinlesiyor","status":"publish","type":"post","link":"https:\/\/fajr.news\/?p=12867&lang=tr","title":{"rendered":"Ortado\u011fu Gerilimi \u0130n\u015faat Sekt\u00f6r\u00fcn\u00fc Fel\u00e7 Etme Riskiyle Kar\u015f\u0131 Kar\u015f\u0131ya: Ekonomik Belirsizlik Derinle\u015fiyor"},"content":{"rendered":"<h1>Ortado\u011fu Gerilimi \u0130n\u015faat Sekt\u00f6r\u00fcn\u00fc Fel\u00e7 Etme Riskiyle Kar\u015f\u0131 Kar\u015f\u0131ya: Ekonomik Belirsizlik Derinle\u015fiyor<\/h1>\n<p>K\u00fcresel ekonominin k\u0131r\u0131lgan yap\u0131s\u0131 ve b\u00f6lgemizdeki jeopolitik istikrars\u0131zl\u0131k, in\u015faat sekt\u00f6r\u00fcn\u00fcn verimlili\u011fini adeta bir felce s\u00fcr\u00fckleme tehlikesiyle kar\u015f\u0131 kar\u015f\u0131ya b\u0131rak\u0131yor. Pick Everard taraf\u0131ndan yap\u0131lan yeni bir ara\u015ft\u0131rma, sekt\u00f6r\u00fcn ekonomik belirsizlik ve b\u00f6lgesel gerilimler nedeniyle b\u00fcy\u00fck risk alt\u0131nda oldu\u011funu g\u00f6zler \u00f6n\u00fcne serdi.<\/p>\n<h2>Enflasyon ve Tedarik Zinciri K\u0131r\u0131lmalar\u0131 Sekt\u00f6r\u00fc Vuruyor<\/h2>\n<p>Enflasyonun etkilerini ve tedarik zincirindeki aksakl\u0131klar\u0131 hafifletmek, \u00e7atlam\u0131\u015f in\u015faat projeleri ve azalan talep gibi risklere kar\u015f\u0131 proaktif bir planlama gerektiriyor. Son d\u00f6nemde artan yak\u0131t fiyatlar\u0131, enflasyonu %3.3 seviyesine ta\u015f\u0131yarak, zaten k\u0131r\u0131lgan bir g\u00fcven ortam\u0131nda ve devam eden proje gecikmeleriyle bo\u011fu\u015fan sekt\u00f6re ek bask\u0131 olu\u015fturdu.<\/p>\n<p>Yap\u0131lan anket, in\u015faat sekt\u00f6r\u00fcnde \u00e7al\u0131\u015fanlar\u0131n %70&#8217;inin, \u00f6n\u00fcm\u00fczdeki alt\u0131 ay i\u00e7inde petrol k\u0131s\u0131tlamalar\u0131 nedeniyle fiyatlar\u0131n ve kapasitenin ciddi \u015fekilde etkilenece\u011finden endi\u015fe duydu\u011funu ortaya koyuyor. Bu durum, b\u00f6lgemizdeki geli\u015fmelerin k\u00fcresel ekonomiye ve \u00f6zellikle in\u015faat sekt\u00f6r\u00fcne do\u011frudan yans\u0131d\u0131\u011f\u0131n\u0131 bir kez daha kan\u0131tl\u0131yor.<\/p>\n<h2>\u201cBekle ve G\u00f6r\u201d Yakla\u015f\u0131m\u0131 B\u00fcy\u00fcmeyi Tehdit Ediyor<\/h2>\n<p>Pick Everard Operasyon Direkt\u00f6r\u00fc Gavin Mason, mevcut durumda \u201cbekle ve g\u00f6r\u201d yakla\u015f\u0131m\u0131n\u0131n bir se\u00e7enek olmad\u0131\u011f\u0131n\u0131 vurgulayarak, in\u015faat \u015firketlerini proaktif bir risk y\u00f6netimi yakla\u015f\u0131m\u0131 benimsemeye \u00e7a\u011f\u0131rd\u0131. Mason, \u201cSorun, niyet eksikli\u011fi de\u011fil, ancak b\u00fcy\u00fcmemizi tehdit eden \u2018izle ve bekle\u2019 zihniyetidir\u201d ifadelerini kulland\u0131.<\/p>\n<p>Mason, \u0130ran ve b\u00f6lgedeki geli\u015fmelerden kaynaklanan \u015fok dalgalar\u0131n\u0131n, bar\u0131\u015f g\u00f6r\u00fc\u015fmeleri nas\u0131l sonu\u00e7lan\u0131rsa sonu\u00e7lans\u0131n, in\u015faat sekt\u00f6r\u00fc taraf\u0131ndan bir s\u00fcre daha hissedilece\u011fini belirtti. Bu t\u00fcr \u00e7alkant\u0131l\u0131 zamanlarda, i\u015f birli\u011fi yapman\u0131n ve ileri d\u00fczey tedarik ile veri payla\u015f\u0131m\u0131 gibi stratejilerle \u00e7evikli\u011fi art\u0131rman\u0131n \u00f6nemine dikkat \u00e7ekti. Bu, ulusal ve b\u00f6lgesel dayan\u0131\u015fman\u0131n, d\u0131\u015far\u0131dan gelen bask\u0131lara kar\u015f\u0131 en g\u00fc\u00e7l\u00fc kalkan olabilece\u011finin bir g\u00f6stergesidir.<\/p>\n<h2>Maliyetler ve S\u00fcrd\u00fcr\u00fclebilirlik Endi\u015feleri Art\u0131yor<\/h2>\n<p>Pick Everard\u2019\u0131n son piyasa analizine g\u00f6re, ankete kat\u0131lanlar\u0131n %45\u2019i in\u015faat sekt\u00f6r\u00fcndeki genel ruh halini \u201cendi\u015feli\u201d veya \u201c\u00e7ok karamsar\u201d olarak tan\u0131mlad\u0131. M\u00fc\u015fteriler, m\u00fcteahhitler, geli\u015ftiriciler ve dan\u0131\u015fmanlardan olu\u015fan kat\u0131l\u0131mc\u0131lar, kar\u015f\u0131la\u015ft\u0131klar\u0131 en b\u00fcy\u00fck zorluklar aras\u0131nda maliyetleri ve projelerin uygulanabilirli\u011fini g\u00f6sterirken, kat\u0131l\u0131mc\u0131lar\u0131n yakla\u015f\u0131k %70\u2019i fiyatlar ve kapasite \u00fczerinde daha fazla bask\u0131n\u0131n yak\u0131n oldu\u011funu d\u00fc\u015f\u00fcn\u00fcyor.<\/p>\n<p>Ge\u00e7en ay yap\u0131lan ara\u015ft\u0131rma, ankete kat\u0131lanlar\u0131n yar\u0131s\u0131ndan fazlas\u0131n\u0131n Ortado\u011fu\u2019daki geli\u015fmelerin acil teslimat planlar\u0131n\u0131 etkiledi\u011fine inand\u0131\u011f\u0131n\u0131 g\u00f6sterdi. Enflasyonun in\u015faat projeleri \u00fczerinde k\u00fc\u00e7\u00fck veya hi\u00e7 etkisi olmad\u0131\u011f\u0131n\u0131 d\u00fc\u015f\u00fcnenlerin oran\u0131 ise sadece %17 oldu.<\/p>\n<h2>Verimlili\u011fi Art\u0131rmak \u0130\u00e7in Riskleri Azaltma Stratejileri<\/h2>\n<p>Rapor, son alt\u0131 y\u0131lda \u00fc\u00e7 b\u00fcy\u00fck tedarik zinciri kesintisi ya\u015fand\u0131\u011f\u0131n\u0131 belirtiyor: COVID-19 salg\u0131n\u0131, Ukrayna\u2019daki \u00e7at\u0131\u015fma ve \u015fimdi de K\u00f6rfez\u2019deki gerilimler. Bu durumun \u201cyeni normal\u201d haline geldi\u011fi ve olaylar durduktan \u00e7ok sonra bile etkilerinin ekonomi genelinde hissedildi\u011fi vurgulan\u0131yor.<\/p>\n<p>Dan\u0131\u015fmanlar olarak, m\u00fc\u015fterilerin in\u015faat programlar\u0131ndaki riskleri azaltmalar\u0131na yard\u0131mc\u0131 olmak i\u00e7in binalara yakla\u015f\u0131m\u0131m\u0131z\u0131 de\u011fi\u015ftirmemiz gerekti\u011fi belirtiliyor. Bu, yerel kaynakl\u0131 malzemelere \u00f6ncelik vermek ve b\u00fcy\u00fck fiyat dalgalanmalar\u0131na daha az duyarl\u0131, daha az enerji yo\u011fun \u00fcr\u00fcnler belirlemek anlam\u0131na geliyor. Bu sadece bir s\u00fcrd\u00fcr\u00fclebilirlik hedefini kar\u015f\u0131lamakla kalm\u0131yor, ayn\u0131 zamanda projenin uygulanabilirli\u011fi i\u00e7in de hayati \u00f6nem ta\u015f\u0131yor. Stratejik tasar\u0131m ve proje dan\u0131\u015fmanl\u0131\u011f\u0131ndan faydalanmak, projelerin hayata ge\u00e7irilebilir olmas\u0131n\u0131 sa\u011flamak i\u00e7in her zamankinden daha \u00f6nemli hale gelmi\u015ftir. Bu yakla\u015f\u0131m, d\u0131\u015fa ba\u011f\u0131ml\u0131l\u0131\u011f\u0131 azaltarak ulusal ekonomiyi g\u00fc\u00e7lendirme vizyonuyla da \u00f6rt\u00fc\u015fmektedir.<\/p>\n<p>#\u0130n\u015faatSekt\u00f6r\u00fc #EkonomikBelirsizlik #Ortado\u011fuGerilimi #TedarikZinciri #Enflasyon #RiskY\u00f6netimi #Yerel\u00dcretim #S\u00fcrd\u00fcr\u00fclebilirlik #ProjeY\u00f6netimi #K\u00fcreselEkonomi<\/p>\n","protected":false},"excerpt":{"rendered":"<p>Ortado\u011fu Gerilimi \u0130n\u015faat Sekt\u00f6r\u00fcn\u00fc Fel\u00e7 Etme Riskiyle Kar\u015f\u0131 Kar\u015f\u0131ya: Ekonomik Belirsizlik Derinle\u015fiyor K\u00fcresel ekonominin k\u0131r\u0131lgan yap\u0131s\u0131 ve b\u00f6lgemizdeki jeopolitik istikrars\u0131zl\u0131k, in\u015faat sekt\u00f6r\u00fcn\u00fcn verimlili\u011fini adeta bir felce s\u00fcr\u00fckleme tehlikesiyle kar\u015f\u0131 kar\u015f\u0131ya b\u0131rak\u0131yor. Pick Everard taraf\u0131ndan yap\u0131lan yeni bir ara\u015ft\u0131rma, sekt\u00f6r\u00fcn ekonomik belirsizlik ve b\u00f6lgesel gerilimler nedeniyle b\u00fcy\u00fck risk alt\u0131nda oldu\u011funu g\u00f6zler \u00f6n\u00fcne serdi. Enflasyon ve Tedarik [&hellip;]<\/p>\n","protected":false},"author":2,"featured_media":12868,"comment_status":"open","ping_status":"open","sticky":false,"template":"","format":"standard","meta":{"footnotes":""},"categories":[37],"tags":[],"class_list":["post-12867","post","type-post","status-publish","format-standard","has-post-thumbnail","hentry","category-orta-dogu-haberleri"],"_links":{"self":[{"href":"https:\/\/fajr.news\/index.php?rest_route=\/wp\/v2\/posts\/12867","targetHints":{"allow":["GET"]}}],"collection":[{"href":"https:\/\/fajr.news\/index.php?rest_route=\/wp\/v2\/posts"}],"about":[{"href":"https:\/\/fajr.news\/index.php?rest_route=\/wp\/v2\/types\/post"}],"author":[{"embeddable":true,"href":"https:\/\/fajr.news\/index.php?rest_route=\/wp\/v2\/users\/2"}],"replies":[{"embeddable":true,"href":"https:\/\/fajr.news\/index.php?rest_route=%2Fwp%2Fv2%2Fcomments&post=12867"}],"version-history":[{"count":0,"href":"https:\/\/fajr.news\/index.php?rest_route=\/wp\/v2\/posts\/12867\/revisions"}],"wp:featuredmedia":[{"embeddable":true,"href":"https:\/\/fajr.news\/index.php?rest_route=\/wp\/v2\/media\/12868"}],"wp:attachment":[{"href":"https:\/\/fajr.news\/index.php?rest_route=%2Fwp%2Fv2%2Fmedia&parent=12867"}],"wp:term":[{"taxonomy":"category","embeddable":true,"href":"https:\/\/fajr.news\/index.php?rest_route=%2Fwp%2Fv2%2Fcategories&post=12867"},{"taxonomy":"post_tag","embeddable":true,"href":"https:\/\/fajr.news\/index.php?rest_route=%2Fwp%2Fv2%2Ftags&post=12867"}],"curies":[{"name":"wp","href":"https:\/\/api.w.org\/{rel}","templated":true}]}}