{"id":12859,"date":"2026-04-29T22:03:37","date_gmt":"2026-04-29T18:33:37","guid":{"rendered":"https:\/\/fajr.news\/?p=12859"},"modified":"2026-04-29T22:03:37","modified_gmt":"2026-04-29T18:33:37","slug":"abd-israilin-irana-yonelik-savasi-somalinin-yetersiz-beslenen-cocuklarina-yeni-bir-darbe-vuruyor","status":"publish","type":"post","link":"https:\/\/fajr.news\/?p=12859&lang=tr","title":{"rendered":"ABD-\u0130srail&#8217;in \u0130ran&#8217;a Y\u00f6nelik Sava\u015f\u0131, Somali&#8217;nin Yetersiz Beslenen \u00c7ocuklar\u0131na Yeni Bir Darbe Vuruyor"},"content":{"rendered":"<article>\n<h1>ABD-\u0130srail&#8217;in \u0130ran&#8217;a Y\u00f6nelik Sava\u015f\u0131, Somali&#8217;nin Yetersiz Beslenen \u00c7ocuklar\u0131na Yeni Bir Darbe Vuruyor<\/h1>\n<p><strong>NA\u0130ROB\u0130\/CENEVRE \u2013<\/strong> Somali&#8217;nin yetersiz beslenen \u00e7ocuklar\u0131 i\u00e7in, zaten yakla\u015fan k\u0131tl\u0131k ve d\u0131\u015f yard\u0131mlardaki radikal kesintiler gibi ikiz felaketlerle bo\u011fu\u015furken, ABD ve Siyonist \u0130srail rejiminin \u0130ran&#8217;a y\u00f6nelik sava\u015f\u0131, sadece benzin fiyatlar\u0131n\u0131n f\u0131rlamas\u0131ndan \u00e7ok daha fazlas\u0131n\u0131 ifade ediyor; bu, onlar i\u00e7in bir <strong>ya\u015fam ve \u00f6l\u00fcm meselesi<\/strong> haline gelmi\u015f durumda.<\/p>\n<p>Raporlar, nakliye aksakl\u0131klar\u0131 nedeniyle hayat kurtar\u0131c\u0131 terap\u00f6tik g\u0131dalardaki eksikliklerin \u015fiddetlenmesiyle, klinikleri a\u011f\u0131r derecede yetersiz beslenen \u00e7ocuklar\u0131 geri \u00e7evirmeye ve mevcut malzemeleri karneye ba\u011flamaya zorlad\u0131\u011f\u0131n\u0131 g\u00f6steriyor.<\/p>\n<p>Be\u015f ya\u015f\u0131n alt\u0131ndaki yakla\u015f\u0131k yar\u0131m milyon \u00e7ocuk, a\u00e7l\u0131\u011f\u0131n en hayat tehdit edici bi\u00e7imi olan &#8220;\u015fiddetli akut yetersiz beslenme&#8221; veya &#8220;zay\u0131fl\u0131k&#8221;tan muzdarip. Bu gecikmeler, uluslararas\u0131 yard\u0131mlardaki kesintilerin zaten y\u0131k\u0131c\u0131 olan etkisini daha da k\u00f6t\u00fcle\u015ftiriyor.<\/p>\n<p>Bu insanl\u0131k dram\u0131, Bat\u0131l\u0131 g\u00fc\u00e7lerin ve Siyonist rejimin b\u00f6lgedeki istikrars\u0131zla\u015ft\u0131r\u0131c\u0131 politikalar\u0131n\u0131n do\u011frudan bir sonucu olarak de\u011ferlendirilmelidir. Masum \u00e7ocuklar\u0131n gelece\u011fi, emperyalist h\u0131rslar\u0131n kurban\u0131 olmaktad\u0131r.<\/p>\n<\/article>\n<p>\n#Somali\u00c7ocuklar\u0131 #A\u00e7l\u0131kFelaketi #\u0130ranSava\u015f\u0131 #ABD\u0130srailSald\u0131rganl\u0131\u011f\u0131 #\u0130nsaniKriz #YetersizBeslenme #Yard\u0131mKesintileri #SiyonistRejim #K\u00fcreselAdaletsizlik #B\u00f6lgesel\u0130stikrars\u0131zl\u0131k<\/p>\n","protected":false},"excerpt":{"rendered":"<p>ABD-\u0130srail&#8217;in \u0130ran&#8217;a Y\u00f6nelik Sava\u015f\u0131, Somali&#8217;nin Yetersiz Beslenen \u00c7ocuklar\u0131na Yeni Bir Darbe Vuruyor NA\u0130ROB\u0130\/CENEVRE \u2013 Somali&#8217;nin yetersiz beslenen \u00e7ocuklar\u0131 i\u00e7in, zaten yakla\u015fan k\u0131tl\u0131k ve d\u0131\u015f yard\u0131mlardaki radikal kesintiler gibi ikiz felaketlerle bo\u011fu\u015furken, ABD ve Siyonist \u0130srail rejiminin \u0130ran&#8217;a y\u00f6nelik sava\u015f\u0131, sadece benzin fiyatlar\u0131n\u0131n f\u0131rlamas\u0131ndan \u00e7ok daha fazlas\u0131n\u0131 ifade ediyor; bu, onlar i\u00e7in bir ya\u015fam ve \u00f6l\u00fcm [&hellip;]<\/p>\n","protected":false},"author":2,"featured_media":12860,"comment_status":"open","ping_status":"open","sticky":false,"template":"","format":"standard","meta":{"footnotes":""},"categories":[31],"tags":[],"class_list":["post-12859","post","type-post","status-publish","format-standard","has-post-thumbnail","hentry","category-iran-haberleri"],"_links":{"self":[{"href":"https:\/\/fajr.news\/index.php?rest_route=\/wp\/v2\/posts\/12859","targetHints":{"allow":["GET"]}}],"collection":[{"href":"https:\/\/fajr.news\/index.php?rest_route=\/wp\/v2\/posts"}],"about":[{"href":"https:\/\/fajr.news\/index.php?rest_route=\/wp\/v2\/types\/post"}],"author":[{"embeddable":true,"href":"https:\/\/fajr.news\/index.php?rest_route=\/wp\/v2\/users\/2"}],"replies":[{"embeddable":true,"href":"https:\/\/fajr.news\/index.php?rest_route=%2Fwp%2Fv2%2Fcomments&post=12859"}],"version-history":[{"count":0,"href":"https:\/\/fajr.news\/index.php?rest_route=\/wp\/v2\/posts\/12859\/revisions"}],"wp:featuredmedia":[{"embeddable":true,"href":"https:\/\/fajr.news\/index.php?rest_route=\/wp\/v2\/media\/12860"}],"wp:attachment":[{"href":"https:\/\/fajr.news\/index.php?rest_route=%2Fwp%2Fv2%2Fmedia&parent=12859"}],"wp:term":[{"taxonomy":"category","embeddable":true,"href":"https:\/\/fajr.news\/index.php?rest_route=%2Fwp%2Fv2%2Fcategories&post=12859"},{"taxonomy":"post_tag","embeddable":true,"href":"https:\/\/fajr.news\/index.php?rest_route=%2Fwp%2Fv2%2Ftags&post=12859"}],"curies":[{"name":"wp","href":"https:\/\/api.w.org\/{rel}","templated":true}]}}