{"id":12845,"date":"2026-04-29T21:30:16","date_gmt":"2026-04-29T18:00:16","guid":{"rendered":"https:\/\/fajr.news\/?p=12845"},"modified":"2026-04-29T21:30:16","modified_gmt":"2026-04-29T18:00:16","slug":"trump-kralin-orta-dogu-konusunda-kendisiyle-hemfikir-oldugunu-soyledi","status":"publish","type":"post","link":"https:\/\/fajr.news\/?p=12845&lang=tr","title":{"rendered":"Trump, Kral&#8217;\u0131n Orta Do\u011fu Konusunda Kendisiyle Hemfikir Oldu\u011funu S\u00f6yledi"},"content":{"rendered":"<p>Eski ABD Ba\u015fkan\u0131 Donald Trump, bir a\u00e7\u0131klama yaparak, Kral&#8217;\u0131n Orta Do\u011fu politikalar\u0131 konusunda kendisiyle ayn\u0131 g\u00f6r\u00fc\u015fte oldu\u011funu belirtti. Bu a\u00e7\u0131klama, b\u00f6lgedeki diplomatik ili\u015fkiler ve ABD&#8217;nin Orta Do\u011fu stratejileri \u00fczerine yeni tart\u0131\u015fmalar\u0131 beraberinde getirdi.<\/p>\n<p>#Trump #Kral #OrtaDo\u011fu #ABDOrtaDo\u011fu #DiplomatikA\u00e7\u0131klama #SiyasiGeli\u015fme #ABDPolitikas\u0131 #Ortado\u011fuAnla\u015fmas\u0131 #Uluslararas\u0131Haber #Liderler<\/p>\n","protected":false},"excerpt":{"rendered":"<p>Eski ABD Ba\u015fkan\u0131 Donald Trump, bir a\u00e7\u0131klama yaparak, Kral&#8217;\u0131n Orta Do\u011fu politikalar\u0131 konusunda kendisiyle ayn\u0131 g\u00f6r\u00fc\u015fte oldu\u011funu belirtti. Bu a\u00e7\u0131klama, b\u00f6lgedeki diplomatik ili\u015fkiler ve ABD&#8217;nin Orta Do\u011fu stratejileri \u00fczerine yeni tart\u0131\u015fmalar\u0131 beraberinde getirdi. #Trump #Kral #OrtaDo\u011fu #ABDOrtaDo\u011fu #DiplomatikA\u00e7\u0131klama #SiyasiGeli\u015fme #ABDPolitikas\u0131 #Ortado\u011fuAnla\u015fmas\u0131 #Uluslararas\u0131Haber #Liderler<\/p>\n","protected":false},"author":2,"featured_media":12846,"comment_status":"open","ping_status":"open","sticky":false,"template":"","format":"standard","meta":{"footnotes":""},"categories":[37],"tags":[],"class_list":["post-12845","post","type-post","status-publish","format-standard","has-post-thumbnail","hentry","category-orta-dogu-haberleri"],"_links":{"self":[{"href":"https:\/\/fajr.news\/index.php?rest_route=\/wp\/v2\/posts\/12845","targetHints":{"allow":["GET"]}}],"collection":[{"href":"https:\/\/fajr.news\/index.php?rest_route=\/wp\/v2\/posts"}],"about":[{"href":"https:\/\/fajr.news\/index.php?rest_route=\/wp\/v2\/types\/post"}],"author":[{"embeddable":true,"href":"https:\/\/fajr.news\/index.php?rest_route=\/wp\/v2\/users\/2"}],"replies":[{"embeddable":true,"href":"https:\/\/fajr.news\/index.php?rest_route=%2Fwp%2Fv2%2Fcomments&post=12845"}],"version-history":[{"count":0,"href":"https:\/\/fajr.news\/index.php?rest_route=\/wp\/v2\/posts\/12845\/revisions"}],"wp:featuredmedia":[{"embeddable":true,"href":"https:\/\/fajr.news\/index.php?rest_route=\/wp\/v2\/media\/12846"}],"wp:attachment":[{"href":"https:\/\/fajr.news\/index.php?rest_route=%2Fwp%2Fv2%2Fmedia&parent=12845"}],"wp:term":[{"taxonomy":"category","embeddable":true,"href":"https:\/\/fajr.news\/index.php?rest_route=%2Fwp%2Fv2%2Fcategories&post=12845"},{"taxonomy":"post_tag","embeddable":true,"href":"https:\/\/fajr.news\/index.php?rest_route=%2Fwp%2Fv2%2Ftags&post=12845"}],"curies":[{"name":"wp","href":"https:\/\/api.w.org\/{rel}","templated":true}]}}