{"id":12837,"date":"2026-04-29T21:27:26","date_gmt":"2026-04-29T17:57:26","guid":{"rendered":"https:\/\/fajr.news\/?p=12837"},"modified":"2026-04-29T21:27:26","modified_gmt":"2026-04-29T17:57:26","slug":"aapa-mart-ayinda-asya-pasifik-seyahat-talebinde-surekli-buyume-bildirdi-ancak-orta-dogu-catisma-risklerine-dikkat-cekti","status":"publish","type":"post","link":"https:\/\/fajr.news\/?p=12837&lang=tr","title":{"rendered":"AAPA, Mart ay\u0131nda Asya Pasifik seyahat talebinde s\u00fcrekli b\u00fcy\u00fcme bildirdi ancak Orta Do\u011fu \u00e7at\u0131\u015fma risklerine dikkat \u00e7ekti."},"content":{"rendered":"<p>Web sitemizde size en iyi deneyimi sunmak i\u00e7in \u00e7erezleri kullan\u0131yoruz. Kabul etmek veya \u00e7erez ayarlar\u0131n\u0131z\u0131 \u00f6zelle\u015ftirmek i\u00e7in l\u00fctfen a\u015fa\u011f\u0131daki d\u00fc\u011fmelerden birine t\u0131klay\u0131n.<\/p>\n<p>#AsyaPasifikSeyahat #SeyahatTalebi #AAPA #OrtaDo\u011fu\u00c7at\u0131\u015fmas\u0131 #TurizmGeli\u015fmeleri #MartAy\u0131Verileri #K\u00fcreselRiskler #Havac\u0131l\u0131kSekt\u00f6r\u00fc #EkonomikEtkiler #SeyahatEnd\u00fcstrisi<\/p>\n","protected":false},"excerpt":{"rendered":"<p>Web sitemizde size en iyi deneyimi sunmak i\u00e7in \u00e7erezleri kullan\u0131yoruz. Kabul etmek veya \u00e7erez ayarlar\u0131n\u0131z\u0131 \u00f6zelle\u015ftirmek i\u00e7in l\u00fctfen a\u015fa\u011f\u0131daki d\u00fc\u011fmelerden birine t\u0131klay\u0131n. #AsyaPasifikSeyahat #SeyahatTalebi #AAPA #OrtaDo\u011fu\u00c7at\u0131\u015fmas\u0131 #TurizmGeli\u015fmeleri #MartAy\u0131Verileri #K\u00fcreselRiskler #Havac\u0131l\u0131kSekt\u00f6r\u00fc #EkonomikEtkiler #SeyahatEnd\u00fcstrisi<\/p>\n","protected":false},"author":2,"featured_media":12838,"comment_status":"open","ping_status":"open","sticky":false,"template":"","format":"standard","meta":{"footnotes":""},"categories":[37],"tags":[],"class_list":["post-12837","post","type-post","status-publish","format-standard","has-post-thumbnail","hentry","category-orta-dogu-haberleri"],"_links":{"self":[{"href":"https:\/\/fajr.news\/index.php?rest_route=\/wp\/v2\/posts\/12837","targetHints":{"allow":["GET"]}}],"collection":[{"href":"https:\/\/fajr.news\/index.php?rest_route=\/wp\/v2\/posts"}],"about":[{"href":"https:\/\/fajr.news\/index.php?rest_route=\/wp\/v2\/types\/post"}],"author":[{"embeddable":true,"href":"https:\/\/fajr.news\/index.php?rest_route=\/wp\/v2\/users\/2"}],"replies":[{"embeddable":true,"href":"https:\/\/fajr.news\/index.php?rest_route=%2Fwp%2Fv2%2Fcomments&post=12837"}],"version-history":[{"count":0,"href":"https:\/\/fajr.news\/index.php?rest_route=\/wp\/v2\/posts\/12837\/revisions"}],"wp:featuredmedia":[{"embeddable":true,"href":"https:\/\/fajr.news\/index.php?rest_route=\/wp\/v2\/media\/12838"}],"wp:attachment":[{"href":"https:\/\/fajr.news\/index.php?rest_route=%2Fwp%2Fv2%2Fmedia&parent=12837"}],"wp:term":[{"taxonomy":"category","embeddable":true,"href":"https:\/\/fajr.news\/index.php?rest_route=%2Fwp%2Fv2%2Fcategories&post=12837"},{"taxonomy":"post_tag","embeddable":true,"href":"https:\/\/fajr.news\/index.php?rest_route=%2Fwp%2Fv2%2Ftags&post=12837"}],"curies":[{"name":"wp","href":"https:\/\/api.w.org\/{rel}","templated":true}]}}