{"id":12825,"date":"2026-04-29T20:29:09","date_gmt":"2026-04-29T16:59:09","guid":{"rendered":"https:\/\/fajr.news\/?p=12825"},"modified":"2026-04-29T20:29:09","modified_gmt":"2026-04-29T16:59:09","slug":"orta-dogudaki-catisma-ingiltere-ihracatini-beste-bir-oraninda-azaltti","status":"publish","type":"post","link":"https:\/\/fajr.news\/?p=12825&lang=tr","title":{"rendered":"Orta Do\u011fu&#8217;daki \u00c7at\u0131\u015fma \u0130ngiltere \u0130hracat\u0131n\u0131 Be\u015fte Bir Oran\u0131nda Azaltt\u0131"},"content":{"rendered":"<p><title>Orta Do\u011fu&#8217;daki \u00c7at\u0131\u015fma \u0130ngiltere \u0130hracat\u0131n\u0131 Be\u015fte Bir Oran\u0131nda Azaltt\u0131<\/title><\/p>\n<article>\n<header>\n<h1>Orta Do\u011fu&#8217;daki \u00c7at\u0131\u015fma \u0130ngiltere \u0130hracat\u0131n\u0131 Be\u015fte Bir Oran\u0131nda Azaltt\u0131<\/h1>\n<p><strong>Londra \u2013<\/strong> \u0130ngiliz Ticaret Odalar\u0131 (BCC) taraf\u0131ndan yay\u0131mlanan son verilere g\u00f6re, Orta Do\u011fu&#8217;daki devam eden \u00e7at\u0131\u015fmalar, Birle\u015fik Krall\u0131k&#8217;\u0131n ulusal ihracat\u0131n\u0131 \u00f6nemli \u00f6l\u00e7\u00fcde etkileyerek \u00f6zellikle Arap pazarlar\u0131na y\u00f6nelik sevkiyatlarda be\u015fte bir oran\u0131nda d\u00fc\u015f\u00fc\u015fe neden oldu. Bu durum, k\u00fcresel ticaret yollar\u0131ndaki aksakl\u0131klar\u0131n ve jeopolitik risklerin ekonomik etkilerini bir kez daha g\u00f6zler \u00f6n\u00fcne serdi.<\/p>\n<\/header>\n<section>\n<h2>\u0130hracat Verilerinde Endi\u015fe Verici D\u00fc\u015f\u00fc\u015f<\/h2>\n<p>Bulgular, Ticaret Odalar\u0131 taraf\u0131ndan verilen men\u015fe \u015fahadetnamelerinin say\u0131s\u0131na dayan\u0131yor. Bu belgeler, Birle\u015fik Krall\u0131k mallar\u0131n\u0131n Arap Birli\u011fi \u00fclkeleri de dahil olmak \u00fczere bir\u00e7ok \u00fclkeye ihracat\u0131 i\u00e7in gerekli temel g\u00fcmr\u00fck belgeleridir ve ihracat yolculu\u011funun ba\u015f\u0131nda d\u00fczenlenmeleri nedeniyle ticaret ak\u0131\u015flar\u0131 i\u00e7in g\u00fcvenilir bir g\u00f6sterge olarak kabul ediliyor.<\/p>\n<p>Mart 2025&#8217;te 39.457 olan toplam Birle\u015fik Krall\u0131k men\u015fe \u015fahadetnamesi say\u0131s\u0131, bu y\u0131l 35.533&#8217;e d\u00fc\u015ferek %10&#8217;luk bir azalma kaydetti. Ancak as\u0131l dikkat \u00e7ekici d\u00fc\u015f\u00fc\u015f, Arap pazarlar\u0131na y\u00f6nelik sertifikalarda ya\u015fand\u0131. Mart 2025&#8217;te 15.437 olan bu say\u0131, Mart 2026&#8217;da 12.360&#8217;a gerileyerek %20&#8217;lik keskin bir d\u00fc\u015f\u00fc\u015fe i\u015faret etti. Arap olmayan pazarlara y\u00f6nelik sertifikalardaki d\u00fc\u015f\u00fc\u015f ise sadece %4 ile s\u0131n\u0131rl\u0131 kald\u0131 (Mart 2025&#8217;te 24.751&#8217;den Mart 2026&#8217;da 23.785&#8217;e).<\/p>\n<\/section>\n<section>\n<h2>BCC: B\u00f6lgesel \u015eok, Genel Talep Yava\u015flamas\u0131 De\u011fil<\/h2>\n<p>BCC&#8217;ye g\u00f6re, sertifikalardaki bu keskin d\u00fc\u015f\u00fc\u015f, mallar\u0131n ya gecikti\u011fini, ya rotas\u0131n\u0131n de\u011fi\u015ftirildi\u011fini ya da hi\u00e7 sevk edilmedi\u011fini g\u00f6steriyor. Bu farkl\u0131la\u015fma, durumun genel bir talep yava\u015flamas\u0131 olmad\u0131\u011f\u0131n\u0131, aksine Orta Do\u011fu&#8217;daki \u00e7at\u0131\u015fmalar\u0131n t\u0131rmanmas\u0131 ve kilit ticaret koridorlar\u0131ndaki aksakl\u0131klarla tutarl\u0131, b\u00f6lgeye \u00f6zg\u00fc bir \u015fok oldu\u011funu ortaya koyuyor.<\/p>\n<p>Arap Birli\u011fi \u00fclkeleri aras\u0131nda Cezayir, Bahreyn, Komorlar, Cibuti, M\u0131s\u0131r, Irak, \u00dcrd\u00fcn, Kuveyt, L\u00fcbnan, Libya, Moritanya, Fas, Umman, Katar, Suudi Arabistan, Somali, Sudan, Suriye Arap Cumhuriyeti, Tunus, Birle\u015fik Arap Emirlikleri ve Yemen bulunuyor.<\/p>\n<\/section>\n<section>\n<h2>Sekt\u00f6r Temsilcilerinden Uyar\u0131lar<\/h2>\n<p>\u0130ngiliz Ticaret Odalar\u0131 Uluslararas\u0131 Ticaret Direkt\u00f6r\u00fc Steven Lynch, \u201cAylard\u0131r i\u015fletmeler bize d\u00fcnyan\u0131n ticaret yapmak i\u00e7in daha zor hale geldi\u011fini s\u00f6yl\u00fcyor ve veriler art\u0131k bu ger\u00e7ekli\u011fi yakal\u0131yor. Rotalar daha az g\u00fcvenilir, maliyetler art\u0131yor ve jeopolitik risk, firmalar\u0131n g\u00fcnl\u00fck olarak y\u00f6netmek zorunda oldu\u011fu bir \u015fey haline geldi\u201d dedi.<\/p>\n<p>Lynch, \u201cBelgeleme verilerimiz, Birle\u015fik Krall\u0131k ticaret ak\u0131\u015flar\u0131nda do\u011frudan Orta Do\u011fu&#8217;daki aksakl\u0131klarla ba\u011flant\u0131l\u0131 a\u00e7\u0131k ve ani bir \u015fok oldu\u011funu g\u00f6steriyor. Arap pazarlar\u0131na ba\u011fl\u0131 ihracat\u0131n di\u011fer yerlerden \u00e7ok daha h\u0131zl\u0131 d\u00fc\u015fmesi, bunun geni\u015f tabanl\u0131 bir gerileme de\u011fil, hedeflenmi\u015f, b\u00f6lgeye \u00f6zg\u00fc bir etki oldu\u011funu bize anlat\u0131yor\u201d ifadelerini kulland\u0131. Firmalar\u0131n artan gecikmeler, daha uzun ve pahal\u0131 rotalar \u00fczerinden yeniden y\u00f6nlendirme, artan sigorta primleri ve uzayan teslim s\u00fcreleriyle kar\u015f\u0131 kar\u015f\u0131ya kald\u0131\u011f\u0131n\u0131 belirten Lynch, \u00f6zellikle KOB\u0130&#8217;ler i\u00e7in bu durumun, ihracat\u0131n zaten zorlu oldu\u011fu bir d\u00f6nemde nakit ak\u0131\u015f\u0131n\u0131 ve g\u00fcveni s\u0131k\u0131\u015ft\u0131rd\u0131\u011f\u0131n\u0131 vurgulad\u0131.<\/p>\n<p>Greater Birmingham Ticaret Odas\u0131 Uluslararas\u0131 Belgeleme M\u00fcd\u00fcr\u00fc Jonathan Crosbie ise, \u201cVeriler, yerel d\u00fczeyde g\u00f6rd\u00fcklerimizi yans\u0131t\u0131yor. Orta Do\u011fu&#8217;ya y\u00f6nelik ihracat evraklar\u0131na olan talep Mart ay\u0131nda \u00f6nemli bir d\u00fc\u015f\u00fc\u015f ya\u015fad\u0131 ve \u015firketler bize belirsiz piyasa ko\u015fullar\u0131n\u0131n yan\u0131 s\u0131ra artan nakliye fiyatlar\u0131n\u0131n da mevcut ihracat gereksinimlerini etkiledi\u011fini bildirdi\u201d \u015feklinde konu\u015ftu.<\/p>\n<\/section>\n<section>\n<h2>\u00c7\u00f6z\u00fcm Aray\u0131\u015flar\u0131 ve Destek Mekanizmalar\u0131<\/h2>\n<p>BCC, Birle\u015fik Krall\u0131k firmalar\u0131na deniza\u015f\u0131r\u0131 ticaret konusunda en g\u00fcncel bilgileri ve tavsiyeleri sunmak \u00fczere D\u0131\u015fi\u015fleri Bakanl\u0131\u011f\u0131 ile ortakla\u015fa bir Diplomatik Dan\u0131\u015fma Merkezi kurdu. Binlerce i\u015fletme, Orta Do\u011fu \u00e7at\u0131\u015fmas\u0131yla ilgili web seminerlerine kat\u0131larak operasyonlar\u0131na destek sa\u011flad\u0131.<\/p>\n<p>Ayr\u0131ca, BCC, kriz zamanlar\u0131nda Birle\u015fik Krall\u0131k&#8217;\u0131n ticaret ak\u0131\u015flar\u0131n\u0131 korumak i\u00e7in bir dizi se\u00e7enek sunan k\u00fcresel tedarik zincirleri \u00fczerine yeni bir rapor yay\u0131mlad\u0131. Ticaretin ulusal altyap\u0131 olarak ele al\u0131nmas\u0131 ve jeopolitik olaylara do\u011frudan maruz kalmas\u0131 gerekti\u011fini belirten uzmanlar, dayan\u0131kl\u0131l\u0131\u011f\u0131n art\u0131k iste\u011fe ba\u011fl\u0131 de\u011fil, zorunlu oldu\u011funu vurguluyor.<\/p>\n<\/section>\n<\/article>\n<footer>\n<p>#\u0130ngiltere\u0130hracat #OrtaDo\u011fu\u00c7at\u0131\u015fmas\u0131 #TicaretAksakl\u0131klar\u0131 #Ekonomi #JeopolitikRisk #ArapPazarlar\u0131 #TedarikZinciri #BCC #\u0130hracatVerileri #K\u00fcreselTicaret<\/p>\n<\/footer>\n","protected":false},"excerpt":{"rendered":"<p>Orta Do\u011fu&#8217;daki \u00c7at\u0131\u015fma \u0130ngiltere \u0130hracat\u0131n\u0131 Be\u015fte Bir Oran\u0131nda Azaltt\u0131 Orta Do\u011fu&#8217;daki \u00c7at\u0131\u015fma \u0130ngiltere \u0130hracat\u0131n\u0131 Be\u015fte Bir Oran\u0131nda Azaltt\u0131 Londra \u2013 \u0130ngiliz Ticaret Odalar\u0131 (BCC) taraf\u0131ndan yay\u0131mlanan son verilere g\u00f6re, Orta Do\u011fu&#8217;daki devam eden \u00e7at\u0131\u015fmalar, Birle\u015fik Krall\u0131k&#8217;\u0131n ulusal ihracat\u0131n\u0131 \u00f6nemli \u00f6l\u00e7\u00fcde etkileyerek \u00f6zellikle Arap pazarlar\u0131na y\u00f6nelik sevkiyatlarda be\u015fte bir oran\u0131nda d\u00fc\u015f\u00fc\u015fe neden oldu. Bu durum, k\u00fcresel [&hellip;]<\/p>\n","protected":false},"author":2,"featured_media":12826,"comment_status":"open","ping_status":"open","sticky":false,"template":"","format":"standard","meta":{"footnotes":""},"categories":[37],"tags":[],"class_list":["post-12825","post","type-post","status-publish","format-standard","has-post-thumbnail","hentry","category-orta-dogu-haberleri"],"_links":{"self":[{"href":"https:\/\/fajr.news\/index.php?rest_route=\/wp\/v2\/posts\/12825","targetHints":{"allow":["GET"]}}],"collection":[{"href":"https:\/\/fajr.news\/index.php?rest_route=\/wp\/v2\/posts"}],"about":[{"href":"https:\/\/fajr.news\/index.php?rest_route=\/wp\/v2\/types\/post"}],"author":[{"embeddable":true,"href":"https:\/\/fajr.news\/index.php?rest_route=\/wp\/v2\/users\/2"}],"replies":[{"embeddable":true,"href":"https:\/\/fajr.news\/index.php?rest_route=%2Fwp%2Fv2%2Fcomments&post=12825"}],"version-history":[{"count":0,"href":"https:\/\/fajr.news\/index.php?rest_route=\/wp\/v2\/posts\/12825\/revisions"}],"wp:featuredmedia":[{"embeddable":true,"href":"https:\/\/fajr.news\/index.php?rest_route=\/wp\/v2\/media\/12826"}],"wp:attachment":[{"href":"https:\/\/fajr.news\/index.php?rest_route=%2Fwp%2Fv2%2Fmedia&parent=12825"}],"wp:term":[{"taxonomy":"category","embeddable":true,"href":"https:\/\/fajr.news\/index.php?rest_route=%2Fwp%2Fv2%2Fcategories&post=12825"},{"taxonomy":"post_tag","embeddable":true,"href":"https:\/\/fajr.news\/index.php?rest_route=%2Fwp%2Fv2%2Ftags&post=12825"}],"curies":[{"name":"wp","href":"https:\/\/api.w.org\/{rel}","templated":true}]}}