{"id":12781,"date":"2026-04-29T19:06:10","date_gmt":"2026-04-29T15:36:10","guid":{"rendered":"https:\/\/fajr.news\/?p=12781"},"modified":"2026-04-29T19:06:10","modified_gmt":"2026-04-29T15:36:10","slug":"abd-irana-gittiginden-suphelenilen-gemiye-el-koydu","status":"publish","type":"post","link":"https:\/\/fajr.news\/?p=12781&lang=tr","title":{"rendered":"ABD, \u0130ran&#8217;a gitti\u011finden \u015f\u00fcphelenilen gemiye el koydu"},"content":{"rendered":"<p>ABD Merkez Kuvvetler Komutanl\u0131\u011f\u0131 (CENTCOM) Sal\u0131 g\u00fcn\u00fc yapt\u0131\u011f\u0131 a\u00e7\u0131klamada, ABD Deniz Piyadeleri&#8217;nin \u0130ran&#8217;a y\u00f6nelik deniz ablukas\u0131n\u0131 delmeye \u00e7al\u0131\u015ft\u0131\u011f\u0131ndan \u015f\u00fcphelenilen ticari bir gemiye el koydu\u011funu duyurdu. CENTCOM&#8217;un X (eski ad\u0131yla Twitter) \u00fczerinden yapt\u0131\u011f\u0131 payla\u015f\u0131ma g\u00f6re, 31. Deniz Piyadeleri Sefer Birli\u011fi&#8217;ne ba\u011fl\u0131 askerler, Umman Denizi&#8217;nde &#8220;Blue Star III&#8221; adl\u0131 gemiye \u00e7\u0131kt\u0131. Komutanl\u0131k, &#8220;ABD g\u00fc\u00e7leri, arama yapt\u0131ktan ve geminin seyrinin bir \u0130ran liman\u0131na u\u011framayaca\u011f\u0131n\u0131 do\u011frulad\u0131ktan sonra gemiyi serbest b\u0131rakt\u0131&#8221; a\u00e7\u0131klamas\u0131nda bulundu. Washington&#8217;\u0131n \u0130ran limanlar\u0131na uygulad\u0131\u011f\u0131 deniz ablukas\u0131 kapsam\u0131nda bug\u00fcne kadar toplam 39 geminin rotas\u0131 de\u011fi\u015ftirildi. ABD Ba\u015fkan\u0131 Donald Trump daha \u00f6nce ablukan\u0131n devam edece\u011fine dair s\u00f6z vermi\u015f, bu da Tahran ile gerilimi daha da art\u0131rm\u0131\u015ft\u0131.<\/p>\n<p>#ABD #\u0130ran #DenizAblukas\u0131 #CENTCOM #BlueStarIII #UmmanDenizi #DonaldTrump #Gerilim #DenizPiyadeleri #TicariGemi<\/p>\n","protected":false},"excerpt":{"rendered":"<p>ABD Merkez Kuvvetler Komutanl\u0131\u011f\u0131 (CENTCOM) Sal\u0131 g\u00fcn\u00fc yapt\u0131\u011f\u0131 a\u00e7\u0131klamada, ABD Deniz Piyadeleri&#8217;nin \u0130ran&#8217;a y\u00f6nelik deniz ablukas\u0131n\u0131 delmeye \u00e7al\u0131\u015ft\u0131\u011f\u0131ndan \u015f\u00fcphelenilen ticari bir gemiye el koydu\u011funu duyurdu. CENTCOM&#8217;un X (eski ad\u0131yla Twitter) \u00fczerinden yapt\u0131\u011f\u0131 payla\u015f\u0131ma g\u00f6re, 31. Deniz Piyadeleri Sefer Birli\u011fi&#8217;ne ba\u011fl\u0131 askerler, Umman Denizi&#8217;nde &#8220;Blue Star III&#8221; adl\u0131 gemiye \u00e7\u0131kt\u0131. Komutanl\u0131k, &#8220;ABD g\u00fc\u00e7leri, arama yapt\u0131ktan ve [&hellip;]<\/p>\n","protected":false},"author":2,"featured_media":12782,"comment_status":"open","ping_status":"open","sticky":false,"template":"","format":"standard","meta":{"footnotes":""},"categories":[31],"tags":[],"class_list":["post-12781","post","type-post","status-publish","format-standard","has-post-thumbnail","hentry","category-iran-haberleri"],"_links":{"self":[{"href":"https:\/\/fajr.news\/index.php?rest_route=\/wp\/v2\/posts\/12781","targetHints":{"allow":["GET"]}}],"collection":[{"href":"https:\/\/fajr.news\/index.php?rest_route=\/wp\/v2\/posts"}],"about":[{"href":"https:\/\/fajr.news\/index.php?rest_route=\/wp\/v2\/types\/post"}],"author":[{"embeddable":true,"href":"https:\/\/fajr.news\/index.php?rest_route=\/wp\/v2\/users\/2"}],"replies":[{"embeddable":true,"href":"https:\/\/fajr.news\/index.php?rest_route=%2Fwp%2Fv2%2Fcomments&post=12781"}],"version-history":[{"count":0,"href":"https:\/\/fajr.news\/index.php?rest_route=\/wp\/v2\/posts\/12781\/revisions"}],"wp:featuredmedia":[{"embeddable":true,"href":"https:\/\/fajr.news\/index.php?rest_route=\/wp\/v2\/media\/12782"}],"wp:attachment":[{"href":"https:\/\/fajr.news\/index.php?rest_route=%2Fwp%2Fv2%2Fmedia&parent=12781"}],"wp:term":[{"taxonomy":"category","embeddable":true,"href":"https:\/\/fajr.news\/index.php?rest_route=%2Fwp%2Fv2%2Fcategories&post=12781"},{"taxonomy":"post_tag","embeddable":true,"href":"https:\/\/fajr.news\/index.php?rest_route=%2Fwp%2Fv2%2Ftags&post=12781"}],"curies":[{"name":"wp","href":"https:\/\/api.w.org\/{rel}","templated":true}]}}