{"id":12757,"date":"2026-04-29T18:37:33","date_gmt":"2026-04-29T15:07:33","guid":{"rendered":"https:\/\/fajr.news\/?p=12757"},"modified":"2026-04-29T18:37:33","modified_gmt":"2026-04-29T15:07:33","slug":"trumptan-merze-iran-cikisi","status":"publish","type":"post","link":"https:\/\/fajr.news\/?p=12757&lang=tr","title":{"rendered":"Trump&#8217;tan Merz&#8217;e \u0130ran \u00c7\u0131k\u0131\u015f\u0131"},"content":{"rendered":"<p>Amerika Birle\u015fik Devletleri Ba\u015fkan\u0131 Donald Trump Sal\u0131 g\u00fcn\u00fc Almanya Ba\u015fbakan\u0131 Friedrich Merz&#8217;i ele\u015ftirerek, Merz&#8217;in &#8220;\u0130ran&#8217;\u0131n n\u00fckleer silaha sahip olmas\u0131n\u0131n sorun olmad\u0131\u011f\u0131n\u0131&#8221; d\u00fc\u015f\u00fcnd\u00fc\u011f\u00fcn\u00fc iddia etti. Bu yorum, Trump&#8217;\u0131n Alman h\u00fck\u00fcmet ba\u015fkan\u0131na y\u00f6nelik bug\u00fcne kadarki en sert ele\u015ftirisi oldu.<\/p>\n<p>ABD lideri Truth Social&#8217;daki bir payla\u015f\u0131m\u0131nda, &#8220;Ne hakk\u0131nda konu\u015ftu\u011funu bilmiyor! E\u011fer \u0130ran n\u00fckleer silaha sahip olsayd\u0131, t\u00fcm D\u00fcnya rehin al\u0131n\u0131rd\u0131. Ben \u015fu anda \u0130ran ile di\u011fer uluslar\u0131n veya ba\u015fkanlar\u0131n \u00e7oktan yapmas\u0131 gereken bir \u015feyi yap\u0131yorum,&#8221; ifadelerini kulland\u0131. Trump ayr\u0131ca Almanya&#8217;n\u0131n &#8220;hem ekonomik hem de di\u011fer a\u00e7\u0131lardan k\u00f6t\u00fc durumda oldu\u011funu&#8221; savundu.<\/p>\n<p>Trump&#8217;\u0131n bu a\u00e7\u0131klamalar\u0131, Merz&#8217;in bir g\u00fcn \u00f6nce Washington&#8217;\u0131n \u0130ran ile olan \u00e7at\u0131\u015fmadaki \u00e7\u0131k\u0131\u015f stratejisini kamuoyu \u00f6n\u00fcnde sorgulamas\u0131n\u0131n ve Tahran&#8217;\u0131n m\u00fczakere becerilerini \u00f6vmesinin ard\u0131ndan geldi.<\/p>\n<p>#Trump #Merz #\u0130ran #N\u00fckleerSilah #ABD #Almanya #Diplomasi #Ortado\u011fu #K\u00fcreselSiyaset #TruthSocial<\/p>\n","protected":false},"excerpt":{"rendered":"<p>Amerika Birle\u015fik Devletleri Ba\u015fkan\u0131 Donald Trump Sal\u0131 g\u00fcn\u00fc Almanya Ba\u015fbakan\u0131 Friedrich Merz&#8217;i ele\u015ftirerek, Merz&#8217;in &#8220;\u0130ran&#8217;\u0131n n\u00fckleer silaha sahip olmas\u0131n\u0131n sorun olmad\u0131\u011f\u0131n\u0131&#8221; d\u00fc\u015f\u00fcnd\u00fc\u011f\u00fcn\u00fc iddia etti. Bu yorum, Trump&#8217;\u0131n Alman h\u00fck\u00fcmet ba\u015fkan\u0131na y\u00f6nelik bug\u00fcne kadarki en sert ele\u015ftirisi oldu. ABD lideri Truth Social&#8217;daki bir payla\u015f\u0131m\u0131nda, &#8220;Ne hakk\u0131nda konu\u015ftu\u011funu bilmiyor! E\u011fer \u0130ran n\u00fckleer silaha sahip olsayd\u0131, t\u00fcm D\u00fcnya [&hellip;]<\/p>\n","protected":false},"author":2,"featured_media":12758,"comment_status":"open","ping_status":"open","sticky":false,"template":"","format":"standard","meta":{"footnotes":""},"categories":[31],"tags":[],"class_list":["post-12757","post","type-post","status-publish","format-standard","has-post-thumbnail","hentry","category-iran-haberleri"],"_links":{"self":[{"href":"https:\/\/fajr.news\/index.php?rest_route=\/wp\/v2\/posts\/12757","targetHints":{"allow":["GET"]}}],"collection":[{"href":"https:\/\/fajr.news\/index.php?rest_route=\/wp\/v2\/posts"}],"about":[{"href":"https:\/\/fajr.news\/index.php?rest_route=\/wp\/v2\/types\/post"}],"author":[{"embeddable":true,"href":"https:\/\/fajr.news\/index.php?rest_route=\/wp\/v2\/users\/2"}],"replies":[{"embeddable":true,"href":"https:\/\/fajr.news\/index.php?rest_route=%2Fwp%2Fv2%2Fcomments&post=12757"}],"version-history":[{"count":0,"href":"https:\/\/fajr.news\/index.php?rest_route=\/wp\/v2\/posts\/12757\/revisions"}],"wp:featuredmedia":[{"embeddable":true,"href":"https:\/\/fajr.news\/index.php?rest_route=\/wp\/v2\/media\/12758"}],"wp:attachment":[{"href":"https:\/\/fajr.news\/index.php?rest_route=%2Fwp%2Fv2%2Fmedia&parent=12757"}],"wp:term":[{"taxonomy":"category","embeddable":true,"href":"https:\/\/fajr.news\/index.php?rest_route=%2Fwp%2Fv2%2Fcategories&post=12757"},{"taxonomy":"post_tag","embeddable":true,"href":"https:\/\/fajr.news\/index.php?rest_route=%2Fwp%2Fv2%2Ftags&post=12757"}],"curies":[{"name":"wp","href":"https:\/\/api.w.org\/{rel}","templated":true}]}}