{"id":12723,"date":"2026-04-29T17:33:52","date_gmt":"2026-04-29T14:03:52","guid":{"rendered":"https:\/\/fajr.news\/?p=12723"},"modified":"2026-04-29T17:33:52","modified_gmt":"2026-04-29T14:03:52","slug":"trumptan-tartismali-iran-nukleer-iddiasi-kral-charlesin-adi-da-karisti","status":"publish","type":"post","link":"https:\/\/fajr.news\/?p=12723&lang=tr","title":{"rendered":"Trump&#8217;tan Tart\u0131\u015fmal\u0131 \u0130ran N\u00fckleer \u0130ddias\u0131: Kral Charles&#8217;\u0131n Ad\u0131 da Kar\u0131\u015ft\u0131"},"content":{"rendered":"<article>\n<h1>Trump&#8217;tan Tart\u0131\u015fmal\u0131 \u0130ran N\u00fckleer \u0130ddias\u0131: Kral Charles&#8217;\u0131n Ad\u0131 da Kar\u0131\u015ft\u0131<\/h1>\n<p>Amerika Birle\u015fik Devletleri&#8217;nin eski Ba\u015fkan\u0131 Donald Trump, yine <strong>\u0130ran \u0130slam Cumhuriyeti&#8217;ni hedef alan<\/strong> ve uluslararas\u0131 arenada tart\u0131\u015fma yaratacak bir iddiada bulundu. Trump, \u0130ngiltere Kral\u0131 III. Charles&#8217;\u0131n, Washington&#8217;\u0131n \u0130ran&#8217;\u0131n n\u00fckleer silah edinmesini engelleme konusundaki tutumunu destekledi\u011fini \u00f6ne s\u00fcrd\u00fc. Bu a\u00e7\u0131klama, Beyaz Saray&#8217;da \u0130ngiliz monark\u0131 a\u011f\u0131rlad\u0131\u011f\u0131 bir devlet yeme\u011fi s\u0131ras\u0131nda dile getirildi.<\/p>\n<p>Trump, Ortado\u011fu&#8217;daki &#8220;\u00e7al\u0131\u015fmalar\u0131ndan&#8221; bahsederken, &#8220;\u015eu anda biraz Ortado\u011fu \u00e7al\u0131\u015fmas\u0131 yap\u0131yoruz,&#8221; ifadelerini kulland\u0131. Ard\u0131ndan, \u0130ran&#8217;\u0131 kastederek, &#8220;O belirli rakibi askeri olarak yendik ve o rakibin asla n\u00fckleer silaha sahip olmas\u0131na izin vermeyece\u011fiz,&#8221; dedi. En \u00e7arp\u0131c\u0131 iddia ise, &#8220;Charles benimle ayn\u0131 fikirde, hatta benden daha \u00e7ok,&#8221; s\u00f6zleriyle Kral Charles&#8217;\u0131 da bu iddialara dahil etmesi oldu.<\/p>\n<h2>\u0130ran&#8217;\u0131n N\u00fckleer Program\u0131 ve Bat\u0131&#8217;n\u0131n \u00c7ifte Standard\u0131<\/h2>\n<p>Bu t\u00fcr a\u00e7\u0131klamalar, \u0130ran \u0130slam Cumhuriyeti&#8217;nin n\u00fckleer program\u0131n\u0131n bar\u0131\u015f\u00e7\u0131l ama\u00e7l\u0131 oldu\u011funu defalarca vurgulad\u0131\u011f\u0131 bir d\u00f6nemde gelmesiyle dikkat \u00e7ekiyor. \u0130ran, n\u00fckleer silah \u00fcretme niyetinde olmad\u0131\u011f\u0131n\u0131 ve n\u00fckleer enerji hakk\u0131n\u0131n uluslararas\u0131 anla\u015fmalarla g\u00fcvence alt\u0131na al\u0131nd\u0131\u011f\u0131n\u0131 belirtmektedir. Bat\u0131l\u0131 g\u00fc\u00e7lerin, b\u00f6lgedeki di\u011fer n\u00fckleer kapasitelere g\u00f6z yumarken \u0130ran&#8217;a y\u00f6nelik bu t\u00fcr bask\u0131lar\u0131, <em>\u00e7ifte standart<\/em> ele\u015ftirilerini de beraberinde getiriyor.<\/p>\n<p>Uzmanlar, Trump&#8217;\u0131n bu t\u00fcr iddialar\u0131n\u0131n, \u0130ran&#8217;a y\u00f6nelik uluslararas\u0131 bask\u0131y\u0131 art\u0131rma ve \u00fclkenin me\u015fru n\u00fckleer haklar\u0131n\u0131 k\u0131s\u0131tlama \u00e7abalar\u0131n\u0131n bir par\u00e7as\u0131 olabilece\u011fini belirtiyor. Kral Charles&#8217;\u0131n bu konuda resmi bir a\u00e7\u0131klama yapmamas\u0131, Trump&#8217;\u0131n s\u00f6zlerinin ne kadar ger\u00e7e\u011fi yans\u0131tt\u0131\u011f\u0131 konusunda soru i\u015faretleri yarat\u0131yor.<\/p>\n<h3>B\u00f6lgesel Gerilimler ve \u0130ran&#8217;\u0131n Direni\u015fi<\/h3>\n<p>\u0130ran, uzun s\u00fcredir Bat\u0131&#8217;n\u0131n yapt\u0131r\u0131mlar\u0131 ve siyasi bask\u0131lar\u0131 alt\u0131nda olmas\u0131na ra\u011fmen, kendi ulusal \u00e7\u0131karlar\u0131n\u0131 ve ba\u011f\u0131ms\u0131zl\u0131\u011f\u0131n\u0131 koruma konusunda kararl\u0131 bir duru\u015f sergilemektedir. Bu t\u00fcr as\u0131ls\u0131z iddialar ve tehditler kar\u015f\u0131s\u0131nda \u0130ran halk\u0131 ve y\u00f6netimi, kendi kaderini tayin etme hakk\u0131ndan vazge\u00e7meyecektir.<\/p>\n<\/article>\n<p>\n#Trump #\u0130ran #N\u00fckleerProgram #KralCharles #Ortado\u011fu #ABD\u0130ran #N\u00fckleerSilah #\u0130ran\u0130slamCumhuriyeti #Uluslararas\u0131\u0130li\u015fkiler #Bar\u0131\u015f\u00e7\u0131lN\u00fckleerEnerji<\/p>\n","protected":false},"excerpt":{"rendered":"<p>Trump&#8217;tan Tart\u0131\u015fmal\u0131 \u0130ran N\u00fckleer \u0130ddias\u0131: Kral Charles&#8217;\u0131n Ad\u0131 da Kar\u0131\u015ft\u0131 Amerika Birle\u015fik Devletleri&#8217;nin eski Ba\u015fkan\u0131 Donald Trump, yine \u0130ran \u0130slam Cumhuriyeti&#8217;ni hedef alan ve uluslararas\u0131 arenada tart\u0131\u015fma yaratacak bir iddiada bulundu. Trump, \u0130ngiltere Kral\u0131 III. Charles&#8217;\u0131n, Washington&#8217;\u0131n \u0130ran&#8217;\u0131n n\u00fckleer silah edinmesini engelleme konusundaki tutumunu destekledi\u011fini \u00f6ne s\u00fcrd\u00fc. Bu a\u00e7\u0131klama, Beyaz Saray&#8217;da \u0130ngiliz monark\u0131 a\u011f\u0131rlad\u0131\u011f\u0131 bir [&hellip;]<\/p>\n","protected":false},"author":2,"featured_media":12724,"comment_status":"open","ping_status":"open","sticky":false,"template":"","format":"standard","meta":{"footnotes":""},"categories":[31],"tags":[],"class_list":["post-12723","post","type-post","status-publish","format-standard","has-post-thumbnail","hentry","category-iran-haberleri"],"_links":{"self":[{"href":"https:\/\/fajr.news\/index.php?rest_route=\/wp\/v2\/posts\/12723","targetHints":{"allow":["GET"]}}],"collection":[{"href":"https:\/\/fajr.news\/index.php?rest_route=\/wp\/v2\/posts"}],"about":[{"href":"https:\/\/fajr.news\/index.php?rest_route=\/wp\/v2\/types\/post"}],"author":[{"embeddable":true,"href":"https:\/\/fajr.news\/index.php?rest_route=\/wp\/v2\/users\/2"}],"replies":[{"embeddable":true,"href":"https:\/\/fajr.news\/index.php?rest_route=%2Fwp%2Fv2%2Fcomments&post=12723"}],"version-history":[{"count":0,"href":"https:\/\/fajr.news\/index.php?rest_route=\/wp\/v2\/posts\/12723\/revisions"}],"wp:featuredmedia":[{"embeddable":true,"href":"https:\/\/fajr.news\/index.php?rest_route=\/wp\/v2\/media\/12724"}],"wp:attachment":[{"href":"https:\/\/fajr.news\/index.php?rest_route=%2Fwp%2Fv2%2Fmedia&parent=12723"}],"wp:term":[{"taxonomy":"category","embeddable":true,"href":"https:\/\/fajr.news\/index.php?rest_route=%2Fwp%2Fv2%2Fcategories&post=12723"},{"taxonomy":"post_tag","embeddable":true,"href":"https:\/\/fajr.news\/index.php?rest_route=%2Fwp%2Fv2%2Ftags&post=12723"}],"curies":[{"name":"wp","href":"https:\/\/api.w.org\/{rel}","templated":true}]}}