{"id":12715,"date":"2026-04-29T17:19:26","date_gmt":"2026-04-29T13:49:26","guid":{"rendered":"https:\/\/fajr.news\/?p=12715"},"modified":"2026-04-29T17:19:26","modified_gmt":"2026-04-29T13:49:26","slug":"ingiltere-ekonomisi-orta-dogu-enerji-krizinden-35-milyar-sterlinlik-darbe-alacak","status":"publish","type":"post","link":"https:\/\/fajr.news\/?p=12715&lang=tr","title":{"rendered":"\u0130ngiltere ekonomisi Orta Do\u011fu enerji krizinden 35 milyar sterlinlik darbe alacak"},"content":{"rendered":"<p>Bir ekonomik d\u00fc\u015f\u00fcnce kurulu\u015fu, Orta Do\u011fu enerji \u015fokunun &#8220;en iyi senaryoda&#8221; \u00f6n\u00fcm\u00fczdeki iki y\u0131l i\u00e7inde \u0130ngiltere ekonomisinden yakla\u015f\u0131k 35 milyar sterlin silip s\u00fcp\u00fcrebilece\u011fi konusunda uyard\u0131.<br \/>\nUlusal Ekonomik ve Sosyal Ara\u015ft\u0131rma Enstit\u00fcs\u00fc (Niesr), Orta Do\u011fu&#8217;daki daha uzun s\u00fcreli bir krizin \u0130ngiltere&#8217;yi bu y\u0131l\u0131n ikinci yar\u0131s\u0131nda resesyona sokabilece\u011fini belirtti.<br \/>\nGrubun son \u00fc\u00e7 ayl\u0131k ekonomik projeksiyonlar\u0131, ABD-\u0130srail ve \u0130ran g\u00fc\u00e7leri aras\u0131ndaki sava\u015f\u0131n k\u00fcresel ekonomiler \u00fczerinde bask\u0131 olu\u015fturmas\u0131yla birlikte giderek karamsarla\u015fan bir g\u00f6r\u00fcn\u00fcm\u00fc i\u015faret etti; \u0130ngiltere&#8217;nin daha yava\u015f b\u00fcy\u00fcme ve artan enflasyonla kar\u015f\u0131 kar\u015f\u0131ya kalaca\u011f\u0131 belirtildi.<br \/>\nBu durumun bir sonucu olarak, \u0130ngiltere Merkez Bankas\u0131&#8217;n\u0131n faiz belirleme komitesinin bu yaz faiz oranlar\u0131n\u0131 art\u0131rma olas\u0131l\u0131\u011f\u0131n\u0131n y\u00fcksek oldu\u011funu, daha ciddi bir senaryoda ise alt\u0131 adede kadar ek art\u0131\u015f potansiyelinin bulundu\u011funu g\u00f6sterdi.<br \/>\nPer\u015fembe g\u00fcn\u00fc, Banka&#8217;n\u0131n Para Politikas\u0131 Kurulu, faiz oranlar\u0131n\u0131 mevcut %3,75 seviyesinde tutup tutmayaca\u011f\u0131n\u0131 oylayacak.<br \/>\nNiesr, bu toplant\u0131da faiz oranlar\u0131n\u0131n sabit tutulmas\u0131n\u0131 bekledi\u011fini, ancak Temmuz ay\u0131nda %4&#8217;e \u00e7\u0131kar\u0131laca\u011f\u0131n\u0131 ve y\u0131l\u0131n geri kalan\u0131nda bu seviyede kalaca\u011f\u0131n\u0131 \u00f6ng\u00f6rd\u00fc.<br \/>\nAncak, devam eden bir \u00e7at\u0131\u015fmadan kaynaklanan ek enflasyonist bask\u0131n\u0131n g\u00f6r\u00fclece\u011fi ciddi bir senaryonun, oranlar\u0131n %5,25&#8217;e kadar y\u00fckselmesine neden olabilece\u011fini belirtti.<br \/>\nOrta Do\u011fu&#8217;da bu y\u0131l bir \u00e7\u00f6z\u00fcm\u00fcn sa\u011flanaca\u011f\u0131 en iyi senaryosunda bile, kurulu\u015f 2026 i\u00e7in ekonomik b\u00fcy\u00fcmede %0,9&#8217;a yava\u015flama olaca\u011f\u0131n\u0131, 2025&#8217;teki %1,4&#8217;l\u00fck b\u00fcy\u00fcmeye k\u0131yasla d\u00fc\u015f\u00fc\u015f ya\u015fanaca\u011f\u0131n\u0131 i\u015faret etti.<br \/>\nGrup, b\u00fcy\u00fcmenin 2027&#8217;de marjinal olarak %1&#8217;e iyile\u015fmesinin muhtemel oldu\u011funu s\u00f6yledi.<br \/>\nNiesr, \u00f6nceki g\u00f6r\u00fcn\u00fcm\u00fcnde bu y\u0131l %1,4 ve 2027&#8217;de %1,3 b\u00fcy\u00fcme \u00f6ng\u00f6rm\u00fc\u015ft\u00fc.<br \/>\n\u00c7at\u0131\u015fman\u0131n h\u0131zl\u0131 bir \u015fekilde \u00e7\u00f6z\u00fclmesi durumunda bile, Niesr, \u0130ngiltere ekonomisinin 2026 ve 2027&#8217;de yakla\u015f\u0131k 35 milyar sterlin daha k\u00fc\u00e7\u00fck olaca\u011f\u0131n\u0131, bu durumun Maliye Bakan\u0131&#8217;n\u0131n \u0130ngiltere ekonomisini b\u00fcy\u00fctme hedefleri \u00fczerinde belirsizlik yaratt\u0131\u011f\u0131n\u0131 belirtti.<br \/>\nAncak, Niesr&#8217;in makroekonomi direkt\u00f6r yard\u0131mc\u0131s\u0131 Stephen Millard, olumsuz bir durumun \u00f6n\u00fcm\u00fczdeki iki y\u0131l i\u00e7inde b\u00fcy\u00fcmeden yakla\u015f\u0131k 0,4 puan d\u00fc\u015f\u00fc\u015fe neden olmas\u0131n\u0131n muhtemel oldu\u011funu s\u00f6yledi.<br \/>\nTahminler ayr\u0131ca, ge\u00e7en ay %3,3&#8217;e y\u00fckselen enflasyonun %2,5&#8217;e yava\u015flayaca\u011f\u0131n\u0131 g\u00f6sterdi.<br \/>\nAncak daha sonra, y\u00fcksek enerji fiyatlar\u0131n\u0131n enflasyonu daha da art\u0131rmas\u0131yla y\u00fckselmesi ve gelecek y\u0131l Ocak ay\u0131nda %4,1 ile zirve yapmas\u0131 bekleniyor.<br \/>\nNiesr, bu durumun bir sonucu olarak enflasyonun 2028&#8217;e kadar \u0130ngiltere Merkez Bankas\u0131&#8217;n\u0131n %2&#8217;lik hedef oran\u0131na geri d\u00f6nmesini beklemedi\u011fini belirtti.<br \/>\nEnflasyonun, gelecek y\u0131l %3,3&#8217;e yava\u015flamas\u0131 beklenen \u00fccret art\u0131\u015f\u0131n\u0131 a\u015fmas\u0131 ve hanehalk\u0131 finansman\u0131 \u00fczerinde bask\u0131 olu\u015fturmas\u0131 bekleniyor.<br \/>\nGer\u00e7ek ki\u015fisel harcanabilir gelirdeki b\u00fcy\u00fcmenin 2026&#8217;da %1&#8217;e ve 2027&#8217;de %0,6&#8217;ya yava\u015flamas\u0131 beklenirken, gelirlerinin daha b\u00fcy\u00fck bir k\u0131sm\u0131n\u0131 enerjiye harcayan d\u00fc\u015f\u00fck gelirli hanehalklar\u0131 en a\u011f\u0131r darbeyi alacak.<br \/>\nNiesr direkt\u00f6r\u00fc David Aikman \u015funlar\u0131 s\u00f6yledi: &#8220;Bu, H\u00fck\u00fcmetin \u0130ngiltere ekonomisini yeniden b\u00fcy\u00fctme misyonuna ciddi bir darbedir.&#8221;<br \/>\n&#8220;Orta Do\u011fu \u00e7at\u0131\u015fmas\u0131, \u0130ngiltere&#8217;nin k\u00fcresel enerji \u015foklar\u0131na kar\u015f\u0131 hala y\u00fcksek derecede savunmas\u0131z oldu\u011funu a\u00e7\u0131k\u00e7a ortaya koydu.&#8221;<br \/>\n&#8220;D\u00fc\u015fmanl\u0131klar h\u0131zla azalsa bile, daha y\u00fcksek enerji fiyatlar\u0131 hanehalklar\u0131n\u0131 daha fakir b\u0131rakacak, i\u015fletmeler daha y\u00fcksek maliyetlerle kar\u015f\u0131la\u015facak ve ekonomi sadece birka\u00e7 ay \u00f6nce bekledi\u011fimizden \u00f6nemli \u00f6l\u00e7\u00fcde daha k\u00fc\u00e7\u00fck olacak.&#8221;<br \/>\n#\u0130ngiltereEkonomisi #OrtaDo\u011fuKrizi #Enerji\u015eoku #Enflasyon #FaizOranlar\u0131 #Resesyon #EkonomikB\u00fcy\u00fcme #Niesr #Hanehalk\u0131Finansman\u0131 #K\u00fcreselEkonomi<\/p>\n","protected":false},"excerpt":{"rendered":"<p>Bir ekonomik d\u00fc\u015f\u00fcnce kurulu\u015fu, Orta Do\u011fu enerji \u015fokunun &#8220;en iyi senaryoda&#8221; \u00f6n\u00fcm\u00fczdeki iki y\u0131l i\u00e7inde \u0130ngiltere ekonomisinden yakla\u015f\u0131k 35 milyar sterlin silip s\u00fcp\u00fcrebilece\u011fi konusunda uyard\u0131. Ulusal Ekonomik ve Sosyal Ara\u015ft\u0131rma Enstit\u00fcs\u00fc (Niesr), Orta Do\u011fu&#8217;daki daha uzun s\u00fcreli bir krizin \u0130ngiltere&#8217;yi bu y\u0131l\u0131n ikinci yar\u0131s\u0131nda resesyona sokabilece\u011fini belirtti. Grubun son \u00fc\u00e7 ayl\u0131k ekonomik projeksiyonlar\u0131, ABD-\u0130srail ve [&hellip;]<\/p>\n","protected":false},"author":2,"featured_media":12716,"comment_status":"open","ping_status":"open","sticky":false,"template":"","format":"standard","meta":{"footnotes":""},"categories":[37],"tags":[],"class_list":["post-12715","post","type-post","status-publish","format-standard","has-post-thumbnail","hentry","category-orta-dogu-haberleri"],"_links":{"self":[{"href":"https:\/\/fajr.news\/index.php?rest_route=\/wp\/v2\/posts\/12715","targetHints":{"allow":["GET"]}}],"collection":[{"href":"https:\/\/fajr.news\/index.php?rest_route=\/wp\/v2\/posts"}],"about":[{"href":"https:\/\/fajr.news\/index.php?rest_route=\/wp\/v2\/types\/post"}],"author":[{"embeddable":true,"href":"https:\/\/fajr.news\/index.php?rest_route=\/wp\/v2\/users\/2"}],"replies":[{"embeddable":true,"href":"https:\/\/fajr.news\/index.php?rest_route=%2Fwp%2Fv2%2Fcomments&post=12715"}],"version-history":[{"count":0,"href":"https:\/\/fajr.news\/index.php?rest_route=\/wp\/v2\/posts\/12715\/revisions"}],"wp:featuredmedia":[{"embeddable":true,"href":"https:\/\/fajr.news\/index.php?rest_route=\/wp\/v2\/media\/12716"}],"wp:attachment":[{"href":"https:\/\/fajr.news\/index.php?rest_route=%2Fwp%2Fv2%2Fmedia&parent=12715"}],"wp:term":[{"taxonomy":"category","embeddable":true,"href":"https:\/\/fajr.news\/index.php?rest_route=%2Fwp%2Fv2%2Fcategories&post=12715"},{"taxonomy":"post_tag","embeddable":true,"href":"https:\/\/fajr.news\/index.php?rest_route=%2Fwp%2Fv2%2Ftags&post=12715"}],"curies":[{"name":"wp","href":"https:\/\/api.w.org\/{rel}","templated":true}]}}