{"id":12707,"date":"2026-04-29T17:15:09","date_gmt":"2026-04-29T13:45:09","guid":{"rendered":"https:\/\/fajr.news\/?p=12707"},"modified":"2026-04-29T17:15:09","modified_gmt":"2026-04-29T13:45:09","slug":"ortadogu-savasi-canli-putin-iranin-disisleri-bakanini-agirladi-israil-dogu-lubnani-vurdu","status":"publish","type":"post","link":"https:\/\/fajr.news\/?p=12707&lang=tr","title":{"rendered":"Ortado\u011fu Sava\u015f\u0131 Canl\u0131: Putin \u0130ran&#8217;\u0131n D\u0131\u015fi\u015fleri Bakan\u0131n\u0131 A\u011f\u0131rlad\u0131, \u0130srail Do\u011fu L\u00fcbnan&#8217;\u0131 Vurdu"},"content":{"rendered":"<p>Canl\u0131 Rusya Devlet Ba\u015fkan\u0131 Vladimir Putin Pazartesi g\u00fcn\u00fc \u0130ran D\u0131\u015fi\u015fleri Bakan\u0131 Abbas Araghchi&#8217;yi a\u011f\u0131rlayarak, Moskova&#8217;n\u0131n Tahran&#8217;\u0131n ve kom\u015fular\u0131n\u0131n \u00e7\u0131karlar\u0131na hizmet eden &#8220;her \u015feyi&#8221; yapaca\u011f\u0131n\u0131 s\u00f6yledi. Bu arada L\u00fcbnan&#8217;da \u0130srail, do\u011fudaki Bekaa Vadisi&#8217;ne, g\u00fcneye ve Suriye s\u0131n\u0131r\u0131na yak\u0131n b\u00f6lgelere sald\u0131r\u0131lar d\u00fczenleyerek bombalama kampanyas\u0131n\u0131n kapsam\u0131n\u0131 geni\u015fletti. En son g\u00fcncellemeler i\u00e7in canl\u0131 blogumuzu takip edin.<br \/>\nTahran&#8217;\u0131n Birle\u015fmi\u015f Milletler el\u00e7isi Pazartesi g\u00fcn\u00fc yapt\u0131\u011f\u0131 a\u00e7\u0131klamada, \u0130ran&#8217;\u0131n petrol zengini K\u00f6rfez&#8217;de g\u00fcvenli\u011fi sa\u011flayabilmesi i\u00e7in ABD-\u0130srail&#8217;in ba\u015fka bir sald\u0131r\u0131s\u0131na kar\u015f\u0131 g\u00fcvencelere ihtiyac\u0131 oldu\u011funu s\u00f6yledi.<br \/>\nAmir Saeid Iravani, G\u00fcvenlik Konseyi oturumunda, &#8220;Basra K\u00f6rfezi ve daha geni\u015f b\u00f6lgede kal\u0131c\u0131 istikrar ve g\u00fcvenlik ancak \u0130ran&#8217;a y\u00f6nelik sald\u0131r\u0131lar\u0131n kal\u0131c\u0131 ve s\u00fcrekli olarak durdurulmas\u0131, tekrarlanmayaca\u011f\u0131na dair g\u00fcvenilir garantiler ve \u0130ran&#8217;\u0131n me\u015fru egemen hak ve \u00e7\u0131karlar\u0131na tam sayg\u0131 g\u00f6sterilmesiyle sa\u011flanabilir&#8221; dedi.<br \/>\n\u0130srail Genelkurmay Ba\u015fkan\u0131 Korgeneral Eyal Zamir Pazartesi g\u00fcn\u00fc askerlere ya\u011fma konusunda sert bir uyar\u0131da bulunarak, &#8220;\u015f\u00fcpheli&#8221; mesajlar\u0131 yaymak i\u00e7in sosyal medyay\u0131 kullanman\u0131n &#8220;k\u0131rm\u0131z\u0131 \u00e7izgiyi&#8221; a\u015ft\u0131\u011f\u0131n\u0131 s\u00f6yledi.<br \/>\n\u0130srail ordusunun k\u0131saltmas\u0131n\u0131 kullanarak yapt\u0131\u011f\u0131 a\u00e7\u0131klamada, &#8220;Ya\u011fma olgusu, e\u011fer varsa, utan\u00e7 vericidir ve IDF&#8217;nin b\u00fct\u00fcn\u00fcn\u00fc lekeleme riski ta\u015f\u0131r. Bu t\u00fcr olaylar meydana gelirse, bunlar\u0131 ara\u015ft\u0131raca\u011f\u0131z&#8221; dedi.<br \/>\nBu a\u00e7\u0131klamalar, \u0130srail&#8217;in sol e\u011filimli Haaretz gazetesinin, sahadaki asker ve komutanlar\u0131n ifadelerine dayanarak, g\u00fcney L\u00fcbnan&#8217;daki birliklerin \u00f6nemli miktarda sivil m\u00fclk\u00fc ya\u011fmalad\u0131\u011f\u0131n\u0131 bildirmesinin ard\u0131ndan geldi.<br \/>\nSosyal medyada ayr\u0131ca, g\u00fcney L\u00fcbnan oldu\u011fu anla\u015f\u0131lan yerlerde \u0130srail askerlerinin birbirlerini insanlar\u0131n evlerindeki e\u015fyalara zarar verirken \u015fakala\u015farak filme ald\u0131klar\u0131 g\u00f6r\u00fcnt\u00fcler ortaya \u00e7\u0131kt\u0131.<br \/>\nBeyaz Saray bas\u0131n sekreteri Karoline Leavitt, ABD Ba\u015fkan\u0131 Donald Trump&#8217;\u0131n Tahran ile sava\u015f\u0131 \u00e7\u00f6zmeye y\u00f6nelik yeni \u0130ran \u00f6nerisini \u00fcst d\u00fczey ulusal g\u00fcvenlik dan\u0131\u015fmanlar\u0131yla g\u00f6r\u00fc\u015ft\u00fc\u011f\u00fcn\u00fc s\u00f6yledi.<br \/>\nLeavitt, H\u00fcrm\u00fcz Bo\u011faz\u0131&#8217;n\u0131n a\u00e7\u0131laca\u011f\u0131 ve \u0130ran&#8217;\u0131n n\u00fckleer program\u0131n\u0131n daha sonraki bir tarihte tart\u0131\u015f\u0131laca\u011f\u0131 \u00f6neri hakk\u0131nda bir g\u00f6r\u00fc\u015f belirtmedi, ancak Trump&#8217;\u0131n nihai taleplerinin ayn\u0131 kald\u0131\u011f\u0131n\u0131 s\u00f6yledi.<br \/>\nTrump, H\u00fcrm\u00fcz Bo\u011faz\u0131 petrol ge\u00e7i\u015f yolunun a\u00e7\u0131k olmas\u0131n\u0131 ve \u0130ran&#8217;\u0131n zenginle\u015ftirilmi\u015f uranyumunu teslim etmesini istiyor.<br \/>\n&#8220;Bunu de\u011ferlendirdiklerini s\u00f6yleyemem. Sadece bu sabah bir tart\u0131\u015fma oldu\u011funu s\u00f6yleyebilirim ki bunun \u00f6n\u00fcne ge\u00e7mek istemiyorum ve eminim bu konuda do\u011frudan ba\u015fkandan duyacaks\u0131n\u0131z&#8221; dedi.<br \/>\nBa\u015fbakan Binyamin Netanyahu&#8217;nun ofisi, gelecek haftaki Lag BaOmer festivalinin, toplanman\u0131n \u0130ran destekli Hizbullah militan grubu taraf\u0131ndan sald\u0131r\u0131ya u\u011frayabilece\u011fi endi\u015feleri nedeniyle daha k\u00fc\u00e7\u00fck sembolik bir t\u00f6renle de\u011fi\u015ftirilece\u011fini duyurdu.<br \/>\nGenellikle, \u00e7o\u011fu ultra-Ortodoks Yahudi olmak \u00fczere yakla\u015f\u0131k 100.000 ki\u015fi, kuzey \u0130srail&#8217;deki Meron Da\u011f\u0131&#8217;nda festival i\u00e7in toplan\u0131rd\u0131. Tatil, da\u011fda g\u00f6m\u00fcl\u00fc oldu\u011funa inan\u0131lan 2. y\u00fczy\u0131l bilgesi ve misti\u011fi Haham \u015eimon Bar Yohay&#8217;\u0131 onurland\u0131r\u0131r.<br \/>\nMeron Da\u011f\u0131, L\u00fcbnan s\u0131n\u0131r\u0131na sadece yakla\u015f\u0131k 6 kilometre uzakl\u0131ktad\u0131r.<br \/>\n\u0130srail Genelkurmay Ba\u015fkan\u0131 Korgeneral Eyal Zamir, \u00fclkenin ordusunun \u0130ran ve L\u00fcbnanl\u0131 militan grup Hizbullah&#8217;a kar\u015f\u0131 sava\u015f\u0131rken 2026 boyunca birden fazla cephede sava\u015fmaya devam edece\u011fini belirtti.<br \/>\nHamas&#8217;\u0131n Gazze sava\u015f\u0131n\u0131 ba\u015flatan \u0130srail&#8217;e y\u00f6nelik sald\u0131r\u0131s\u0131na at\u0131fta bulunarak yapt\u0131\u011f\u0131 a\u00e7\u0131klamada, &#8220;7 Ekim (2023) tarihinden bu yana, IDF devam eden \u00e7ok cepheli bir kampanyada \u00e7at\u0131\u015fmalara girmi\u015ftir&#8230; 2026&#8217;n\u0131n t\u00fcm bu cephelerde bir ba\u015fka \u00e7at\u0131\u015fma y\u0131l\u0131 olmas\u0131 muhtemeldir&#8221; dedi.<br \/>\nK\u0131rg\u0131zistan&#8217;\u0131 ziyaret eden Rusya Savunma Bakan\u0131 Andrei Belousov&#8217;un, \u0130ran Savunma Bakan Yard\u0131mc\u0131s\u0131 Reza Talaei-Nik ile g\u00f6r\u00fc\u015fmeler yapt\u0131\u011f\u0131, devlet haber ajans\u0131 TASS taraf\u0131ndan bildirildi.<br \/>\nBelousov, Rusya&#8217;n\u0131n \u0130ran sava\u015f\u0131n\u0131n yaln\u0131zca diplomatik yollarla \u00e7\u00f6z\u00fclmesi gerekti\u011fi y\u00f6n\u00fcndeki uzun s\u00fcredir devam eden tutumunu yineledi ve Moskova ile Tahran&#8217;\u0131n birbirlerini desteklemeye devam edece\u011finden emin oldu\u011funu s\u00f6yledi.<br \/>\nAlmanya \u015eans\u00f6lyesi Friedrich Merz, ABD&#8217;nin \u0130ran sava\u015f\u0131nda nas\u0131l bir \u00e7\u0131k\u0131\u015f stratejisi oldu\u011funu g\u00f6rmedi\u011fini belirterek, &#8220;t\u00fcm bir ulusun \u0130ran liderli\u011fi, \u00f6zellikle de s\u00f6zde Devrim Muhaf\u0131zlar\u0131 taraf\u0131ndan a\u015fa\u011f\u0131land\u0131\u011f\u0131&#8221; uyar\u0131s\u0131nda bulundu.<br \/>\nKuzey Ren-Vestfalya&#8217;daki Marsberg&#8217;de \u00f6\u011frencilere hitap eden Merz, \u0130ranl\u0131lar\u0131n &#8220;a\u00e7\u0131k\u00e7a \u00e7ok ustaca m\u00fczakere etti\u011fini&#8221; ve &#8220;d\u00fc\u015f\u00fcn\u00fclenden a\u00e7\u0131k\u00e7a daha g\u00fc\u00e7l\u00fc&#8221; oldu\u011funu s\u00f6yledi ve \u00e7at\u0131\u015fman\u0131n Almanya ekonomisi \u00fczerindeki do\u011frudan etkisi nedeniyle m\u00fcmk\u00fcn olan en k\u0131sa s\u00fcrede sona erdirilmesi \u00e7a\u011fr\u0131s\u0131nda bulundu.<br \/>\nFransa&#8217;n\u0131n \u00fcst d\u00fczey diplomat\u0131, ABD ve \u0130srail&#8217;in sald\u0131r\u0131s\u0131yla tetiklenen krizi sona erdirmek i\u00e7in yap\u0131lacak g\u00f6r\u00fc\u015fmelerde \u0130ran&#8217;\u0131n &#8220;b\u00fcy\u00fck tavizler&#8221; vermeye haz\u0131r olmas\u0131 gerekti\u011fini s\u00f6yledi.<br \/>\nD\u0131\u015fi\u015fleri Bakan\u0131 Jean-No\u00ebl Barrot, BM G\u00fcvenlik Konseyi oturumunda, &#8220;\u0130ran rejiminin b\u00fcy\u00fck tavizler vermeyi ve tutumunda k\u00f6kl\u00fc bir de\u011fi\u015fiklik yapmay\u0131 kabul etmedik\u00e7e bu krize kal\u0131c\u0131 bir \u00e7\u00f6z\u00fcm bulunamaz&#8221; dedi.<br \/>\n\u0130srail Ba\u015fbakan\u0131 Binyamin Netanyahu, \u0130ran destekli militan grup Hizbullah&#8217;\u0131n sahip oldu\u011fu roket ve insans\u0131z hava ara\u00e7lar\u0131n\u0131n, \u0130srail ordusunun L\u00fcbnan&#8217;da daha fazla askeri eylem yapmas\u0131n\u0131 gerektiren \u00f6nemli bir tehdit olmaya devam etti\u011fini s\u00f6yledi.<br \/>\nOfisinden yap\u0131lan a\u00e7\u0131klamada, &#8220;Hizbullah&#8217;tan hala iki merkezi tehdit var: 122mm roketler ve insans\u0131z hava ara\u00e7lar\u0131. Bu, operasyonel ve teknolojik faaliyetlerin bir kombinasyonunu gerektiriyor&#8221; dedi.<br \/>\nBM denizcilik ajans\u0131 ba\u015fkan\u0131, gemilerin H\u00fcrm\u00fcz Bo\u011faz\u0131&#8217;ndan ge\u00e7i\u015fi i\u00e7in herhangi bir \u00fccret talep edilmesinin &#8220;yasal bir dayana\u011f\u0131 olmad\u0131\u011f\u0131n\u0131&#8221; s\u00f6yledi.<br \/>\nDar bo\u011fazdan nakliye, ABD ve \u0130srail&#8217;in \u015eubat sonunda \u0130ran&#8217;a sald\u0131rmas\u0131ndan bu yana sekteye u\u011frad\u0131.<br \/>\n\u0130ran ge\u00e7i\u015fi kapatarak petrol ve gaz ak\u0131\u015f\u0131n\u0131 keskin bir \u015fekilde azaltt\u0131 ve fiyatlar\u0131 f\u0131rlatt\u0131, ABD ise \u0130ran limanlar\u0131n\u0131 ablukaya ald\u0131. Tahran ayr\u0131ca kal\u0131c\u0131 bir bar\u0131\u015f anla\u015fmas\u0131n\u0131n par\u00e7as\u0131 olarak ge\u00e7i\u015f \u00fccretleri uygulamak istedi\u011fini de belirtti.<br \/>\nIMO Genel Sekreteri Arsenio Dominguez bir bas\u0131n toplant\u0131s\u0131nda, &#8220;Uluslararas\u0131 seyr\u00fcsefer i\u00e7in bo\u011fazlarda herhangi bir vergi, g\u00fcmr\u00fck veya \u00fccret getirilmesinin yasal bir dayana\u011f\u0131 yoktur&#8221; dedi.<br \/>\nAvrupa ve Kuzey Amerika&#8217;dan sorumlu devlet bakan\u0131 Stephen Doughty, Britanya&#8217;n\u0131n ABD ablukas\u0131n\u0131 desteklemese de, \u0130ran&#8217;\u0131n &#8220;d\u00fcnyan\u0131n geri kalan\u0131n\u0131 rehin tuttu\u011fu&#8221; H\u00fcrm\u00fcz Bo\u011faz\u0131&#8217;n\u0131 yeniden a\u00e7mak i\u00e7in ABD ve di\u011ferleriyle \u00e7al\u0131\u015fmay\u0131 destekledi\u011fini s\u00f6yledi.<br \/>\nDeniz trafi\u011finin bo\u011fazdan g\u00fcvenli ve engelsiz akmas\u0131 gerekti\u011fini belirterek, &#8220;buna hi\u00e7bir ge\u00e7i\u015f \u00fccreti, g\u00fcvenlik riski ve elbette uluslararas\u0131 seyr\u00fcsefer \u00f6zg\u00fcrl\u00fc\u011f\u00fc yasalar\u0131na uyum dahildir&#8221; dedi.<br \/>\nDoughty, kritik su yolunda seyr\u00fcsefer g\u00fcvenli\u011fi konulu G\u00fcvenlik Konseyi toplant\u0131s\u0131 \u00f6ncesinde gazetecilere diplomasinin \u00e7ok \u00f6nemli oldu\u011funu s\u00f6yledi.<br \/>\nGerilimin azalt\u0131lmas\u0131 ve ate\u015fkesin de \u00e7ok \u00f6nemli oldu\u011funu belirterek, \u0130ran&#8217;\u0131n bo\u011faz\u0131 kapatmas\u0131na, K\u00f6rfez kom\u015fular\u0131na ve sivil altyap\u0131ya sald\u0131rmas\u0131na ve n\u00fckleer silah geli\u015ftirmesine izin verilemeyece\u011fini vurgulad\u0131.<br \/>\nFransa Cumhurba\u015fkan\u0131 Emmanuel Macron, Andorra&#8217;ya yapaca\u011f\u0131 iki g\u00fcnl\u00fck gezisinin ard\u0131ndan \u0130ranl\u0131 yetkililerle g\u00f6r\u00fc\u015fece\u011fini ve H\u00fcrm\u00fcz Bo\u011faz\u0131&#8217;n\u0131n yeniden a\u00e7\u0131lmas\u0131 konusunda \u0131srar edece\u011fini s\u00f6yledi.<br \/>\n&#8220;G\u00fcvenli\u011fi sa\u011flamak, g\u00fcvence alt\u0131na almak ve istikrara kavu\u015fturmak, uluslararas\u0131 toplumun (H\u00fcrm\u00fcz Bo\u011faz\u0131&#8217;n\u0131n) a\u00e7\u0131lmas\u0131n\u0131 destekledi\u011fini g\u00f6stermek amac\u0131yla bir koalisyon kurduk ve bu nedenle \u00f6n\u00fcm\u00fczdeki g\u00fcnlerde payda\u015flar\u0131 ikna edebilece\u011fimizi umuyorum&#8221; dedi.<br \/>\n\u0130srail Savunma Bakan\u0131 Israel Katz, Hizbullah&#8217;\u0131n meydan okumas\u0131n\u0131n L\u00fcbnan i\u00e7in feci sonu\u00e7lar do\u011furaca\u011f\u0131 uyar\u0131s\u0131nda bulundu. Bu a\u00e7\u0131klamalar, militan grubun liderinin \u0130srail ve L\u00fcbnan aras\u0131nda \u00f6nerilen do\u011frudan g\u00f6r\u00fc\u015fmeleri reddetmesinin ard\u0131ndan geldi.<br \/>\nOfisinden yap\u0131lan a\u00e7\u0131klamaya g\u00f6re Katz, BM L\u00fcbnan el\u00e7isi Jeanine Hennis-Plasschaert&#8217;e, &#8220;Naim Kas\u0131m ate\u015fle oynuyor ve bu ate\u015f Hizbullah&#8217;\u0131 ve t\u00fcm L\u00fcbnan&#8217;\u0131 yakacak&#8230; E\u011fer L\u00fcbnan h\u00fck\u00fcmeti Hizbullah ter\u00f6r \u00f6rg\u00fct\u00fcn\u00fcn kanatlar\u0131 alt\u0131nda saklanmaya devam ederse, ate\u015f \u00e7\u0131kacak ve L\u00fcbnan sedirlerini saracak&#8221; dedi.<br \/>\nL\u00fcbnan sa\u011fl\u0131k bakanl\u0131\u011f\u0131 yapt\u0131\u011f\u0131 a\u00e7\u0131klamada, \u0130srail ile Hizbullah aras\u0131ndaki son sava\u015f\u0131n 2 Mart&#8217;ta ba\u015flamas\u0131ndan bu yana L\u00fcbnan&#8217;da en az 2.521 ki\u015finin \u00f6ld\u00fc\u011f\u00fcn\u00fc ve toplam 7.804 ki\u015finin de yaraland\u0131\u011f\u0131n\u0131 bildirdi.<br \/>\n17 Nisan&#8217;dan bu yana y\u00fcr\u00fcrl\u00fckte olan ate\u015fkese ra\u011fmen, her iki taraf\u00e7a da tekrarlanan ihlaller ya\u015fand\u0131.<br \/>\nBirle\u015fik Arap Emirlikleri&#8217;nden \u00fcst d\u00fczey bir yetkili, \u0130srail-ABD sald\u0131r\u0131lar\u0131n\u0131n Ortado\u011fu sava\u015f\u0131n\u0131 ba\u015flatmas\u0131n\u0131n ard\u0131ndan b\u00f6lgedeki \u0130ran misilleme sald\u0131r\u0131lar\u0131na kar\u015f\u0131 K\u00f6rfez m\u00fcttefiklerinin tepkisini ele\u015ftirdi.<br \/>\nBa\u015fkanl\u0131k dan\u0131\u015fman\u0131 Enver Gargash, K\u00f6rfez \u00fclkelerinin krizde birbirlerini lojistik olarak destekledi\u011fini ancak siyasi ve askeri tepkilerini sert bir dille ele\u015ftirdi\u011fini s\u00f6yledi.<br \/>\nAlt\u0131 \u00fcyeli K\u00f6rfez \u0130\u015fbirli\u011fi Konseyi&#8217;ne at\u0131fta bulunan Gargash, &#8220;Sald\u0131r\u0131n\u0131n do\u011fas\u0131 ve herkese y\u00f6nelik olu\u015fturdu\u011fu tehdit g\u00f6z \u00f6n\u00fcne al\u0131nd\u0131\u011f\u0131nda, K\u0130K&#8217;in duru\u015fu tarihsel olarak en zay\u0131f\u0131yd\u0131&#8221; dedi.<br \/>\nABD ve \u0130srail&#8217;in 28 \u015eubat&#8217;ta \u0130ran&#8217;a sald\u0131r\u0131 ba\u015flatmas\u0131n\u0131n ard\u0131ndan Tahran, K\u0130K \u00fclkeleri olan Bahreyn, Kuveyt, Umman, Katar, Suudi Arabistan ve BAE&#8217;ye y\u00fczlerce f\u00fcze ve insans\u0131z hava arac\u0131 f\u0131rlatt\u0131. En \u00e7ok hedef al\u0131nan \u00fclke olan BAE, \u0130ran&#8217;a kar\u015f\u0131 daha sert bir ton benimserken, kom\u015fular\u0131 daha \u00f6l\u00e7\u00fcl\u00fc g\u00f6r\u00fcn\u00fcyor.<br \/>\nBahreyn i\u00e7i\u015fleri bakanl\u0131\u011f\u0131, &#8220;\u0130ran sald\u0131r\u0131lar\u0131na destek ifade ettikleri&#8221; gerek\u00e7esiyle 69 ki\u015fi ve ailelerinin vatanda\u015fl\u0131klar\u0131n\u0131 iptal etti\u011fini duyurdu.<br \/>\nBahreyn, 28 \u015eubat&#8217;ta ba\u015flayan ABD-\u0130srail&#8217;in \u0130ran&#8217;a y\u00f6nelik hava sald\u0131r\u0131lar\u0131na misilleme olarak \u0130ran&#8217;\u0131n sald\u0131r\u0131lar\u0131na maruz kalan K\u00f6rfez \u00fclkeleri aras\u0131nda yer al\u0131yor.<br \/>\nABD Ba\u015fkan\u0131 Donald Trump, \u0130ran&#8217;\u0131n iki \u00fclke aras\u0131ndaki sava\u015f\u0131 sona erdirmek i\u00e7in m\u00fczakere etmek istemesi halinde ABD ile telefonla ileti\u015fime ge\u00e7ebilece\u011fini s\u00f6yledi.<br \/>\n\u0130ki \u0130srailli siyasi a\u011f\u0131r top, uzun s\u00fcredir ba\u015fbakanl\u0131k yapan Binyamin Netanyahu&#8217;yu g\u00f6revden uzakla\u015ft\u0131rmak amac\u0131yla yakla\u015fan se\u00e7imlerde g\u00fc\u00e7lerini birle\u015ftireceklerini s\u00f6yledi.<br \/>\nL\u00fcbnan Hizbullah&#8217;\u0131, \u0130srail&#8217;i ate\u015fkese uymamakla su\u00e7lad\u0131 ve ihlallerin direni\u015fle kar\u015f\u0131lanaca\u011f\u0131 uyar\u0131s\u0131nda bulundu.<br \/>\n(FRANCE 24, AFP, AP ve Reuters ile)<br \/>\n#Ortado\u011fuSava\u015f\u0131 #\u0130ran #\u0130srail #L\u00fcbnan #Hizbullah #Putin #H\u00fcrm\u00fczBo\u011faz\u0131 #ABD #Diplomasi #Gerilim<\/p>\n","protected":false},"excerpt":{"rendered":"<p>Canl\u0131 Rusya Devlet Ba\u015fkan\u0131 Vladimir Putin Pazartesi g\u00fcn\u00fc \u0130ran D\u0131\u015fi\u015fleri Bakan\u0131 Abbas Araghchi&#8217;yi a\u011f\u0131rlayarak, Moskova&#8217;n\u0131n Tahran&#8217;\u0131n ve kom\u015fular\u0131n\u0131n \u00e7\u0131karlar\u0131na hizmet eden &#8220;her \u015feyi&#8221; yapaca\u011f\u0131n\u0131 s\u00f6yledi. Bu arada L\u00fcbnan&#8217;da \u0130srail, do\u011fudaki Bekaa Vadisi&#8217;ne, g\u00fcneye ve Suriye s\u0131n\u0131r\u0131na yak\u0131n b\u00f6lgelere sald\u0131r\u0131lar d\u00fczenleyerek bombalama kampanyas\u0131n\u0131n kapsam\u0131n\u0131 geni\u015fletti. En son g\u00fcncellemeler i\u00e7in canl\u0131 blogumuzu takip edin. Tahran&#8217;\u0131n Birle\u015fmi\u015f Milletler [&hellip;]<\/p>\n","protected":false},"author":2,"featured_media":12708,"comment_status":"open","ping_status":"open","sticky":false,"template":"","format":"standard","meta":{"footnotes":""},"categories":[31],"tags":[],"class_list":["post-12707","post","type-post","status-publish","format-standard","has-post-thumbnail","hentry","category-iran-haberleri"],"_links":{"self":[{"href":"https:\/\/fajr.news\/index.php?rest_route=\/wp\/v2\/posts\/12707","targetHints":{"allow":["GET"]}}],"collection":[{"href":"https:\/\/fajr.news\/index.php?rest_route=\/wp\/v2\/posts"}],"about":[{"href":"https:\/\/fajr.news\/index.php?rest_route=\/wp\/v2\/types\/post"}],"author":[{"embeddable":true,"href":"https:\/\/fajr.news\/index.php?rest_route=\/wp\/v2\/users\/2"}],"replies":[{"embeddable":true,"href":"https:\/\/fajr.news\/index.php?rest_route=%2Fwp%2Fv2%2Fcomments&post=12707"}],"version-history":[{"count":0,"href":"https:\/\/fajr.news\/index.php?rest_route=\/wp\/v2\/posts\/12707\/revisions"}],"wp:featuredmedia":[{"embeddable":true,"href":"https:\/\/fajr.news\/index.php?rest_route=\/wp\/v2\/media\/12708"}],"wp:attachment":[{"href":"https:\/\/fajr.news\/index.php?rest_route=%2Fwp%2Fv2%2Fmedia&parent=12707"}],"wp:term":[{"taxonomy":"category","embeddable":true,"href":"https:\/\/fajr.news\/index.php?rest_route=%2Fwp%2Fv2%2Fcategories&post=12707"},{"taxonomy":"post_tag","embeddable":true,"href":"https:\/\/fajr.news\/index.php?rest_route=%2Fwp%2Fv2%2Ftags&post=12707"}],"curies":[{"name":"wp","href":"https:\/\/api.w.org\/{rel}","templated":true}]}}