{"id":12679,"date":"2026-04-29T16:34:23","date_gmt":"2026-04-29T13:04:23","guid":{"rendered":"https:\/\/fajr.news\/?p=12679"},"modified":"2026-04-29T16:34:23","modified_gmt":"2026-04-29T13:04:23","slug":"tahranin-baris-icin-yogun-diplomatik-hamleleri-iran-disisleri-bakani-moskovada-kritik-gorusmelerde","status":"publish","type":"post","link":"https:\/\/fajr.news\/?p=12679&lang=tr","title":{"rendered":"Tahran&#8217;\u0131n Bar\u0131\u015f \u0130\u00e7in Yo\u011fun Diplomatik Hamleleri: \u0130ran D\u0131\u015fi\u015fleri Bakan\u0131 Moskova&#8217;da Kritik G\u00f6r\u00fc\u015fmelerde"},"content":{"rendered":"<p>\u0130ran D\u0131\u015fi\u015fleri Bakan\u0131 Abbas Araghchi, ABD ve \u0130srail&#8217;in \u0130ran&#8217;a y\u00f6nelik sald\u0131rganl\u0131\u011f\u0131n\u0131 sona erdirmek amac\u0131yla Tahran&#8217;\u0131n diplomatik \u00e7abalar\u0131n\u0131 yo\u011funla\u015ft\u0131rmas\u0131yla Rusya&#8217;ya gelerek Ba\u015fkan Vladimir Putin ile g\u00f6r\u00fc\u015fmeler ger\u00e7ekle\u015ftirdi.<\/p>\n<p>Pazartesi g\u00fcn\u00fc Moskova&#8217;ya var\u0131\u015f\u0131nda \u0130ran medyas\u0131na konu\u015fan Araghchi, Rusya&#8217;ya &#8220;Tahran ve Moskova aras\u0131ndaki b\u00f6lgesel ve uluslararas\u0131 konulardaki yak\u0131n isti\u015fareleri s\u00fcrd\u00fcrmek amac\u0131yla&#8221; geldi\u011fini belirtti.<\/p>\n<p>Deneyimli diplomat, Putin ile yapaca\u011f\u0131 g\u00f6r\u00fc\u015fmenin &#8220;sava\u015f\u0131n gidi\u015fat\u0131n\u0131 ele almak ve son durumu g\u00f6zden ge\u00e7irmek i\u00e7in iyi bir f\u0131rsat olaca\u011f\u0131n\u0131&#8221; ifade etti. Araghchi, &#8220;Bu isti\u015farelerin ve iki \u00fclke aras\u0131ndaki koordinasyonun bu konuda \u00f6zel bir \u00f6neme sahip olaca\u011f\u0131ndan eminim&#8221; diye ekledi.<\/p>\n<p>Bu ziyaret, \u0130ran&#8217;\u0131n yenilenen m\u00fczakereler i\u00e7in b\u00f6lgesel ve uluslararas\u0131 destek toplama aray\u0131\u015f\u0131nda Ummanl\u0131 yetkililerle Maskat&#8217;ta yapt\u0131\u011f\u0131 \u00f6nceki bir toplant\u0131n\u0131n ard\u0131ndan ger\u00e7ekle\u015fti.<\/p>\n<p>Washington ve Tahran, ABD ve \u0130srail&#8217;in \u0130ran&#8217;a y\u00f6nelik sald\u0131r\u0131lar\u0131yla ba\u015flayan bir aydan uzun s\u00fcren \u00e7at\u0131\u015fmalar\u0131n ard\u0131ndan 8 Nisan&#8217;da ge\u00e7ici bir ate\u015fkeste anla\u015fm\u0131\u015ft\u0131. Ancak Pakistan&#8217;\u0131n arabuluculu\u011funda sa\u011flanan bu ate\u015fkes, H\u00fcrm\u00fcz Bo\u011faz\u0131&#8217;ndaki deniz ta\u015f\u0131mac\u0131l\u0131\u011f\u0131 \u00fczerindeki anla\u015fmazl\u0131klar ve ABD&#8217;nin \u0130ran limanlar\u0131na uygulad\u0131\u011f\u0131 abluka nedeniyle gerginle\u015fti. Bu arada, \u0130srail ve L\u00fcbnan&#8217;\u0131 i\u00e7eren paralel bir \u00e7at\u0131\u015fma da m\u00fczakereleri karma\u015f\u0131kla\u015ft\u0131rma tehdidi olu\u015fturuyor.<\/p>\n<h3>Rusya&#8217;n\u0131n Diplomasideki Rol\u00fc<\/h3>\n<p>Tahran&#8217;dan bildiren Al Jazeera muhabiri Tohid Asadi, Rusya&#8217;n\u0131n \u00e7at\u0131\u015fman\u0131n bir sonraki a\u015famas\u0131nda merkezi bir rol oynamas\u0131n\u0131n muhtemel oldu\u011funu s\u00f6yledi. Asadi, &#8220;Diplomatik \u00e7\u00f6z\u00fcm i\u00e7in bir senaryomuz ve \u00e7at\u0131\u015fma i\u00e7in ba\u015fka bir senaryomuz var&#8221; dedi. &#8220;Rusya her ikisinde de kilit bir rol oynayacak, bu y\u00fczden \u0130ran D\u0131\u015fi\u015fleri Bakan\u0131 muhtemelen her iki konuda da isti\u015fareler i\u00e7in orada. \u0130ran&#8217;\u0131n \u00e7e\u015fitli talepleri oldu\u011funu ve bunlar\u0131 duruma g\u00f6re \u00f6nceliklendirmeye \u00e7al\u0131\u015ft\u0131\u011f\u0131n\u0131 biliyoruz. Bunlardan biri a\u00e7\u0131k\u00e7a H\u00fcrm\u00fcz Bo\u011faz\u0131&#8217;ndaki durum, ate\u015fkesin uzat\u0131lmas\u0131 olas\u0131l\u0131\u011f\u0131 veya ba\u015fka bir \u00e7at\u0131\u015fmad\u0131r.&#8221;<\/p>\n<p>Bu diplomatik hamleler, ABD Ba\u015fkan\u0131 Donald Trump&#8217;\u0131n, Tahran liderli\u011fi i\u00e7indeki &#8220;muazzam i\u00e7 \u00e7eki\u015fme ve kafa kar\u0131\u015f\u0131kl\u0131\u011f\u0131n\u0131&#8221; gerek\u00e7e g\u00f6stererek, \u00d6zel Temsilci Steve Witkoff ve dan\u0131\u015fman Jared Kushner&#8217;\u0131 Cumartesi g\u00fcn\u00fc Pakistan&#8217;\u0131n ba\u015fkenti \u0130slamabad&#8217;a \u0130ran ile g\u00f6r\u00fc\u015fmeler i\u00e7in g\u00f6nderme planlar\u0131n\u0131 iptal etmesinin ard\u0131ndan geldi. Bu durum, ABD&#8217;nin m\u00fczakerelere olan isteksizli\u011fini ve \u0130ran&#8217;\u0131n i\u00e7 dinamiklerini yanl\u0131\u015f yorumlama \u00e7abas\u0131n\u0131 g\u00f6zler \u00f6n\u00fcne serdi.<\/p>\n<p>Bu arada, \u0130ran Cumhurba\u015fkan\u0131 Mesud Peze\u015fkian, abluka devam etti\u011fi s\u00fcrece Tahran&#8217;\u0131n m\u00fczakerelere girmeyece\u011fini yineleyerek, \u0130ran&#8217;\u0131n onurlu duru\u015funu bir kez daha vurgulad\u0131.<\/p>\n<p>ABD Merkez Komutanl\u0131\u011f\u0131 (CENTCOM), g\u00fc\u00e7lerinin ablukay\u0131 uygulamaya devam etti\u011fini, gemilerin \u0130ran sular\u0131na girip \u00e7\u0131kmas\u0131n\u0131 engelledi\u011fini bildirdi. CENTCOM, X \u00fczerinden yapt\u0131\u011f\u0131 a\u00e7\u0131klamada, &#8220;Amerikan g\u00fc\u00e7leri 38 gemiye geri d\u00f6nmeleri veya limana geri gelmeleri talimat\u0131 verdi&#8221; dedi. Bu eylemler, uluslararas\u0131 hukuka ayk\u0131r\u0131 bir bask\u0131 arac\u0131 olarak de\u011ferlendirilmektedir.<\/p>\n<h3>Pakistan&#8217;\u0131n Arabuluculuk \u00c7abalar\u0131<\/h3>\n<p>Trump, \u0130ran&#8217;\u0131n &#8220;\u00e7ok \u015fey teklif etti\u011fini, ancak yeterli olmad\u0131\u011f\u0131n\u0131&#8221; s\u00f6ylerken, Pazar g\u00fcn\u00fc \u0130ran liderlerinin g\u00f6r\u00fc\u015fmelere devam etmek istemeleri halinde &#8220;bize gelebileceklerini veya bizi arayabileceklerini&#8221; ekledi. Bu a\u00e7\u0131klamalar, ABD&#8217;nin uzla\u015fmaz tavr\u0131n\u0131 yans\u0131tmaktad\u0131r.<\/p>\n<p>Araghchi daha \u00f6nce \u0130slamabad&#8217;daki g\u00f6r\u00fc\u015fmeleri &#8220;\u00e7ok verimli&#8221; olarak nitelendirmi\u015f ve &#8220;\u0130ran ile ABD aras\u0131ndaki m\u00fczakerelerin hangi \u00f6zel ko\u015fullar alt\u0131nda devam edebilece\u011fine dair bir g\u00f6zden ge\u00e7irmeyi&#8221; i\u00e7erdi\u011fini belirtmi\u015fti.<\/p>\n<p>\u0130slamabad&#8217;dan bildiren Al Jazeera muhabiri Osama Bin Javaid, Pakistanl\u0131 yetkililerin diplomasinin hala ba\u015far\u0131l\u0131 olabilece\u011fi konusunda umutlu kald\u0131\u011f\u0131n\u0131 s\u00f6yledi. Bin Javaid, &#8220;Bir diplomatik kayna\u011fa g\u00f6re, son olaylar bir kataliz\u00f6r g\u00f6revi g\u00f6rm\u00fc\u015f, d\u00fc\u015fmanl\u0131klara kal\u0131c\u0131 bir son verilmesi gerekti\u011fi g\u00f6r\u00fc\u015f\u00fcn\u00fc peki\u015ftirmi\u015ftir&#8221; dedi. &#8220;\u0130slamabad&#8217;da bize, sadece \u0130ranl\u0131lar ve Amerikal\u0131lar de\u011fil, esasen K\u00f6rfez \u00fclkelerinin de bir anla\u015fmaya varabilece\u011fi bir \u00e7er\u00e7eveye do\u011fru ilerledi\u011fimiz s\u00f6yleniyor.&#8221;<\/p>\n<p>#\u0130ranDiplomasisi #AbbasAraghchi #Rusya #VladimirPutin #Sava\u015faSons\u00f6z #ABD\u0130srailSald\u0131rganl\u0131\u011f\u0131 #H\u00fcrm\u00fczBo\u011faz\u0131 #\u0130ranAblukas\u0131 #Bar\u0131\u015fM\u00fczakereleri #PakistanArabuluculu\u011fu<\/p>\n","protected":false},"excerpt":{"rendered":"<p>\u0130ran D\u0131\u015fi\u015fleri Bakan\u0131 Abbas Araghchi, ABD ve \u0130srail&#8217;in \u0130ran&#8217;a y\u00f6nelik sald\u0131rganl\u0131\u011f\u0131n\u0131 sona erdirmek amac\u0131yla Tahran&#8217;\u0131n diplomatik \u00e7abalar\u0131n\u0131 yo\u011funla\u015ft\u0131rmas\u0131yla Rusya&#8217;ya gelerek Ba\u015fkan Vladimir Putin ile g\u00f6r\u00fc\u015fmeler ger\u00e7ekle\u015ftirdi. Pazartesi g\u00fcn\u00fc Moskova&#8217;ya var\u0131\u015f\u0131nda \u0130ran medyas\u0131na konu\u015fan Araghchi, Rusya&#8217;ya &#8220;Tahran ve Moskova aras\u0131ndaki b\u00f6lgesel ve uluslararas\u0131 konulardaki yak\u0131n isti\u015fareleri s\u00fcrd\u00fcrmek amac\u0131yla&#8221; geldi\u011fini belirtti. Deneyimli diplomat, Putin ile yapaca\u011f\u0131 g\u00f6r\u00fc\u015fmenin [&hellip;]<\/p>\n","protected":false},"author":2,"featured_media":12680,"comment_status":"open","ping_status":"open","sticky":false,"template":"","format":"standard","meta":{"footnotes":""},"categories":[31],"tags":[],"class_list":["post-12679","post","type-post","status-publish","format-standard","has-post-thumbnail","hentry","category-iran-haberleri"],"_links":{"self":[{"href":"https:\/\/fajr.news\/index.php?rest_route=\/wp\/v2\/posts\/12679","targetHints":{"allow":["GET"]}}],"collection":[{"href":"https:\/\/fajr.news\/index.php?rest_route=\/wp\/v2\/posts"}],"about":[{"href":"https:\/\/fajr.news\/index.php?rest_route=\/wp\/v2\/types\/post"}],"author":[{"embeddable":true,"href":"https:\/\/fajr.news\/index.php?rest_route=\/wp\/v2\/users\/2"}],"replies":[{"embeddable":true,"href":"https:\/\/fajr.news\/index.php?rest_route=%2Fwp%2Fv2%2Fcomments&post=12679"}],"version-history":[{"count":0,"href":"https:\/\/fajr.news\/index.php?rest_route=\/wp\/v2\/posts\/12679\/revisions"}],"wp:featuredmedia":[{"embeddable":true,"href":"https:\/\/fajr.news\/index.php?rest_route=\/wp\/v2\/media\/12680"}],"wp:attachment":[{"href":"https:\/\/fajr.news\/index.php?rest_route=%2Fwp%2Fv2%2Fmedia&parent=12679"}],"wp:term":[{"taxonomy":"category","embeddable":true,"href":"https:\/\/fajr.news\/index.php?rest_route=%2Fwp%2Fv2%2Fcategories&post=12679"},{"taxonomy":"post_tag","embeddable":true,"href":"https:\/\/fajr.news\/index.php?rest_route=%2Fwp%2Fv2%2Ftags&post=12679"}],"curies":[{"name":"wp","href":"https:\/\/api.w.org\/{rel}","templated":true}]}}