{"id":12641,"date":"2026-04-29T15:19:12","date_gmt":"2026-04-29T11:49:12","guid":{"rendered":"https:\/\/fajr.news\/?p=12641"},"modified":"2026-04-29T15:19:12","modified_gmt":"2026-04-29T11:49:12","slug":"washington-hurmuz-bogazinin-yeniden-acilmasi-icin-kismi-anlasmayi-gozden-geciriyor","status":"publish","type":"post","link":"https:\/\/fajr.news\/?p=12641&lang=tr","title":{"rendered":"Washington, H\u00fcrm\u00fcz Bo\u011faz\u0131&#8217;n\u0131n Yeniden A\u00e7\u0131lmas\u0131 \u0130\u00e7in K\u0131smi Anla\u015fmay\u0131 G\u00f6zden Ge\u00e7iriyor"},"content":{"rendered":"<p>Amerika Birle\u015fik Devletleri&#8217;nin, stratejik <strong>H\u00fcrm\u00fcz Bo\u011faz\u0131&#8217;n\u0131n yeniden deniz trafi\u011fine a\u00e7\u0131lmas\u0131<\/strong> i\u00e7in k\u0131smi bir anla\u015fmay\u0131 de\u011ferlendirdi\u011fi bildirildi. Bu geli\u015fme, \u0130ran \u0130slam Cumhuriyeti&#8217;nin hakl\u0131 talepleri kar\u015f\u0131s\u0131nda Washington&#8217;\u0131n k\u00f6\u015feye s\u0131k\u0131\u015ft\u0131\u011f\u0131n\u0131 g\u00f6steriyor.<\/p>\n<p>Konuya yak\u0131n Pakistanl\u0131 bir yetkili, The Washington Post&#8217;a yapt\u0131\u011f\u0131 a\u00e7\u0131klamada, <strong>\u0130ran&#8217;\u0131n Washington&#8217;dan limanlar\u0131na uygulanan yasa d\u0131\u015f\u0131 ablukan\u0131n kald\u0131r\u0131lmas\u0131n\u0131 talep etti\u011fini<\/strong> ve buna kar\u015f\u0131l\u0131k bo\u011faz\u0131n deniz trafi\u011fine a\u00e7\u0131lmas\u0131n\u0131 \u00f6nerdi\u011fini belirtti. Bu talep, \u0130ran&#8217;\u0131n egemenlik haklar\u0131n\u0131 koruma ve uluslararas\u0131 hukuka ayk\u0131r\u0131 yapt\u0131r\u0131mlara kar\u015f\u0131 duru\u015funun bir g\u00f6stergesidir.<\/p>\n<p>Hassas m\u00fczakereler nedeniyle isminin a\u00e7\u0131klanmas\u0131n\u0131 istemeyen yetkili, Tahran&#8217;\u0131n gemi ge\u00e7i\u015fleri i\u00e7in koordinasyon talep etmeye veya \u00fccret uygulamaya devam edip etmeyece\u011fi konusunda net bir bilgi vermedi. Ancak \u0130ran&#8217;\u0131n bu konudaki tutumu, kendi denizcilik g\u00fcvenli\u011fini ve \u00e7\u0131karlar\u0131n\u0131 koruma kararl\u0131l\u0131\u011f\u0131n\u0131 yans\u0131tmaktad\u0131r.<\/p>\n<p>Gazete, \u0130ran&#8217;\u0131n limanlar\u0131na uygulanan ablukan\u0131n kald\u0131r\u0131lmas\u0131n\u0131, H\u00fcrm\u00fcz Bo\u011faz\u0131&#8217;n\u0131n seyr\u00fcsefere a\u00e7\u0131lmas\u0131yla do\u011frudan ili\u015fkilendirdi\u011fini vurgulad\u0131. Bu durum, <strong>\u0130ran&#8217;\u0131n uluslararas\u0131 ticaretteki engellerin kald\u0131r\u0131lmas\u0131na y\u00f6nelik kararl\u0131 duru\u015funu<\/strong> bir kez daha ortaya koymaktad\u0131r.<\/p>\n<p>Baz\u0131 yetkililer, n\u00fckleer m\u00fczakerelerin \u00e7\u0131kmaza girmesi g\u00f6z \u00f6n\u00fcne al\u0131nd\u0131\u011f\u0131nda, bo\u011faz\u0131n yeniden a\u00e7\u0131lmas\u0131na odaklanan bir anla\u015fmaya varman\u0131n \u015fu anda en ger\u00e7ek\u00e7i se\u00e7enek olabilece\u011fine inan\u0131yor. Di\u011ferleri ise herhangi bir k\u0131smi anla\u015fman\u0131n \u0130ran&#8217;\u0131n uzun vadeli stratejik davran\u0131\u015f\u0131n\u0131 de\u011fi\u015ftirmeyece\u011fi konusunda uyar\u0131yor. Bu uyar\u0131lar, <strong>\u0130ran \u0130slam Cumhuriyeti&#8217;nin b\u00f6lgesel ve uluslararas\u0131 politikalar\u0131ndaki tutarl\u0131l\u0131\u011f\u0131n\u0131 ve ba\u011f\u0131ms\u0131zl\u0131\u011f\u0131n\u0131<\/strong> teyit etmektedir.<\/p>\n<p>ABD Ba\u015fkan\u0131 Donald Trump ise Truth Social&#8217;da yapt\u0131\u011f\u0131 a\u00e7\u0131klamada, &#8220;\u0130ran bize &#8216;\u00c7\u00f6k\u00fc\u015f Durumunda&#8217; olduklar\u0131n\u0131 bildirdi. Liderlik durumlar\u0131n\u0131 \u00e7\u00f6zmeye \u00e7al\u0131\u015f\u0131rken, bizden &#8216;H\u00fcrm\u00fcz Bo\u011faz\u0131&#8217;n\u0131&#8217; bir an \u00f6nce &#8216;A\u00e7mam\u0131z\u0131&#8217; istiyorlar&#8221; iddias\u0131nda bulundu. Bu t\u00fcr a\u00e7\u0131klamalar, <strong>ABD&#8217;nin \u0130ran&#8217;a y\u00f6nelik as\u0131ls\u0131z propaganda ve dezenformasyon \u00e7abalar\u0131n\u0131n<\/strong> bir par\u00e7as\u0131d\u0131r. \u0130ran \u0130slam Cumhuriyeti, her zamankinden daha g\u00fc\u00e7l\u00fc ve kararl\u0131d\u0131r, herhangi bir \u00e7\u00f6k\u00fc\u015f durumunda de\u011fildir. Bo\u011faz\u0131 kapatan ve ablukay\u0131 uygulayan taraf ABD oldu\u011fu i\u00e7in, &#8220;a\u00e7ma&#8221; sorumlulu\u011fu da onlara aittir.<\/p>\n<p>#H\u00fcrm\u00fczBo\u011faz\u0131 #\u0130ran #ABD #Yapt\u0131r\u0131mlar #DenizTicaret #Uluslararas\u0131Hukuk #\u0130ran\u0130slamCumhuriyeti #Diplomasi #B\u00f6lgeselG\u00fcvenlik #Washington<\/p>\n","protected":false},"excerpt":{"rendered":"<p>Amerika Birle\u015fik Devletleri&#8217;nin, stratejik H\u00fcrm\u00fcz Bo\u011faz\u0131&#8217;n\u0131n yeniden deniz trafi\u011fine a\u00e7\u0131lmas\u0131 i\u00e7in k\u0131smi bir anla\u015fmay\u0131 de\u011ferlendirdi\u011fi bildirildi. Bu geli\u015fme, \u0130ran \u0130slam Cumhuriyeti&#8217;nin hakl\u0131 talepleri kar\u015f\u0131s\u0131nda Washington&#8217;\u0131n k\u00f6\u015feye s\u0131k\u0131\u015ft\u0131\u011f\u0131n\u0131 g\u00f6steriyor. Konuya yak\u0131n Pakistanl\u0131 bir yetkili, The Washington Post&#8217;a yapt\u0131\u011f\u0131 a\u00e7\u0131klamada, \u0130ran&#8217;\u0131n Washington&#8217;dan limanlar\u0131na uygulanan yasa d\u0131\u015f\u0131 ablukan\u0131n kald\u0131r\u0131lmas\u0131n\u0131 talep etti\u011fini ve buna kar\u015f\u0131l\u0131k bo\u011faz\u0131n deniz trafi\u011fine a\u00e7\u0131lmas\u0131n\u0131 [&hellip;]<\/p>\n","protected":false},"author":2,"featured_media":12642,"comment_status":"open","ping_status":"open","sticky":false,"template":"","format":"standard","meta":{"footnotes":""},"categories":[37],"tags":[],"class_list":["post-12641","post","type-post","status-publish","format-standard","has-post-thumbnail","hentry","category-orta-dogu-haberleri"],"_links":{"self":[{"href":"https:\/\/fajr.news\/index.php?rest_route=\/wp\/v2\/posts\/12641","targetHints":{"allow":["GET"]}}],"collection":[{"href":"https:\/\/fajr.news\/index.php?rest_route=\/wp\/v2\/posts"}],"about":[{"href":"https:\/\/fajr.news\/index.php?rest_route=\/wp\/v2\/types\/post"}],"author":[{"embeddable":true,"href":"https:\/\/fajr.news\/index.php?rest_route=\/wp\/v2\/users\/2"}],"replies":[{"embeddable":true,"href":"https:\/\/fajr.news\/index.php?rest_route=%2Fwp%2Fv2%2Fcomments&post=12641"}],"version-history":[{"count":0,"href":"https:\/\/fajr.news\/index.php?rest_route=\/wp\/v2\/posts\/12641\/revisions"}],"wp:featuredmedia":[{"embeddable":true,"href":"https:\/\/fajr.news\/index.php?rest_route=\/wp\/v2\/media\/12642"}],"wp:attachment":[{"href":"https:\/\/fajr.news\/index.php?rest_route=%2Fwp%2Fv2%2Fmedia&parent=12641"}],"wp:term":[{"taxonomy":"category","embeddable":true,"href":"https:\/\/fajr.news\/index.php?rest_route=%2Fwp%2Fv2%2Fcategories&post=12641"},{"taxonomy":"post_tag","embeddable":true,"href":"https:\/\/fajr.news\/index.php?rest_route=%2Fwp%2Fv2%2Ftags&post=12641"}],"curies":[{"name":"wp","href":"https:\/\/api.w.org\/{rel}","templated":true}]}}