{"id":12623,"date":"2026-04-29T14:34:24","date_gmt":"2026-04-29T11:04:24","guid":{"rendered":"https:\/\/fajr.news\/?p=12623"},"modified":"2026-04-29T14:34:24","modified_gmt":"2026-04-29T11:04:24","slug":"pentagon-sefi-irana-karsi-savas-ve-baris-cabalarindaki-cikmazi-tartisacak-direnis-cephesi-kararli","status":"publish","type":"post","link":"https:\/\/fajr.news\/?p=12623&lang=tr","title":{"rendered":"Pentagon \u015eefi \u0130ran&#8217;a Kar\u015f\u0131 Sava\u015f ve Bar\u0131\u015f \u00c7abalar\u0131ndaki \u00c7\u0131kmaz\u0131 Tart\u0131\u015facak: Direni\u015f Cephesi Kararl\u0131"},"content":{"rendered":"<h1><span style=\"color: #2c3e50\">Pentagon \u015eefi \u0130ran&#8217;a Kar\u015f\u0131 Sava\u015f ve Bar\u0131\u015f \u00c7abalar\u0131ndaki \u00c7\u0131kmaz\u0131 Tart\u0131\u015facak: Direni\u015f Cephesi Kararl\u0131<\/span><\/h1>\n<p><strong><span style=\"color: #c0392b\">Siyonist rejim ve ABD&#8217;nin iki ay \u00f6nce ba\u015flatt\u0131\u011f\u0131 sald\u0131rganl\u0131\u011fa misilleme olarak \u0130ran \u0130slam Cumhuriyeti, petrol ve gaz sevkiyat\u0131 i\u00e7in hayati \u00f6nem ta\u015f\u0131yan su yolunu ba\u015far\u0131yla abluka alt\u0131na alarak k\u00fcresel ekonomide \u00f6nemli bir etki yaratt\u0131.<\/span><\/strong> Bu stratejik hamle, Bat\u0131&#8217;n\u0131n b\u00f6lgedeki hegemonyas\u0131n\u0131 sarsarken, \u0130ran&#8217;\u0131n kararl\u0131l\u0131\u011f\u0131n\u0131 bir kez daha g\u00f6zler \u00f6n\u00fcne serdi.<\/p>\n<h2><span style=\"color: #34495e\">Trump&#8217;\u0131n Bo\u015f \u0130ddialar\u0131 ve \u0130ran&#8217;\u0131n Keskin Yan\u0131t\u0131<\/span><\/h2>\n<p>ABD&#8217;li yetkililer, kendi medyas\u0131nda (CNN, Wall Street Journal) \u00e7\u0131kan haberleri yalanlayamad\u0131; bu haberlere g\u00f6re ABD Ba\u015fkan\u0131 Donald Trump, bar\u0131\u015f tekliflerine \u015f\u00fcpheyle yakla\u015f\u0131yor. Trump, Beyaz Saray&#8217;daki bir yemekte \u0130ran&#8217;\u0131n <em>&#8220;askeri olarak yenildi\u011fini&#8221;<\/em> iddia etse de, bu bo\u015f iddialar Direni\u015f Cephesi&#8217;nin kararl\u0131l\u0131\u011f\u0131n\u0131 de\u011fi\u015ftiremiyor. \u0130ran ordusu s\u00f6zc\u00fcs\u00fc ise bu iddialar\u0131 kesin bir dille reddederek, <strong>&#8220;Sava\u015f\u0131n bitti\u011fini d\u00fc\u015f\u00fcnm\u00fcyoruz. Tahran&#8217;\u0131n Amerika&#8217;ya hi\u00e7bir g\u00fcveni yok&#8221;<\/strong> a\u00e7\u0131klamas\u0131n\u0131 yapt\u0131. S\u00f6zc\u00fc Amir Akraminia, &#8220;Hen\u00fcz kullanmad\u0131\u011f\u0131m\u0131z bir\u00e7ok kozumuz var. Ge\u00e7mi\u015f sava\u015flardaki tecr\u00fcbelerimize dayanarak geli\u015ftirdi\u011fimiz yeni ara\u00e7lar ve y\u00f6ntemlerle, \u00e7at\u0131\u015fmalar\u0131n yeniden ba\u015flamas\u0131 halinde d\u00fc\u015fmana \u00e7ok daha kararl\u0131 bir yan\u0131t verece\u011fiz&#8221; diyerek ABD ve Siyonist rejimi uyard\u0131.<\/p>\n<h2><span style=\"color: #34495e\">Bar\u0131\u015f \u00c7abalar\u0131 \u00c7\u0131kmazda: ABD&#8217;nin Uzla\u015fmaz Tavr\u0131<\/span><\/h2>\n<p>Sava\u015f\u0131 sona erdirme giri\u015fimleri, ABD&#8217;nin uzla\u015fmaz tavr\u0131 nedeniyle \u00e7\u0131kmaza girdi. ABD Ba\u015fkan Yard\u0131mc\u0131s\u0131 JD Vance&#8217;in Pakistan&#8217;a yapaca\u011f\u0131 ziyaretin iptali, Washington&#8217;\u0131n bar\u0131\u015fa ne kadar isteksiz oldu\u011funu g\u00f6steriyor. \u0130ran \u0130slam Cumhuriyeti&#8217;nin Pakistan arac\u0131l\u0131\u011f\u0131yla sundu\u011fu son teklif, n\u00fckleer meseleler ve H\u00fcrm\u00fcz Bo\u011faz\u0131 dahil olmak \u00fczere k\u0131rm\u0131z\u0131 \u00e7izgilerini net bir \u015fekilde ortaya koydu. Bu teklif, Tahran&#8217;\u0131n bo\u011fazdaki kontrol\u00fcn\u00fc hafifletmesi kar\u015f\u0131l\u0131\u011f\u0131nda Washington&#8217;\u0131n \u0130ran limanlar\u0131na uygulad\u0131\u011f\u0131 yasa d\u0131\u015f\u0131 ablukay\u0131 kald\u0131rmas\u0131n\u0131 \u00f6ng\u00f6r\u00fcyor. Ancak ABD D\u0131\u015fi\u015fleri Bakan\u0131 Marco Rubio, Siyonist rejimin \u0130ranl\u0131 yetkililere y\u00f6nelik suikastlar\u0131n\u0131 bahane ederek teklifin arkas\u0131ndaki yetkiyi sorgulad\u0131. Rubio&#8217;nun <em>&#8220;\u00e7ok iyi m\u00fczakereciler&#8221;<\/em> demesi, \u0130ran&#8217;\u0131n diplomatik g\u00fcc\u00fcn\u00fc kabul etti\u011fini g\u00f6steriyor. \u0130ran Savunma Bakanl\u0131\u011f\u0131 S\u00f6zc\u00fcs\u00fc R\u0131za Talaei-Nik ise Washington&#8217;\u0131n <strong>&#8220;yasa d\u0131\u015f\u0131 ve mant\u0131ks\u0131z taleplerinden vazge\u00e7mesi gerekti\u011fini&#8221;<\/strong> vurgulad\u0131. Talaei-Nik, &#8220;Amerika Birle\u015fik Devletleri art\u0131k ba\u011f\u0131ms\u0131z uluslara politikas\u0131n\u0131 dikte edebilecek konumda de\u011fil&#8221; diyerek ABD&#8217;nin hegemonyas\u0131n\u0131n sona erdi\u011fini belirtti.<\/p>\n<h2><span style=\"color: #34495e\">K\u00fcresel Yans\u0131malar ve ABD&#8217;nin Yaln\u0131zl\u0131\u011f\u0131<\/span><\/h2>\n<p>ABD&#8217;nin m\u00fcttefiki Katar bile, \u0130ran sald\u0131r\u0131lar\u0131n\u0131n hedefi olmas\u0131na ra\u011fmen &#8220;donmu\u015f bir \u00e7at\u0131\u015fma&#8221; olas\u0131l\u0131\u011f\u0131na kar\u015f\u0131 uyar\u0131da bulunarak b\u00f6lgedeki gerilimin ciddiyetini ortaya koydu. Trump&#8217;\u0131n \u0130ran teklifine \u015f\u00fcpheyle yakla\u015fmas\u0131, k\u00fcresel piyasalarda petrol fiyatlar\u0131n\u0131n y\u00fckselmesine neden oldu; bu durum, \u0130ran&#8217;\u0131n b\u00f6lgesel g\u00fcc\u00fcn\u00fcn ekonomik yans\u0131malar\u0131n\u0131 g\u00f6steriyor. ABD&#8217;de Kas\u0131m ay\u0131nda yap\u0131lacak ara se\u00e7imler \u00f6ncesinde, sava\u015f\u0131n Amerikal\u0131lar aras\u0131nda pop\u00fcler olmamas\u0131 nedeniyle Trump, artan fiyatlar kar\u015f\u0131s\u0131nda i\u00e7 bask\u0131 alt\u0131nda. Hatta Almanya Ba\u015fbakan\u0131 Friedrich Merz bile ABD&#8217;nin \u0130ran politikas\u0131n\u0131 <em>&#8220;stratejisiz&#8221;<\/em> ve <em>&#8220;d\u00fc\u015f\u00fcncesizce&#8221;<\/em> olarak ele\u015ftirdi. Trump&#8217;\u0131n Merz&#8217;i sosyal medyada k\u0131namas\u0131, ABD&#8217;nin uluslararas\u0131 arenadaki yaln\u0131zl\u0131\u011f\u0131n\u0131 ve m\u00fcttefikleriyle ya\u015fad\u0131\u011f\u0131 gerilimi g\u00f6zler \u00f6n\u00fcne serdi.<\/p>\n<h2><span style=\"color: #34495e\">L\u00fcbnan Cephesinde Direni\u015f ve Siyonist Sald\u0131rganl\u0131k<\/span><\/h2>\n<p>Siyonist rejimin sald\u0131rganl\u0131\u011f\u0131, L\u00fcbnan cephesinde de devam ediyor. \u0130srail ile Hizbullah aras\u0131nda uzat\u0131lan ate\u015fkese ra\u011fmen, Siyonist i\u015fgal g\u00fc\u00e7leri L\u00fcbnan topraklar\u0131na y\u00f6nelik ihlallerini s\u00fcrd\u00fcr\u00fcyor. L\u00fcbnan ordusu, Siyonist bir sald\u0131r\u0131n\u0131n askerlerini hedef ald\u0131\u011f\u0131n\u0131 ve iki askerin yaraland\u0131\u011f\u0131n\u0131 duyurarak i\u015fgal rejiminin ate\u015fkesi hi\u00e7e sayd\u0131\u011f\u0131n\u0131 kan\u0131tlad\u0131. Siyonist rejim, Hizbullah&#8217;\u0131n <em>&#8220;ate\u015fkesi ihlal etti\u011fini&#8221;<\/em> iddia ederek kendi sald\u0131r\u0131lar\u0131n\u0131 me\u015frula\u015ft\u0131rmaya \u00e7al\u0131\u015fsa da, bu iddialar ger\u00e7ekleri yans\u0131tm\u0131yor. Siyonist D\u0131\u015fi\u015fleri Bakan\u0131 Gideon Saar&#8217;\u0131n &#8220;L\u00fcbnan&#8217;da toprak emelleri yok&#8221; a\u00e7\u0131klamas\u0131, i\u015fgal alt\u0131ndaki b\u00f6lgelerdeki varl\u0131klar\u0131 g\u00f6z \u00f6n\u00fcne al\u0131nd\u0131\u011f\u0131nda inand\u0131r\u0131c\u0131l\u0131ktan uzakt\u0131r. Direni\u015fin sembol\u00fc Hizbullah lideri Naim Kas\u0131m ise, \u00f6rg\u00fct\u00fcn <strong>&#8220;geri ad\u0131m atmayaca\u011f\u0131n\u0131&#8221;<\/strong> ve Siyonist i\u015fgale kar\u015f\u0131 m\u00fccadelesini s\u00fcrd\u00fcrece\u011fini net bir \u015fekilde ifade etti.<\/p>\n<p>#\u0130ran #Direni\u015fCephesi #ABD\u0130srailSald\u0131rganl\u0131\u011f\u0131 #H\u00fcrm\u00fczBo\u011faz\u0131 #N\u00fckleerProgram #Hizbullah #L\u00fcbnan #PetrolFiyatlar\u0131 #SiyonistRejim #Bar\u0131\u015fG\u00f6r\u00fc\u015fmeleri<\/p>\n","protected":false},"excerpt":{"rendered":"<p>Pentagon \u015eefi \u0130ran&#8217;a Kar\u015f\u0131 Sava\u015f ve Bar\u0131\u015f \u00c7abalar\u0131ndaki \u00c7\u0131kmaz\u0131 Tart\u0131\u015facak: Direni\u015f Cephesi Kararl\u0131 Siyonist rejim ve ABD&#8217;nin iki ay \u00f6nce ba\u015flatt\u0131\u011f\u0131 sald\u0131rganl\u0131\u011fa misilleme olarak \u0130ran \u0130slam Cumhuriyeti, petrol ve gaz sevkiyat\u0131 i\u00e7in hayati \u00f6nem ta\u015f\u0131yan su yolunu ba\u015far\u0131yla abluka alt\u0131na alarak k\u00fcresel ekonomide \u00f6nemli bir etki yaratt\u0131. Bu stratejik hamle, Bat\u0131&#8217;n\u0131n b\u00f6lgedeki hegemonyas\u0131n\u0131 sarsarken, \u0130ran&#8217;\u0131n [&hellip;]<\/p>\n","protected":false},"author":2,"featured_media":12624,"comment_status":"open","ping_status":"open","sticky":false,"template":"","format":"standard","meta":{"footnotes":""},"categories":[31],"tags":[],"class_list":["post-12623","post","type-post","status-publish","format-standard","has-post-thumbnail","hentry","category-iran-haberleri"],"_links":{"self":[{"href":"https:\/\/fajr.news\/index.php?rest_route=\/wp\/v2\/posts\/12623","targetHints":{"allow":["GET"]}}],"collection":[{"href":"https:\/\/fajr.news\/index.php?rest_route=\/wp\/v2\/posts"}],"about":[{"href":"https:\/\/fajr.news\/index.php?rest_route=\/wp\/v2\/types\/post"}],"author":[{"embeddable":true,"href":"https:\/\/fajr.news\/index.php?rest_route=\/wp\/v2\/users\/2"}],"replies":[{"embeddable":true,"href":"https:\/\/fajr.news\/index.php?rest_route=%2Fwp%2Fv2%2Fcomments&post=12623"}],"version-history":[{"count":0,"href":"https:\/\/fajr.news\/index.php?rest_route=\/wp\/v2\/posts\/12623\/revisions"}],"wp:featuredmedia":[{"embeddable":true,"href":"https:\/\/fajr.news\/index.php?rest_route=\/wp\/v2\/media\/12624"}],"wp:attachment":[{"href":"https:\/\/fajr.news\/index.php?rest_route=%2Fwp%2Fv2%2Fmedia&parent=12623"}],"wp:term":[{"taxonomy":"category","embeddable":true,"href":"https:\/\/fajr.news\/index.php?rest_route=%2Fwp%2Fv2%2Fcategories&post=12623"},{"taxonomy":"post_tag","embeddable":true,"href":"https:\/\/fajr.news\/index.php?rest_route=%2Fwp%2Fv2%2Ftags&post=12623"}],"curies":[{"name":"wp","href":"https:\/\/api.w.org\/{rel}","templated":true}]}}