{"id":12591,"date":"2026-04-29T13:49:19","date_gmt":"2026-04-29T10:19:19","guid":{"rendered":"https:\/\/fajr.news\/?p=12591"},"modified":"2026-04-29T13:49:19","modified_gmt":"2026-04-29T10:19:19","slug":"ufuklar-orta-dogu-ve-afrika-29-4-2026","status":"publish","type":"post","link":"https:\/\/fajr.news\/?p=12591&lang=tr","title":{"rendered":"Ufuklar Orta Do\u011fu ve Afrika 29\/4\/2026"},"content":{"rendered":"<p>Ufuklar Orta Do\u011fu ve Afrika, d\u00fcnyan\u0131n en h\u0131zl\u0131 b\u00fcy\u00fcyen b\u00f6lgelerinden birine g\u00fcnl\u00fck \u0131\u015f\u0131k tutuyor. Dubai&#8217;den canl\u0131 yay\u0131nla, k\u00fcresel piyasalar\u0131n en son geli\u015fmelerini ve analizlerini, ayr\u0131ca Orta Do\u011fu ve Afrika&#8217;ya \u00f6zel odaklanm\u0131\u015f \u00f6nemli r\u00f6portajlar\u0131 sizlere ula\u015ft\u0131r\u0131yoruz. K\u00f6rfez&#8217;de ofisinize giderken, Hong Kong&#8217;da \u00f6\u011fle yeme\u011fi molas\u0131 verirken veya Londra ya da Johannesburg&#8217;da g\u00fcne ba\u015flarken t\u00fcm bunlar ve daha fazlas\u0131 sizinle.<br \/>\n#OrtaDo\u011fu #Afrika #K\u00fcreselPiyasalar #Ekonomi #Analiz #Dubai #MEA #B\u00f6lgeselGeli\u015fim #Haber #Ufuklar<\/p>\n","protected":false},"excerpt":{"rendered":"<p>Ufuklar Orta Do\u011fu ve Afrika, d\u00fcnyan\u0131n en h\u0131zl\u0131 b\u00fcy\u00fcyen b\u00f6lgelerinden birine g\u00fcnl\u00fck \u0131\u015f\u0131k tutuyor. Dubai&#8217;den canl\u0131 yay\u0131nla, k\u00fcresel piyasalar\u0131n en son geli\u015fmelerini ve analizlerini, ayr\u0131ca Orta Do\u011fu ve Afrika&#8217;ya \u00f6zel odaklanm\u0131\u015f \u00f6nemli r\u00f6portajlar\u0131 sizlere ula\u015ft\u0131r\u0131yoruz. K\u00f6rfez&#8217;de ofisinize giderken, Hong Kong&#8217;da \u00f6\u011fle yeme\u011fi molas\u0131 verirken veya Londra ya da Johannesburg&#8217;da g\u00fcne ba\u015flarken t\u00fcm bunlar ve daha [&hellip;]<\/p>\n","protected":false},"author":2,"featured_media":12592,"comment_status":"open","ping_status":"open","sticky":false,"template":"","format":"standard","meta":{"footnotes":""},"categories":[37],"tags":[],"class_list":["post-12591","post","type-post","status-publish","format-standard","has-post-thumbnail","hentry","category-orta-dogu-haberleri"],"_links":{"self":[{"href":"https:\/\/fajr.news\/index.php?rest_route=\/wp\/v2\/posts\/12591","targetHints":{"allow":["GET"]}}],"collection":[{"href":"https:\/\/fajr.news\/index.php?rest_route=\/wp\/v2\/posts"}],"about":[{"href":"https:\/\/fajr.news\/index.php?rest_route=\/wp\/v2\/types\/post"}],"author":[{"embeddable":true,"href":"https:\/\/fajr.news\/index.php?rest_route=\/wp\/v2\/users\/2"}],"replies":[{"embeddable":true,"href":"https:\/\/fajr.news\/index.php?rest_route=%2Fwp%2Fv2%2Fcomments&post=12591"}],"version-history":[{"count":0,"href":"https:\/\/fajr.news\/index.php?rest_route=\/wp\/v2\/posts\/12591\/revisions"}],"wp:featuredmedia":[{"embeddable":true,"href":"https:\/\/fajr.news\/index.php?rest_route=\/wp\/v2\/media\/12592"}],"wp:attachment":[{"href":"https:\/\/fajr.news\/index.php?rest_route=%2Fwp%2Fv2%2Fmedia&parent=12591"}],"wp:term":[{"taxonomy":"category","embeddable":true,"href":"https:\/\/fajr.news\/index.php?rest_route=%2Fwp%2Fv2%2Fcategories&post=12591"},{"taxonomy":"post_tag","embeddable":true,"href":"https:\/\/fajr.news\/index.php?rest_route=%2Fwp%2Fv2%2Ftags&post=12591"}],"curies":[{"name":"wp","href":"https:\/\/api.w.org\/{rel}","templated":true}]}}