{"id":12583,"date":"2026-04-29T13:39:49","date_gmt":"2026-04-29T10:09:49","guid":{"rendered":"https:\/\/fajr.news\/?p=12583"},"modified":"2026-04-29T13:39:49","modified_gmt":"2026-04-29T10:09:49","slug":"abdnin-orta-dogu-muttefiki-iran-yanlisi-destege-yonelik-baskida-69-kisinin-vatandasligini-iptal-etti","status":"publish","type":"post","link":"https:\/\/fajr.news\/?p=12583&lang=tr","title":{"rendered":"ABD&#8217;nin Orta Do\u011fu M\u00fcttefiki, \u0130ran Yanl\u0131s\u0131 Deste\u011fe Y\u00f6nelik Bask\u0131da 69 Ki\u015finin Vatanda\u015fl\u0131\u011f\u0131n\u0131 \u0130ptal Etti"},"content":{"rendered":"<p>Bahreyn, \u0130ran yanl\u0131s\u0131 duygular\u0131 \u00e7evrimi\u00e7i ortamda yaymakla su\u00e7lad\u0131\u011f\u0131 onlarca vatanda\u015f\u0131n\u0131n vatanda\u015fl\u0131\u011f\u0131n\u0131 pazartesi g\u00fcn\u00fc iptal etti. Bu karar, h\u00fck\u00fcmete g\u00fcvenlik endi\u015feleriyle vatanda\u015fl\u0131\u011f\u0131 iptal etme yetkisi veren tart\u0131\u015fmal\u0131 yasan\u0131n son uygulamas\u0131 oldu.<\/p>\n<p>\u0130\u00e7i\u015fleri Bakanl\u0131\u011f\u0131, aralar\u0131nda baz\u0131 san\u0131klar\u0131n akrabalar\u0131n\u0131n da bulundu\u011fu 69 ki\u015finin, d\u00fc\u015fmanca \u0130ran eylemlerini &#8220;y\u00fccelttikleri&#8221; ve yabanc\u0131 kurulu\u015flarla ba\u011flar\u0131n\u0131 s\u00fcrd\u00fcrd\u00fckleri iddias\u0131yla vatanda\u015fl\u0131klar\u0131n\u0131 kaybetti\u011fini duyurdu.<\/p>\n<p>Bahreyn, iptallerin, krall\u0131\u011f\u0131n \u00e7\u0131karlar\u0131na zarar verdi\u011fi veya sadakat g\u00f6revini ihlal etti\u011fi d\u00fc\u015f\u00fcn\u00fclen ki\u015filerin vatanda\u015fl\u0131\u011f\u0131n\u0131 iptal etmeye izin veren Vatanda\u015fl\u0131k Yasas\u0131&#8217;n\u0131n 10(3) maddesi uyar\u0131nca yap\u0131ld\u0131\u011f\u0131n\u0131 belirtti. Yetkililer, hedef al\u0131nan ki\u015filerin ve baz\u0131 aile \u00fcyelerinin tamam\u0131n\u0131n Bahreyn k\u00f6kenli olmad\u0131\u011f\u0131n\u0131, bu kategorinin genellikle yerli vatanda\u015flardan ziyade vatanda\u015fl\u0131\u011fa al\u0131nm\u0131\u015f ki\u015fileri kapsad\u0131\u011f\u0131n\u0131 ifade etti.<\/p>\n<p>Bu ad\u0131m, Bahreyn Kral\u0131 Hamad bin \u0130sa Al Halife&#8217;nin g\u00fcnler \u00f6nce yay\u0131mlad\u0131\u011f\u0131 bir direktifin ard\u0131ndan geldi. Kral, yetkililere &#8220;millete ihanet eden&#8221; veya g\u00fcvenli\u011fini ve istikrar\u0131n\u0131 baltalayanlara kar\u015f\u0131 harekete ge\u00e7melerini, bu ki\u015filerin vatanda\u015fl\u0131klar\u0131n\u0131 koruyup korumamalar\u0131 gerekti\u011fini g\u00f6zden ge\u00e7irmelerini emretmi\u015fti.<\/p>\n<p>Bahreyn Krall\u0131\u011f\u0131 sal\u0131 g\u00fcn\u00fc, \u0130ran ad\u0131na casusluk yapmakla su\u00e7lanan be\u015f ki\u015fiyi m\u00fcebbet hapse, 25 ki\u015fiyi ise 10 y\u0131l hapse mahkum etti. Savc\u0131l\u0131k, 25 ki\u015finin daha Bahreyn&#8217;deki \u0130ran&#8217;\u0131n &#8220;ter\u00f6rist eylemlerini&#8221; desteklemekten ayr\u0131 ayr\u0131 10 y\u0131l hapse mahkum edildi\u011fini bildirdi.<\/p>\n<p>Bu karar, Bahreyn&#8217;in \u0130ran&#8217;\u0131n K\u00f6rfez genelindeki son f\u00fcze ve insans\u0131z hava arac\u0131 sald\u0131r\u0131lar\u0131n\u0131n, \u00f6zellikle de krall\u0131ktaki ABD askeri varl\u0131klar\u0131na y\u00f6nelik sald\u0131r\u0131lar\u0131n ard\u0131ndan ortaya \u00e7\u0131kan sonu\u00e7larla m\u00fccadele etti\u011fi bir d\u00f6neme denk geldi. Yetkililer, vatanda\u015fl\u0131k iptallerini, \u0130ran&#8217;a y\u00f6nelik i\u00e7 deste\u011fi bast\u0131rmay\u0131 ve yabanc\u0131 a\u011flarla \u015f\u00fcpheli ba\u011flar\u0131 kesmeyi ama\u00e7layan bir ulusal g\u00fcvenlik \u00f6nlemi olarak nitelendirdi.<\/p>\n<p>Bahreyn ile \u0130ran aras\u0131ndaki ili\u015fkiler uzun s\u00fcredir gergin seyrediyor; Bahreyn, \u0130ran&#8217;\u0131 krall\u0131k i\u00e7indeki militan a\u011flar\u0131 ve huzursuzlu\u011fu desteklemekle su\u00e7luyor. \u0130ki \u00fclke 2016&#8217;da diplomatik ba\u011flar\u0131n\u0131 kopard\u0131 ve Bahreyn&#8217;in ABD Donanmas\u0131 Be\u015finci Filosu&#8217;na ev sahipli\u011fi yapmas\u0131, onu mevcut \u00e7at\u0131\u015fman\u0131n \u00f6n saflar\u0131na yerle\u015ftirdi; \u0130ran sald\u0131r\u0131lar\u0131 son misilleme sald\u0131r\u0131lar\u0131 s\u0131ras\u0131nda \u00fcss\u00fcn yak\u0131nlar\u0131na isabet etti.<\/p>\n<p>Bahreyn ayr\u0131ca, y\u00fcz binlerce oldu\u011fu tahmin edilen, genellikle Ajam olarak an\u0131lan \u00f6nemli bir \u0130ran k\u00f6kenli vatanda\u015f toplulu\u011funa da ev sahipli\u011fi yap\u0131yor.<\/p>\n<p>Yetkililer, bu bask\u0131y\u0131, \u0130ran destekli etki operasyonlar\u0131 olarak tan\u0131mlad\u0131klar\u0131 daha geni\u015f bir kampanyayla ili\u015fkilendirdi. Bu kampanya, \u0130ran sald\u0131r\u0131lar\u0131n\u0131n videolar\u0131n\u0131 payla\u015fmak, \u0130ran yanl\u0131s\u0131 i\u00e7erik yay\u0131nlamak veya yabanc\u0131 gruplarla ileti\u015fim kurmakla su\u00e7lanan ki\u015filerin tutuklanmas\u0131n\u0131 i\u00e7eriyor. Bahreyn ayr\u0131ca, yetkililerin krall\u0131k i\u00e7indeki hassas b\u00f6lgeler hakk\u0131nda istihbarat toplamakla g\u00f6revlendirildi\u011fini s\u00f6yledi\u011fi \u0130ran Devrim Muhaf\u0131zlar\u0131&#8217;na ba\u011fl\u0131 h\u00fccreleri de ortaya \u00e7\u0131kard\u0131\u011f\u0131n\u0131 bildirdi.<\/p>\n<p>\u00c7at\u0131\u015fman\u0131n ba\u015flamas\u0131ndan bu yana K\u00f6rfez genelinde benzer bask\u0131lar rapor edildi; Birle\u015fik Arap Emirlikleri de dahil olmak \u00fczere y\u00fczlerce ki\u015fi, \u0130ran sald\u0131r\u0131lar\u0131 hakk\u0131nda video, g\u00f6rsel veya yorum payla\u015ft\u0131\u011f\u0131 i\u00e7in tutukland\u0131. Yetkililer, ulusal g\u00fcvenlik ve kamu d\u00fczeni yasalar\u0131n\u0131 gerek\u00e7e g\u00f6stererek, sald\u0131r\u0131 g\u00f6r\u00fcnt\u00fclerinin payla\u015f\u0131lmas\u0131n\u0131n bile hassas bilgileri if\u015fa edebilece\u011fi veya huzursuzlu\u011fu k\u00f6r\u00fckleyebilece\u011fi konusunda uyard\u0131.<\/p>\n<p>Bu \u00f6nlemler, h\u00fck\u00fcmetlerin g\u00fcvenlik gerek\u00e7esiyle vatanda\u015fl\u0131k kurallar\u0131n\u0131 s\u0131k\u0131la\u015ft\u0131rd\u0131\u011f\u0131 daha geni\u015f bir b\u00f6lgesel e\u011filimin ortas\u0131nda geliyor. \u00d6rne\u011fin Kuveyt, 2024&#8217;ten bu yana 70.000&#8217;den fazla ki\u015finin vatanda\u015fl\u0131\u011f\u0131n\u0131 iptal etti; buradaki yetkililer program\u0131n doland\u0131r\u0131c\u0131l\u0131kla m\u00fccadele etmeyi ama\u00e7lad\u0131\u011f\u0131n\u0131 s\u00f6yl\u00fcyor.<\/p>\n<p>Bu ad\u0131m, Bahreyn Hak ve Demokrasi Enstit\u00fcs\u00fc&#8217;n\u00fcn (BIRD) ele\u015ftirilerine yol a\u00e7t\u0131. Enstit\u00fcn\u00fcn savunuculuk direkt\u00f6r\u00fc Sayed Ahmed Alwadaei, karar\u0131 &#8220;tehlikeli bir bask\u0131 d\u00f6neminin ba\u015flang\u0131c\u0131&#8221; olarak nitelendirdi ve kararlar\u0131n yasal g\u00fcvenceler veya itiraz hakk\u0131 olmaks\u0131z\u0131n dayat\u0131ld\u0131\u011f\u0131n\u0131 belirtti.<\/p>\n<p>#Bahreyn #Vatanda\u015fl\u0131k\u0130ptali #\u0130ranBahreynGerilimi #K\u00f6rfezG\u00fcvenli\u011fi #ABDOrtaDo\u011fu #\u0130nsanHaklar\u0131 #DevrimMuhaf\u0131zlar\u0131 #UlusalG\u00fcvenlik #B\u00f6lgeselGerilim #SiyasiBask\u0131<\/p>\n","protected":false},"excerpt":{"rendered":"<p>Bahreyn, \u0130ran yanl\u0131s\u0131 duygular\u0131 \u00e7evrimi\u00e7i ortamda yaymakla su\u00e7lad\u0131\u011f\u0131 onlarca vatanda\u015f\u0131n\u0131n vatanda\u015fl\u0131\u011f\u0131n\u0131 pazartesi g\u00fcn\u00fc iptal etti. Bu karar, h\u00fck\u00fcmete g\u00fcvenlik endi\u015feleriyle vatanda\u015fl\u0131\u011f\u0131 iptal etme yetkisi veren tart\u0131\u015fmal\u0131 yasan\u0131n son uygulamas\u0131 oldu. \u0130\u00e7i\u015fleri Bakanl\u0131\u011f\u0131, aralar\u0131nda baz\u0131 san\u0131klar\u0131n akrabalar\u0131n\u0131n da bulundu\u011fu 69 ki\u015finin, d\u00fc\u015fmanca \u0130ran eylemlerini &#8220;y\u00fccelttikleri&#8221; ve yabanc\u0131 kurulu\u015flarla ba\u011flar\u0131n\u0131 s\u00fcrd\u00fcrd\u00fckleri iddias\u0131yla vatanda\u015fl\u0131klar\u0131n\u0131 kaybetti\u011fini duyurdu. Bahreyn, iptallerin, [&hellip;]<\/p>\n","protected":false},"author":2,"featured_media":12584,"comment_status":"open","ping_status":"open","sticky":false,"template":"","format":"standard","meta":{"footnotes":""},"categories":[37],"tags":[],"class_list":["post-12583","post","type-post","status-publish","format-standard","has-post-thumbnail","hentry","category-orta-dogu-haberleri"],"_links":{"self":[{"href":"https:\/\/fajr.news\/index.php?rest_route=\/wp\/v2\/posts\/12583","targetHints":{"allow":["GET"]}}],"collection":[{"href":"https:\/\/fajr.news\/index.php?rest_route=\/wp\/v2\/posts"}],"about":[{"href":"https:\/\/fajr.news\/index.php?rest_route=\/wp\/v2\/types\/post"}],"author":[{"embeddable":true,"href":"https:\/\/fajr.news\/index.php?rest_route=\/wp\/v2\/users\/2"}],"replies":[{"embeddable":true,"href":"https:\/\/fajr.news\/index.php?rest_route=%2Fwp%2Fv2%2Fcomments&post=12583"}],"version-history":[{"count":0,"href":"https:\/\/fajr.news\/index.php?rest_route=\/wp\/v2\/posts\/12583\/revisions"}],"wp:featuredmedia":[{"embeddable":true,"href":"https:\/\/fajr.news\/index.php?rest_route=\/wp\/v2\/media\/12584"}],"wp:attachment":[{"href":"https:\/\/fajr.news\/index.php?rest_route=%2Fwp%2Fv2%2Fmedia&parent=12583"}],"wp:term":[{"taxonomy":"category","embeddable":true,"href":"https:\/\/fajr.news\/index.php?rest_route=%2Fwp%2Fv2%2Fcategories&post=12583"},{"taxonomy":"post_tag","embeddable":true,"href":"https:\/\/fajr.news\/index.php?rest_route=%2Fwp%2Fv2%2Ftags&post=12583"}],"curies":[{"name":"wp","href":"https:\/\/api.w.org\/{rel}","templated":true}]}}