{"id":12561,"date":"2026-04-29T12:41:13","date_gmt":"2026-04-29T09:11:13","guid":{"rendered":"https:\/\/fajr.news\/?p=12561"},"modified":"2026-04-29T12:41:13","modified_gmt":"2026-04-29T09:11:13","slug":"orta-dogu-krizi-trump-merzin-iranin-abdyi-asagiladigini-soylemesinin-ardindan-almanya-basbakanina-tepki-gosterdi","status":"publish","type":"post","link":"https:\/\/fajr.news\/?p=12561&lang=tr","title":{"rendered":"Orta Do\u011fu krizi: Trump, Merz&#8217;in \u0130ran&#8217;\u0131n ABD&#8217;yi &#8216;a\u015fa\u011f\u0131lad\u0131\u011f\u0131n\u0131&#8217; s\u00f6ylemesinin ard\u0131ndan Almanya Ba\u015fbakan\u0131&#8217;na tepki g\u00f6sterdi"},"content":{"rendered":"<p>ABD Ba\u015fkan\u0131 Trump, Almanya Ba\u015fbakan\u0131 Friedrich Merz&#8217;in \u0130ran hakk\u0131ndaki yorumlar\u0131na sert tepki g\u00f6sterdi. Merz, \u0130ran&#8217;\u0131n ABD&#8217;yi &#8220;a\u015fa\u011f\u0131lad\u0131\u011f\u0131n\u0131&#8221; ve ABD&#8217;nin bir stratejisinin olmad\u0131\u011f\u0131n\u0131 belirtmi\u015fti. Trump, Merz&#8217;in &#8220;ne konu\u015ftu\u011funu bilmedi\u011fini&#8221; ve \u0130ran&#8217;\u0131n n\u00fckleer silaha sahip olmas\u0131n\u0131n t\u00fcm d\u00fcnyay\u0131 rehin alaca\u011f\u0131n\u0131 savundu.<\/p>\n<p>Trump, Truth Social&#8217;daki payla\u015f\u0131m\u0131nda \u015funlar\u0131 yazd\u0131: &#8220;Almanya Ba\u015fbakan\u0131 Friedrich Merz, \u0130ran&#8217;\u0131n N\u00fckleer Silaha sahip olmas\u0131n\u0131n sorun olmad\u0131\u011f\u0131n\u0131 d\u00fc\u015f\u00fcn\u00fcyor. Ne konu\u015ftu\u011funu bilmiyor! \u0130ran&#8217;\u0131n N\u00fckleer Silah\u0131 olsayd\u0131, t\u00fcm D\u00fcnya rehin al\u0131n\u0131rd\u0131. \u015eu anda \u0130ran ile di\u011fer Uluslar\u0131n veya Ba\u015fkanlar\u0131n \u00e7ok \u00f6nce yapmas\u0131 gereken bir \u015fey yap\u0131yorum. Almanya&#8217;n\u0131n hem Ekonomik hem de di\u011fer a\u00e7\u0131lardan neden bu kadar k\u00f6t\u00fc durumda oldu\u011fu \u015fa\u015f\u0131lacak bir \u015fey de\u011fil!&#8221;<\/p>\n<p>Merz d\u00fcn yapt\u0131\u011f\u0131 a\u00e7\u0131klamada, ABD i\u00e7in sava\u015ftan &#8220;stratejik bir \u00e7\u0131k\u0131\u015f\u0131n&#8221; nas\u0131l olaca\u011f\u0131n\u0131 g\u00f6remedi\u011fini ve iki taraf aras\u0131ndaki g\u00f6r\u00fc\u015fmelerin durmas\u0131 nedeniyle ABD&#8217;nin \u0130ran liderli\u011fi taraf\u0131ndan &#8220;a\u015fa\u011f\u0131land\u0131\u011f\u0131n\u0131&#8221; s\u00f6ylemi\u015fti. Marsberg&#8217;deki \u00f6\u011frencilere konu\u015fan Merz, &#8220;Amerikal\u0131lar\u0131n a\u00e7\u0131k\u00e7a bir stratejisi yok&#8230; Bu t\u00fcr \u00e7at\u0131\u015fmalardaki sorun her zaman sadece girmek de\u011fil, ayn\u0131 zamanda \u00e7\u0131kmak zorunda olman\u0131zd\u0131r. Bunu Afganistan&#8217;da 20 y\u0131l boyunca \u00e7ok ac\u0131 bir \u015fekilde g\u00f6rd\u00fck. Irak&#8217;ta da g\u00f6rd\u00fck. Dolay\u0131s\u0131yla bu meselenin en hafif tabirle d\u00fc\u015f\u00fcncesizce oldu\u011funu s\u00f6yleyebilirim.&#8221; dedi.<\/p>\n<p>Merz ayr\u0131ca Trump&#8217;\u0131n m\u00fczakere ekibinin geride kald\u0131\u011f\u0131n\u0131 ima etti: &#8220;\u0130ranl\u0131lar a\u00e7\u0131k\u00e7a m\u00fczakere etmede \u00e7ok yetenekli, daha do\u011frusu m\u00fczakere etmemede \u00e7ok yetenekli, Amerikal\u0131lar\u0131n \u0130slamabad&#8217;a gidip sonra hi\u00e7bir sonu\u00e7 almadan geri d\u00f6nmelerine izin veriyorlar. T\u00fcm bir ulus, \u0130ran liderli\u011fi, \u00f6zellikle de bu s\u00f6zde Devrim Muhaf\u0131zlar\u0131 taraf\u0131ndan a\u015fa\u011f\u0131lan\u0131yor. Bu y\u00fczden bunun m\u00fcmk\u00fcn olan en k\u0131sa s\u00fcrede sona ermesini umuyorum.&#8221;<\/p>\n<p>\u00d6te yandan, yeni bir Reuters\/Ipsos anketine g\u00f6re, ABD Ba\u015fkan\u0131 Donald Trump&#8217;\u0131n onay oran\u0131, Amerikal\u0131lar\u0131n ya\u015fam maliyeti ve \u0130ran&#8217;a kar\u015f\u0131 y\u00fcr\u00fctt\u00fc\u011f\u00fc son derece pop\u00fcler olmayan sava\u015f konusundaki memnuniyetsizlikleri nedeniyle mevcut d\u00f6neminin en d\u00fc\u015f\u00fck seviyesine geriledi. Pazartesi g\u00fcn\u00fc tamamlanan d\u00f6rt g\u00fcnl\u00fck anket, Amerikal\u0131lar\u0131n yaln\u0131zca %34&#8217;\u00fcn\u00fcn Trump&#8217;\u0131n Beyaz Saray&#8217;daki performans\u0131n\u0131 onaylad\u0131\u011f\u0131n\u0131 ve ayn\u0131 oran\u0131n sava\u015f\u0131n\u0131 onaylad\u0131\u011f\u0131n\u0131 g\u00f6sterdi.<\/p>\n<p>B\u00fcy\u00fck bir zafer olarak ise, Birle\u015fik Arap Emirlikleri (BAE), petrol \u00fcreticileri grubu OPEC&#8217;ten ayr\u0131ld\u0131\u011f\u0131n\u0131 duyurdu. Beklenmedik bir hareketle, BAE, 1 May\u0131s&#8217;tan itibaren OPEC ve OPEC+&#8217;dan (Rusya gibi m\u00fcttefikleri de i\u00e7erir) ayr\u0131l\u0131yor. Bu hareket, teorik olarak daha fazla petrol ve gaz \u00fcretmesine olanak tan\u0131yabilir. Trump daha \u00f6nce \u00f6rg\u00fct\u00fc, \u00fcretimi k\u0131sarak petrol fiyatlar\u0131n\u0131 yapay olarak \u015fi\u015firmekle &#8220;d\u00fcnyay\u0131 soydu\u011funu&#8221; iddia etmi\u015fti.<\/p>\n<p>\u0130srail&#8217;in \u00fcst d\u00fczey diplomat\u0131, askeri operasyonlar\u0131n\u0131 g\u00fcneyde \u0130ran destekli Hizbullah&#8217;a kar\u015f\u0131 s\u00fcrd\u00fcrmesine ra\u011fmen, \u0130srail&#8217;in L\u00fcbnan&#8217;da toprak ele ge\u00e7irme amac\u0131 g\u00fctmedi\u011fini belirtti. D\u0131\u015fi\u015fleri Bakan\u0131 Gideon Saar, S\u0131rp mevkida\u015f\u0131 Marko \u0110uri\u0107 ile d\u00fczenledi\u011fi ortak bas\u0131n toplant\u0131s\u0131nda, &#8220;\u0130srail&#8217;in L\u00fcbnan&#8217;da toprak emelleri yok. Kuzey s\u0131n\u0131r\u0131m\u0131zdaki b\u00f6lgelerdeki varl\u0131\u011f\u0131m\u0131z\u0131n tek bir amac\u0131 var: vatanda\u015flar\u0131m\u0131z\u0131 korumak,&#8221; dedi.<\/p>\n<p>Bu iddialar, \u0130srail ordusunun g\u00fcney L\u00fcbnan&#8217;daki 16 kasaba ve k\u00f6y\u00fcn sakinlerine derhal Sayda b\u00f6lgesine tahliye olmalar\u0131 emrini vermesinin ard\u0131ndan geldi. L\u00fcbnan \u00e7evre bakan\u0131, \u0130srail ordusunu 2023-2024 i\u015fgali s\u0131ras\u0131nda \u00fclkenin do\u011fal kaynaklar\u0131na verilen zarar\u0131 detayland\u0131ran bir raporun \u00f6ns\u00f6z\u00fcnde &#8220;ekok\u0131r\u0131m eylemi&#8221; yapmakla su\u00e7lad\u0131.<\/p>\n<p>Rus milyarder Alexey Mordashov&#8217;a ait bir s\u00fcperyat\u0131n, Dubai&#8217;deki bak\u0131m\u0131n\u0131n ard\u0131ndan abluka alt\u0131ndaki H\u00fcrm\u00fcz Bo\u011faz\u0131&#8217;ndan ge\u00e7ebildi\u011fi, \u00e7\u00fcnk\u00fc ne \u0130ran ne de ABD&#8217;nin itiraz etmedi\u011fi belirtildi.<\/p>\n<p>\u0130ran ordusu s\u00f6zc\u00fcs\u00fc, \u0130ran i\u00e7in &#8220;hala bir sava\u015f durumu oldu\u011funu ve s\u00fcrekli izleme&#8230; g\u00f6zetim oldu\u011funu&#8221; s\u00f6yledi. \u0130ran&#8217;\u0131n Devrim Muhaf\u0131zlar\u0131&#8217;na ba\u011fl\u0131 Fars haber ajans\u0131, s\u00f6zc\u00fcn\u00fcn &#8220;D\u00fc\u015fman yeni bir eylemde bulunursa, yeni ara\u00e7lar, y\u00f6ntemler ve arenalarla kar\u015f\u0131la\u015facaklar&#8221; dedi\u011fini aktard\u0131.<\/p>\n<p>Suudi Arabistan, ABD-\u0130srail&#8217;in \u0130ran&#8217;a kar\u015f\u0131 ba\u015flatt\u0131\u011f\u0131 sava\u015f\u0131n tetikledi\u011fi b\u00f6lgedeki devam eden krizi g\u00f6r\u00fc\u015fmek \u00fczere Sal\u0131 g\u00fcn\u00fc K\u00f6rfez&#8217;den liderleri ve yetkilileri a\u011f\u0131rlad\u0131. Cidde&#8217;deki g\u00f6r\u00fc\u015fmeler, Beyaz Saray&#8217;\u0131n iki ayl\u0131k \u00e7at\u0131\u015fmay\u0131 sona erdirme ve H\u00fcrm\u00fcz Bo\u011faz\u0131&#8217;n\u0131 yeniden a\u00e7ma konusundaki \u0130ran&#8217;\u0131n son teklifini de\u011ferlendirdi\u011fi s\u0131rada ger\u00e7ekle\u015fti.<\/p>\n<p>\u0130ran, \u0130srail ve ABD ile olan sava\u015fta \u00fclkenin \u00e7elik end\u00fcstrisini hedef alan hava sald\u0131r\u0131lar\u0131n\u0131n ard\u0131ndan \u00e7elik \u00fcr\u00fcnleri ihracat\u0131n\u0131 yasaklad\u0131. ABD Hazine Bakan\u0131 Scott Bessent, \u0130ran&#8217;\u0131n petrol end\u00fcstrisinin, d\u00fcnyan\u0131n petrol ve s\u0131v\u0131la\u015ft\u0131r\u0131lm\u0131\u015f do\u011fal gaz\u0131n\u0131n yakla\u015f\u0131k %20&#8217;sinin genellikle ta\u015f\u0131nd\u0131\u011f\u0131 kritik nakliye kanal\u0131 olan H\u00fcrm\u00fcz Bo\u011faz\u0131&#8217;ndaki Amerikan ablukas\u0131 nedeniyle \u00fcretimi durdurmaya ba\u015flad\u0131\u011f\u0131n\u0131 s\u00f6yledi.<\/p>\n<p>Gazze sa\u011fl\u0131k bakanl\u0131\u011f\u0131 Sal\u0131 g\u00fcn\u00fc yapt\u0131\u011f\u0131 son g\u00fcncellemede, 7 Ekim 2023&#8217;ten bu yana \u0130srail&#8217;in Gazze&#8217;ye d\u00fczenledi\u011fi sald\u0131r\u0131larda en az 72.594 Filistinlinin \u00f6ld\u00fcr\u00fcld\u00fc\u011f\u00fcn\u00fc ve 172.404 ki\u015finin yaraland\u0131\u011f\u0131n\u0131 belirtti.<br \/>\n#OrtaDo\u011fuKrizi #Trump #\u0130ran #Almanya #FriedrichMerz #OPEC #H\u00fcrm\u00fczBo\u011faz\u0131 #\u0130srail #L\u00fcbnan #Jeopolitik<\/p>\n","protected":false},"excerpt":{"rendered":"<p>ABD Ba\u015fkan\u0131 Trump, Almanya Ba\u015fbakan\u0131 Friedrich Merz&#8217;in \u0130ran hakk\u0131ndaki yorumlar\u0131na sert tepki g\u00f6sterdi. Merz, \u0130ran&#8217;\u0131n ABD&#8217;yi &#8220;a\u015fa\u011f\u0131lad\u0131\u011f\u0131n\u0131&#8221; ve ABD&#8217;nin bir stratejisinin olmad\u0131\u011f\u0131n\u0131 belirtmi\u015fti. Trump, Merz&#8217;in &#8220;ne konu\u015ftu\u011funu bilmedi\u011fini&#8221; ve \u0130ran&#8217;\u0131n n\u00fckleer silaha sahip olmas\u0131n\u0131n t\u00fcm d\u00fcnyay\u0131 rehin alaca\u011f\u0131n\u0131 savundu. Trump, Truth Social&#8217;daki payla\u015f\u0131m\u0131nda \u015funlar\u0131 yazd\u0131: &#8220;Almanya Ba\u015fbakan\u0131 Friedrich Merz, \u0130ran&#8217;\u0131n N\u00fckleer Silaha sahip olmas\u0131n\u0131n sorun [&hellip;]<\/p>\n","protected":false},"author":2,"featured_media":12562,"comment_status":"open","ping_status":"open","sticky":false,"template":"","format":"standard","meta":{"footnotes":""},"categories":[37],"tags":[],"class_list":["post-12561","post","type-post","status-publish","format-standard","has-post-thumbnail","hentry","category-orta-dogu-haberleri"],"_links":{"self":[{"href":"https:\/\/fajr.news\/index.php?rest_route=\/wp\/v2\/posts\/12561","targetHints":{"allow":["GET"]}}],"collection":[{"href":"https:\/\/fajr.news\/index.php?rest_route=\/wp\/v2\/posts"}],"about":[{"href":"https:\/\/fajr.news\/index.php?rest_route=\/wp\/v2\/types\/post"}],"author":[{"embeddable":true,"href":"https:\/\/fajr.news\/index.php?rest_route=\/wp\/v2\/users\/2"}],"replies":[{"embeddable":true,"href":"https:\/\/fajr.news\/index.php?rest_route=%2Fwp%2Fv2%2Fcomments&post=12561"}],"version-history":[{"count":0,"href":"https:\/\/fajr.news\/index.php?rest_route=\/wp\/v2\/posts\/12561\/revisions"}],"wp:featuredmedia":[{"embeddable":true,"href":"https:\/\/fajr.news\/index.php?rest_route=\/wp\/v2\/media\/12562"}],"wp:attachment":[{"href":"https:\/\/fajr.news\/index.php?rest_route=%2Fwp%2Fv2%2Fmedia&parent=12561"}],"wp:term":[{"taxonomy":"category","embeddable":true,"href":"https:\/\/fajr.news\/index.php?rest_route=%2Fwp%2Fv2%2Fcategories&post=12561"},{"taxonomy":"post_tag","embeddable":true,"href":"https:\/\/fajr.news\/index.php?rest_route=%2Fwp%2Fv2%2Ftags&post=12561"}],"curies":[{"name":"wp","href":"https:\/\/api.w.org\/{rel}","templated":true}]}}