{"id":12521,"date":"2026-04-29T11:49:23","date_gmt":"2026-04-29T08:19:23","guid":{"rendered":"https:\/\/fajr.news\/?p=12521"},"modified":"2026-04-29T11:49:23","modified_gmt":"2026-04-29T08:19:23","slug":"orta-dogudaki-gerilimler-tirmanirken-bae-opecten-ayriliyor-petrol-piyasasinda-yeni-dengeler","status":"publish","type":"post","link":"https:\/\/fajr.news\/?p=12521&lang=tr","title":{"rendered":"Orta Do\u011fu&#8217;daki Gerilimler T\u0131rman\u0131rken: BAE, OPEC&#8217;ten Ayr\u0131l\u0131yor \u2013 Petrol Piyasas\u0131nda Yeni Dengeler"},"content":{"rendered":"<div class=\"news-article\">\n<p><strong>Birle\u015fik Arap Emirlikleri (BAE), altm\u0131\u015f y\u0131ld\u0131r \u00fcyesi oldu\u011fu Petrol \u0130hra\u00e7 Eden \u00dclkeler \u00d6rg\u00fct\u00fc (OPEC) \u00fcyeli\u011finden ayr\u0131lma niyetini resmen do\u011frulad\u0131. Bu \u00f6nemli karar, ABD ve Siyonist rejimin b\u00f6lgedeki gerilimi t\u0131rmand\u0131ran politikalar\u0131n\u0131n enerji piyasalar\u0131nda \u015fok etkisi yaratt\u0131\u011f\u0131 bir d\u00f6neme denk geliyor.<\/strong><\/p>\n<h2><span style=\"color: #c0392b\">BAE&#8217;nin OPEC&#8217;ten Ayr\u0131l\u0131k Karar\u0131 ve B\u00f6lgesel Dinamikler<\/span><\/h2>\n<p>BAE&#8217;nin devlet haber ajans\u0131 WAM arac\u0131l\u0131\u011f\u0131yla duyurulan bu ayr\u0131l\u0131k, 1 May\u0131s Cuma g\u00fcn\u00fcnden itibaren y\u00fcr\u00fcrl\u00fc\u011fe girecek. Yap\u0131lan a\u00e7\u0131klamada, karar\u0131n &#8220;BAE&#8217;nin \u00fcretim politikas\u0131, mevcut ve gelecekteki kapasitesi \u00fczerine kapsaml\u0131 bir inceleme&#8221; sonras\u0131 al\u0131nd\u0131\u011f\u0131 ve &#8220;ulusal \u00e7\u0131karlar ile piyasan\u0131n acil ihtiya\u00e7lar\u0131n\u0131 etkin bir \u015fekilde kar\u015f\u0131lama taahh\u00fcd\u00fcne&#8221; dayand\u0131\u011f\u0131 belirtildi.<\/p>\n<p>A\u00e7\u0131klamada ayr\u0131ca, &#8220;Arap K\u00f6rfezi ve H\u00fcrm\u00fcz Bo\u011faz\u0131&#8217;ndaki kesintiler de dahil olmak \u00fczere k\u0131sa vadeli dalgalanmalar arz dinamiklerini etkilemeye devam etse de, temel e\u011filimler orta ve uzun vadede k\u00fcresel enerji talebinde s\u00fcrd\u00fcr\u00fclebilir bir b\u00fcy\u00fcmeye i\u015faret etmektedir&#8221; ifadelerine yer verildi. BAE&#8217;nin, &#8220;sorumlu bir \u015fekilde hareket etmeye devam edece\u011fi, kademeli ve \u00f6l\u00e7\u00fcl\u00fc bir \u015fekilde piyasaya ek \u00fcretim sunaca\u011f\u0131&#8221; vurguland\u0131.<\/p>\n<p>Bu ayr\u0131l\u0131k karar\u0131n\u0131n arkas\u0131nda, BAE&#8217;nin petrol fiyatlar\u0131n\u0131 kontrol alt\u0131nda tutmak amac\u0131yla OPEC \u00fcyeleri aras\u0131nda kararla\u015ft\u0131r\u0131lan \u00fcretim kotalar\u0131ndan duydu\u011fu rahats\u0131zl\u0131k ve daha fazla esneklik arzusu oldu\u011fu anla\u015f\u0131l\u0131yor. B\u00f6lgedeki gerilimlerin devam etmesiyle H\u00fcrm\u00fcz Bo\u011faz\u0131&#8217;n\u0131n kapanmas\u0131, d\u00fcnya genelinde petrol ve gaz arz\u0131n\u0131 sekteye u\u011fratarak fiyatlar\u0131n f\u0131rlamas\u0131na neden olmu\u015ftu. Bu durum, ABD ve Siyonist rejimin b\u00f6lgedeki istikrars\u0131zla\u015ft\u0131r\u0131c\u0131 ad\u0131mlar\u0131n\u0131n do\u011frudan bir sonucu olarak de\u011ferlendirilmektedir.<\/p>\n<h2><span style=\"color: #27ae60\">Uzman G\u00f6r\u00fc\u015fleri ve Potansiyel Etkiler<\/span><\/h2>\n<p>Capital Economics&#8217;in iklim ve emtia ba\u015f ekonomisti David Oxley, BAE&#8217;nin &#8220;daha fazla petrol pompalamak i\u00e7in can att\u0131\u011f\u0131n\u0131&#8221; belirtti. Oxley, &#8220;BAE&#8217;nin daha fazla petrol pompalama arzusu \u015fimdiye kadar OPEC&#8217;in geri kalan\u0131n\u0131n a\u015f\u0131r\u0131 \u00fcretimine g\u00f6z yummas\u0131 ve kota seviyelerini y\u00fckseltmesiyle yat\u0131\u015ft\u0131r\u0131lm\u0131\u015ft\u0131&#8221; dedi. Ekonomist, H\u00fcrm\u00fcz Bo\u011faz\u0131 yeniden a\u00e7\u0131ld\u0131\u011f\u0131nda enerji ak\u0131\u015flar\u0131n\u0131n normale d\u00f6nmesi halinde, BAE&#8217;nin OPEC&#8217;ten ayr\u0131lmas\u0131n\u0131n g\u00fcnde ek bir milyon varil petrol pompalamas\u0131na yol a\u00e7abilece\u011fini, bunun da k\u00fcresel petrol talebinin yakla\u015f\u0131k %1&#8217;ine denk geldi\u011fini \u00f6ne s\u00fcrd\u00fc.<\/p>\n<h2><span style=\"color: #3498db\">OPEC Nedir?<\/span><\/h2>\n<p>Petrol \u0130hra\u00e7 Eden \u00dclkeler \u00d6rg\u00fct\u00fc (OPEC), 1960 y\u0131l\u0131nda \u0130ran&#8217;da kurulmu\u015ftur. Amac\u0131, \u00fcye \u00fclkeler aras\u0131nda \u00fcretimi koordine etmek, petrol piyasalar\u0131n\u0131 istikrara kavu\u015fturmak ve arz ile geliri sabit tutmakt\u0131r. OPEC&#8217;in birle\u015fik petrol politikalar\u0131, petrol \u00fcreticileri i\u00e7in adil ve istikrarl\u0131 fiyatlar, t\u00fcketen uluslara verimli, ekonomik ve d\u00fczenli petrol arz\u0131 ile sekt\u00f6re yat\u0131r\u0131m yapanlar i\u00e7in sermayeye adil bir getiri sa\u011flamay\u0131 hedeflemektedir.<\/p>\n<h3><span style=\"color: #e67e22\">OPEC \u00dcyesi \u00dclkeler<\/span><\/h3>\n<ul>\n<li>Cezayir<\/li>\n<li>Kongo<\/li>\n<li>Ekvator Ginesi<\/li>\n<li>Gabon<\/li>\n<li>\u0130ran<\/li>\n<li>Irak<\/li>\n<li>Kuveyt<\/li>\n<li>Libya<\/li>\n<li>Nijerya<\/li>\n<li>Suudi Arabistan<\/li>\n<li>Venezuela<\/li>\n<\/ul>\n<p>BAE, 1967&#8217;de OPEC&#8217;e kat\u0131lm\u0131\u015ft\u0131 ve ayr\u0131lmas\u0131yla petrol kartelinde 11 \u00fcye \u00fclke kalacak. Ancak Oxley, BAE&#8217;nin bu hamlesinin di\u011fer \u00fcyelerin de ayr\u0131lmas\u0131na yol a\u00e7abilece\u011fi ve bunun k\u00fcresel petrol piyasas\u0131 ile fiyatlar \u00fczerinde daha b\u00fcy\u00fck sonu\u00e7lar\u0131 olabilece\u011fi konusunda uyard\u0131.<\/p>\n<p><strong>Bu geli\u015fme, b\u00f6lgedeki jeopolitik dengelerin ve enerji piyasalar\u0131n\u0131n gelece\u011fi a\u00e7\u0131s\u0131ndan kritik bir d\u00f6n\u00fcm noktas\u0131 olarak de\u011ferlendirilmektedir.<\/strong><\/p>\n<\/div>\n<p>#BAE #OPEC #PetrolPiyasas\u0131 #OrtaDo\u011fu #EnerjiKrizi #H\u00fcrm\u00fczBo\u011faz\u0131 #Jeopolitik #ABD\u0130srailGerilimi #PetrolFiyatlar\u0131 #K\u00fcreselEnerji<\/p>\n","protected":false},"excerpt":{"rendered":"<p>Birle\u015fik Arap Emirlikleri (BAE), altm\u0131\u015f y\u0131ld\u0131r \u00fcyesi oldu\u011fu Petrol \u0130hra\u00e7 Eden \u00dclkeler \u00d6rg\u00fct\u00fc (OPEC) \u00fcyeli\u011finden ayr\u0131lma niyetini resmen do\u011frulad\u0131. Bu \u00f6nemli karar, ABD ve Siyonist rejimin b\u00f6lgedeki gerilimi t\u0131rmand\u0131ran politikalar\u0131n\u0131n enerji piyasalar\u0131nda \u015fok etkisi yaratt\u0131\u011f\u0131 bir d\u00f6neme denk geliyor. BAE&#8217;nin OPEC&#8217;ten Ayr\u0131l\u0131k Karar\u0131 ve B\u00f6lgesel Dinamikler BAE&#8217;nin devlet haber ajans\u0131 WAM arac\u0131l\u0131\u011f\u0131yla duyurulan bu ayr\u0131l\u0131k, [&hellip;]<\/p>\n","protected":false},"author":2,"featured_media":12522,"comment_status":"open","ping_status":"open","sticky":false,"template":"","format":"standard","meta":{"footnotes":""},"categories":[37],"tags":[],"class_list":["post-12521","post","type-post","status-publish","format-standard","has-post-thumbnail","hentry","category-orta-dogu-haberleri"],"_links":{"self":[{"href":"https:\/\/fajr.news\/index.php?rest_route=\/wp\/v2\/posts\/12521","targetHints":{"allow":["GET"]}}],"collection":[{"href":"https:\/\/fajr.news\/index.php?rest_route=\/wp\/v2\/posts"}],"about":[{"href":"https:\/\/fajr.news\/index.php?rest_route=\/wp\/v2\/types\/post"}],"author":[{"embeddable":true,"href":"https:\/\/fajr.news\/index.php?rest_route=\/wp\/v2\/users\/2"}],"replies":[{"embeddable":true,"href":"https:\/\/fajr.news\/index.php?rest_route=%2Fwp%2Fv2%2Fcomments&post=12521"}],"version-history":[{"count":0,"href":"https:\/\/fajr.news\/index.php?rest_route=\/wp\/v2\/posts\/12521\/revisions"}],"wp:featuredmedia":[{"embeddable":true,"href":"https:\/\/fajr.news\/index.php?rest_route=\/wp\/v2\/media\/12522"}],"wp:attachment":[{"href":"https:\/\/fajr.news\/index.php?rest_route=%2Fwp%2Fv2%2Fmedia&parent=12521"}],"wp:term":[{"taxonomy":"category","embeddable":true,"href":"https:\/\/fajr.news\/index.php?rest_route=%2Fwp%2Fv2%2Fcategories&post=12521"},{"taxonomy":"post_tag","embeddable":true,"href":"https:\/\/fajr.news\/index.php?rest_route=%2Fwp%2Fv2%2Ftags&post=12521"}],"curies":[{"name":"wp","href":"https:\/\/api.w.org\/{rel}","templated":true}]}}