{"id":12515,"date":"2026-04-29T11:39:29","date_gmt":"2026-04-29T08:09:29","guid":{"rendered":"https:\/\/fajr.news\/?p=12515"},"modified":"2026-04-29T11:39:29","modified_gmt":"2026-04-29T08:09:29","slug":"birlesmis-milletler-guvenlik-konseyinde-filistin-meselesi-ve-ortadogu-gerilimi-masaya-yatirildi","status":"publish","type":"post","link":"https:\/\/fajr.news\/?p=12515&lang=tr","title":{"rendered":"Birle\u015fmi\u015f Milletler G\u00fcvenlik Konseyi&#8217;nde Filistin Meselesi ve Ortado\u011fu Gerilimi Masaya Yat\u0131r\u0131ld\u0131"},"content":{"rendered":"<h1>Birle\u015fmi\u015f Milletler G\u00fcvenlik Konseyi&#8217;nde Filistin Meselesi ve Ortado\u011fu Gerilimi Masaya Yat\u0131r\u0131ld\u0131<\/h1>\n<p><strong>NEW YORK, 28 Nisan 2026 (WAFA)<\/strong> \u2013 Birle\u015fmi\u015f Milletler G\u00fcvenlik Konseyi, Sal\u0131 g\u00fcn\u00fc New York&#8217;taki genel merkezinde, Filistin meselesi de dahil olmak \u00fczere Ortado\u011fu&#8217;daki durumu ele almak \u00fczere kritik bir toplant\u0131 d\u00fczenledi. Toplant\u0131, Bahreyn&#8217;in Nisan ay\u0131 G\u00fcvenlik Konseyi ba\u015fkanl\u0131\u011f\u0131n\u0131 y\u00fcr\u00fctmesi nedeniyle Bahreyn D\u0131\u015fi\u015fleri Bakan\u0131 Abdullatif Al Zayani ba\u015fkanl\u0131\u011f\u0131nda ger\u00e7ekle\u015firken, Filistin D\u0131\u015fi\u015fleri ve Gurbet\u00e7iler Bakan\u0131 Varsen \u015eahin de haz\u0131r bulundu.<\/p>\n<h2>Filistin Bakan\u0131 \u015eahin&#8217;den \u00c7a\u011fr\u0131: &#8220;Art\u0131k Ya\u015fam Zaman\u0131&#8221;<\/h2>\n<p>G\u00fcvenlik Konseyi&#8217;ne hitap eden Filistin D\u0131\u015fi\u015fleri ve Gurbet\u00e7iler Bakan\u0131 \u015eahin, ya\u015fanan t\u00fcm bu \u00f6l\u00fcm, y\u0131k\u0131m, yerinden edilme ve harap olma s\u00fcre\u00e7lerinin ard\u0131ndan art\u0131k ya\u015fam\u0131n, iyile\u015fmenin, yeniden dirili\u015fin ve yeniden yap\u0131lanman\u0131n zaman\u0131 geldi\u011fini vurgulad\u0131. \u015eahin, <strong>tek devlet, tek h\u00fck\u00fcmet, tek yasa ve tek silah<\/strong> vizyonunu yeniden teyit ederek, \u0130srail&#8217;in Gazze \u015eeridi&#8217;nden tamamen \u00e7ekilmesi gerekti\u011finin alt\u0131n\u0131 \u00e7izdi.<\/p>\n<p>Bakan \u015eahin, Gazze&#8217;nin Filistin&#8217;in ayr\u0131lmaz bir par\u00e7as\u0131 oldu\u011funu ve ge\u00e7ici d\u00fczenlemelerin, Bat\u0131 \u015eeria ile Gazze&#8217;nin Filistin Y\u00f6netimi \u00e7at\u0131s\u0131 alt\u0131nda yeniden birle\u015fmesine yol a\u00e7mas\u0131 gerekti\u011fini belirtti. Bu s\u00fcrecin nihayetinde Filistin halk\u0131n\u0131n kendi kaderini tayin hakk\u0131n\u0131 kullanmas\u0131n\u0131 ve ba\u011f\u0131ms\u0131z devletini kurmas\u0131n\u0131 sa\u011flayaca\u011f\u0131n\u0131 ifade etti. \u015eahin, bu \u00e7abalar\u0131n zorla yerinden etme ve ilhak politikalar\u0131yla engellenmemesi gerekti\u011fini vurgulayarak, <strong>ilhak\u0131n bar\u0131\u015fa kar\u015f\u0131 bir su\u00e7 oldu\u011funu ve d\u00fcnya taraf\u0131ndan reddedildi\u011fini<\/strong> dile getirdi.<\/p>\n<p>Bar\u0131\u015f\u0131n ancak e\u015fitler aras\u0131nda sa\u011flanabilece\u011fini ve kar\u015f\u0131l\u0131kl\u0131 tan\u0131ma, intikam yerine adalet, ge\u00e7mi\u015fin zararlar\u0131n\u0131 s\u00fcrd\u00fcrmek yerine gelece\u011fe y\u00f6nelik bir vizyon ve herkesin ayn\u0131 haklara sahip oldu\u011fu, her ya\u015fam\u0131n kutsal oldu\u011fu ortak bir insanl\u0131k temelinde in\u015fa edilmesi gerekti\u011fini g\u00fc\u00e7l\u00fc bir \u015fekilde vurgulad\u0131.<\/p>\n<h2>Bahreyn ve Rusya&#8217;dan Filistin&#8217;e Destek Mesajlar\u0131<\/h2>\n<p>Bahreyn D\u0131\u015fi\u015fleri Bakan\u0131 Abdullatif Al Zayani ise, Bahreyn Krall\u0131\u011f\u0131&#8217;n\u0131n G\u00fcvenlik Konseyi&#8217;nin (2803) say\u0131l\u0131 karar\u0131n\u0131n uygulanmas\u0131n\u0131n \u00f6nemine ili\u015fkin pozisyonunu yineledi ve bu karar\u0131 Gazze \u015eeridi&#8217;ndeki sava\u015f\u0131 sona erdirmek i\u00e7in ba\u011flay\u0131c\u0131 bir referans olarak g\u00f6rd\u00fc\u011f\u00fcn\u00fc belirtti.<\/p>\n<p>Zayani, b\u00f6lgede istikrar ve bar\u0131\u015f\u00e7\u0131l bir arada ya\u015faman\u0131n sa\u011flanmas\u0131 i\u00e7in Kud\u00fcs&#8217;teki mevcut hukuki ve tarihi stat\u00fcye sayg\u0131 g\u00f6sterilmesi, dini kutsal mekanlar\u0131n korunmas\u0131, zorla yerinden etme veya demografik yap\u0131da de\u011fi\u015fiklik yapma giri\u015fimlerinin kesinlikle reddedilmesi ve Bat\u0131 \u015eeria&#8217;daki <strong>yasa d\u0131\u015f\u0131 yerle\u015fim geni\u015flemesinin sona erdirilmesi<\/strong> gerekti\u011fini vurgulad\u0131.<\/p>\n<p>Rusya&#8217;n\u0131n Birle\u015fmi\u015f Milletler Daimi Temsilcisi Vasily Nebenzya da, Filistin meselesinin Ortado\u011fu bar\u0131\u015f s\u00fcrecinin temelinde yer almaya devam etti\u011fini belirterek, adil bir \u00e7\u00f6z\u00fcm olmadan kal\u0131c\u0131 bar\u0131\u015f ve g\u00fcvenli\u011fin sa\u011flanamayaca\u011f\u0131 uyar\u0131s\u0131nda bulundu. Nebenzya, mevcut \u0130srail liderli\u011finin, say\u0131s\u0131z BM G\u00fcvenlik Konseyi ve Genel Kurul kararlar\u0131nda belirtilen temel yerle\u015fim ilkelerini, ba\u015fta iki devletli \u00e7\u00f6z\u00fcm olmak \u00fczere, sadece reddetmekle kalmay\u0131p, ayn\u0131 zamanda s\u00fcrekli olarak baltalamaya \u00e7al\u0131\u015ft\u0131\u011f\u0131n\u0131 ifade etti.<\/p>\n<h2>BM Yetkilisinden \u00c7arp\u0131c\u0131 Rapor: &#8220;Durum \u0130stikrarl\u0131 Bir \u015eekilde K\u00f6t\u00fcle\u015fiyor&#8221;<\/h2>\n<p>Birle\u015fmi\u015f Milletler Siyasi ve Bar\u0131\u015f \u0130n\u015fas\u0131 \u0130\u015fleri ile Bar\u0131\u015f Operasyonlar\u0131 Departmanlar\u0131 Ortado\u011fu ve Asya-Pasifik Genel Sekreter Yard\u0131mc\u0131s\u0131 Khaled Khiari, son haftalarda Ortado\u011fu&#8217;yu saran gerilim ve d\u00fc\u015fmanl\u0131klar\u0131n, i\u015fgal alt\u0131ndaki Filistin topraklar\u0131ndaki durumdan dikkatleri da\u011f\u0131tt\u0131\u011f\u0131n\u0131, Gazze ve Do\u011fu Kud\u00fcs dahil Bat\u0131 \u015eeria&#8217;daki durumun istikrarl\u0131 bir \u015fekilde k\u00f6t\u00fcle\u015fti\u011fini s\u00f6yledi.<\/p>\n<p>Khiari, devam eden \u0130srail sald\u0131r\u0131lar\u0131 aras\u0131nda Gazze&#8217;deki ate\u015fkesin giderek daha k\u0131r\u0131lgan hale geldi\u011fi uyar\u0131s\u0131nda bulundu. Sivillerin devam eden \u015fiddetin en a\u011f\u0131r y\u00fck\u00fcn\u00fc ta\u015f\u0131maya devam etti\u011fini ve sahadaki insani ihtiya\u00e7lar\u0131n muazzam boyutlarda kald\u0131\u011f\u0131n\u0131 vurgulayarak, sadece insani yard\u0131m konusunda de\u011fil, ayn\u0131 zamanda erken iyile\u015fme ve yeniden yap\u0131lanma i\u00e7in de planlar\u0131n acilen ilerletilmesi gerekti\u011fini belirtti.<\/p>\n<p>Bat\u0131 \u015eeria&#8217;daki duruma ili\u015fkin olarak BM yetkilisi, yayg\u0131n yerle\u015fimci \u015fiddeti, yerinden etme operasyonlar\u0131 ve yerle\u015fim faaliyetlerinin h\u0131zlanan temposunun t\u00fcm topluluklar\u0131 tehdit etti\u011fini ve uygulanabilir iki devletli \u00e7\u00f6z\u00fcme dayal\u0131 bir siyasi s\u00fcrece ula\u015fma umutlar\u0131n\u0131 daha da a\u015f\u0131nd\u0131rd\u0131\u011f\u0131n\u0131 ifade etti.<\/p>\n<p>Khiari, 14 Mart ile 16 Nisan aras\u0131ndaki d\u00f6nemde \u0130srail makamlar\u0131n\u0131n Bat\u0131 \u015eeria&#8217;da 1.080 konut birimi in\u015fa etme planlar\u0131n\u0131 ilerletti\u011fini, bunlar\u0131n 680&#8217;inin C B\u00f6lgesi&#8217;ndeki \u00e7e\u015fitli yerle\u015fim yerlerinde ve 400&#8217;\u00fcn\u00fcn Do\u011fu Kud\u00fcs&#8217;te oldu\u011funu bildirdi. Ayn\u0131 d\u00f6nemde, yerle\u015fimciler ve \u0130srail i\u015fgal g\u00fc\u00e7lerinin alt\u0131s\u0131 \u00e7ocuk olmak \u00fczere 21 Filistinliyi \u00f6ld\u00fcrd\u00fc\u011f\u00fcn\u00fc ve 45&#8217;i \u00e7ocuk olmak \u00fczere 310 ki\u015fiyi yaralad\u0131\u011f\u0131n\u0131 da s\u00f6zlerine ekledi.<\/p>\n<p>BM yetkilisi, Bat\u0131 \u015eeria&#8217;n\u0131n kuzeyindeki m\u00fclteci kamplar\u0131ndaki durumun endi\u015fe verici olmaya devam etti\u011fine dikkat \u00e7ekerek, Bat\u0131 \u015eeria genelinde ekonomik ko\u015fullar\u0131n k\u00f6t\u00fcle\u015fmeye devam etti\u011fini ekledi.<\/p>\n<p>Olumlu bir geli\u015fme olarak, 25 Nisan&#8217;da Filistinlilerin Bat\u0131 \u015eeria&#8217;n\u0131n \u00e7o\u011fu yerinde ve Gazze \u015eeridi&#8217;ndeki Deyr el-Balah&#8217;ta yerel se\u00e7imlere kat\u0131larak demokratik haklar\u0131n\u0131 kullanma konusunda \u00f6nemli bir f\u0131rsat yakalad\u0131\u011f\u0131n\u0131 belirtti.<\/p>\n<p>#Filistin #Gazze #Kud\u00fcs #BMGK #\u0130srailZulm\u00fc #\u0130\u015fgal #Ortado\u011fu #\u0130kiDevletli\u00c7\u00f6z\u00fcm #SiyonistRejimeHay\u0131r #Bar\u0131\u015fVeAdalet<\/p>\n","protected":false},"excerpt":{"rendered":"<p>Birle\u015fmi\u015f Milletler G\u00fcvenlik Konseyi&#8217;nde Filistin Meselesi ve Ortado\u011fu Gerilimi Masaya Yat\u0131r\u0131ld\u0131 NEW YORK, 28 Nisan 2026 (WAFA) \u2013 Birle\u015fmi\u015f Milletler G\u00fcvenlik Konseyi, Sal\u0131 g\u00fcn\u00fc New York&#8217;taki genel merkezinde, Filistin meselesi de dahil olmak \u00fczere Ortado\u011fu&#8217;daki durumu ele almak \u00fczere kritik bir toplant\u0131 d\u00fczenledi. Toplant\u0131, Bahreyn&#8217;in Nisan ay\u0131 G\u00fcvenlik Konseyi ba\u015fkanl\u0131\u011f\u0131n\u0131 y\u00fcr\u00fctmesi nedeniyle Bahreyn D\u0131\u015fi\u015fleri Bakan\u0131 [&hellip;]<\/p>\n","protected":false},"author":2,"featured_media":0,"comment_status":"open","ping_status":"open","sticky":false,"template":"","format":"standard","meta":{"footnotes":""},"categories":[37],"tags":[],"class_list":["post-12515","post","type-post","status-publish","format-standard","hentry","category-orta-dogu-haberleri"],"_links":{"self":[{"href":"https:\/\/fajr.news\/index.php?rest_route=\/wp\/v2\/posts\/12515","targetHints":{"allow":["GET"]}}],"collection":[{"href":"https:\/\/fajr.news\/index.php?rest_route=\/wp\/v2\/posts"}],"about":[{"href":"https:\/\/fajr.news\/index.php?rest_route=\/wp\/v2\/types\/post"}],"author":[{"embeddable":true,"href":"https:\/\/fajr.news\/index.php?rest_route=\/wp\/v2\/users\/2"}],"replies":[{"embeddable":true,"href":"https:\/\/fajr.news\/index.php?rest_route=%2Fwp%2Fv2%2Fcomments&post=12515"}],"version-history":[{"count":0,"href":"https:\/\/fajr.news\/index.php?rest_route=\/wp\/v2\/posts\/12515\/revisions"}],"wp:attachment":[{"href":"https:\/\/fajr.news\/index.php?rest_route=%2Fwp%2Fv2%2Fmedia&parent=12515"}],"wp:term":[{"taxonomy":"category","embeddable":true,"href":"https:\/\/fajr.news\/index.php?rest_route=%2Fwp%2Fv2%2Fcategories&post=12515"},{"taxonomy":"post_tag","embeddable":true,"href":"https:\/\/fajr.news\/index.php?rest_route=%2Fwp%2Fv2%2Ftags&post=12515"}],"curies":[{"name":"wp","href":"https:\/\/api.w.org\/{rel}","templated":true}]}}