{"id":12509,"date":"2026-04-29T11:20:56","date_gmt":"2026-04-29T07:50:56","guid":{"rendered":"https:\/\/fajr.news\/?p=12509"},"modified":"2026-04-29T11:20:56","modified_gmt":"2026-04-29T07:50:56","slug":"bae-orta-dogudaki-enerji-soku-ortasinda-opecten-ayriliyor","status":"publish","type":"post","link":"https:\/\/fajr.news\/?p=12509&lang=tr","title":{"rendered":"BAE, Orta Do\u011fu&#8217;daki Enerji \u015eoku Ortas\u0131nda OPEC&#8217;ten Ayr\u0131l\u0131yor"},"content":{"rendered":"<h2>BAE&#8217;den OPEC&#8217;e Veda: Alt\u0131 On Y\u0131ll\u0131k \u00dcyeli\u011fin Ard\u0131ndan Ayr\u0131l\u0131k Karar\u0131<\/h2>\n<p>Birle\u015fik Arap Emirlikleri (BAE), Orta Do\u011fu&#8217;da ABD-\u0130srail&#8217;in \u0130ran ile ya\u015fad\u0131\u011f\u0131 gerilimlerin tetikledi\u011fi enerji arz \u015foku ortam\u0131nda, altm\u0131\u015f y\u0131ll\u0131k \u00fcyeli\u011finin ard\u0131ndan Petrol \u0130hra\u00e7 Eden \u00dclkeler \u00d6rg\u00fct\u00fc (OPEC) grubundan ayr\u0131lma karar\u0131 ald\u0131.<\/p>\n<p>BAE, karar\u0131 devlet kontrol\u00fcndeki WAM haber ajans\u0131 arac\u0131l\u0131\u011f\u0131yla duyurdu. Ayr\u0131l\u0131k karar\u0131 1 May\u0131s&#8217;tan itibaren y\u00fcr\u00fcrl\u00fc\u011fe girecek.<\/p>\n<p>1960 y\u0131l\u0131nda \u0130ran&#8217;da kurulan OPEC (Petrol \u0130hra\u00e7 Eden \u00dclkeler \u00d6rg\u00fct\u00fc), \u00fcye \u00fclkeler aras\u0131nda \u00fcretimi koordine etmeyi, petrol piyasalar\u0131n\u0131 istikrara kavu\u015fturmay\u0131 ve arz ile geliri istikrarl\u0131 tutmay\u0131 hedefliyor.<\/p>\n<p>BAE, OPEC&#8217;e 1967 y\u0131l\u0131nda kat\u0131lm\u0131\u015ft\u0131. Bu ayr\u0131l\u0131kla birlikte petrol karteli, Suudi Arabistan, \u0130ran ve Irak dahil olmak \u00fczere 11 \u00fcye \u00fclkeyle faaliyetlerine devam edecek.<\/p>\n<h3>Karar\u0131n Arka Plan\u0131: Ulusal \u00c7\u0131karlar ve Piyasa \u0130htiya\u00e7lar\u0131<\/h3>\n<p>WAM haber ajans\u0131nda yer alan a\u00e7\u0131klamada, <strong>&#8216;Bu karar, BAE&#8217;nin \u00fcretim politikas\u0131 ile mevcut ve gelecekteki kapasitesinin kapsaml\u0131 bir \u015fekilde g\u00f6zden ge\u00e7irilmesinin ard\u0131ndan al\u0131nm\u0131\u015ft\u0131r ve ulusal \u00e7\u0131karlar\u0131m\u0131za, piyasan\u0131n acil ihtiya\u00e7lar\u0131n\u0131 etkin bir \u015fekilde kar\u015f\u0131lamaya y\u00f6nelik taahh\u00fcd\u00fcm\u00fcze dayanmaktad\u0131r,&#8217;<\/strong> ifadeleri kullan\u0131ld\u0131.<\/p>\n<p>A\u00e7\u0131klamada ayr\u0131ca, <em>&#8216;K\u00f6rfez ve H\u00fcrm\u00fcz Bo\u011faz\u0131&#8217;ndaki kesintiler de dahil olmak \u00fczere k\u0131sa vadeli dalgalanmalar arz dinamiklerini etkilemeye devam etse de, temel e\u011filimler orta ve uzun vadede k\u00fcresel enerji talebinde s\u00fcrd\u00fcr\u00fclebilir bir b\u00fcy\u00fcmeye i\u015faret etmektedir,&#8217;<\/em> denildi.<\/p>\n<p>BAE&#8217;nin ayr\u0131l\u0131\u011f\u0131n\u0131n ard\u0131ndan &#8216;sorumlu davranmaya devam edece\u011fi, ek \u00fcretimi piyasaya kademeli ve \u00f6l\u00e7\u00fcl\u00fc bir \u015fekilde sunaca\u011f\u0131&#8217; da belirtildi.<\/p>\n<h3>Kotalar ve Esneklik Arzusu<\/h3>\n<p>BAE&#8217;nin, petrol fiyatlar\u0131n\u0131 kontrol alt\u0131nda tutmak amac\u0131yla OPEC \u00fcyeleri taraf\u0131ndan belirlenen \u00fcretim kotalar\u0131ndan duydu\u011fu rahats\u0131zl\u0131\u011f\u0131 dile getirdi\u011fi ve karar\u0131n daha fazla esneklik aray\u0131\u015f\u0131na i\u015faret etti\u011fi bildiriliyor.<\/p>\n<p>Ancak bu duyuru, Orta Do\u011fu&#8217;da H\u00fcrm\u00fcz Bo\u011faz\u0131&#8217;n\u0131n kapanmas\u0131yla d\u00fcnya genelinde petrol ve gaz arz\u0131n\u0131n aksad\u0131\u011f\u0131 ve fiyatlar\u0131n f\u0131rlad\u0131\u011f\u0131 gergin bir d\u00f6neme denk geliyor.<\/p>\n<h3>Uzman Yorumlar\u0131: &#8216;BAE Daha Fazla Petrol Pompalamak \u0130stiyordu&#8217;<\/h3>\n<p>Capital Economics&#8217;in ba\u015f iklim ve emtia ekonomisti David Oxley, BAE&#8217;nin &#8216;daha fazla petrol pompalamak i\u00e7in can att\u0131\u011f\u0131n\u0131&#8217; belirtti.<\/p>\n<p>Oxley, &#8216;BAE&#8217;nin daha fazla petrol pompalamak arzusu, \u015fimdiye kadar OPEC&#8217;in geri kalan\u0131n\u0131n a\u015f\u0131r\u0131 \u00fcretimine g\u00f6z yummas\u0131 ve kota seviyelerini art\u0131rmas\u0131yla yat\u0131\u015ft\u0131r\u0131lm\u0131\u015ft\u0131,&#8217; diye ekledi.<\/p>\n<p>Ekonomist, H\u00fcrm\u00fcz Bo\u011faz\u0131 yeniden a\u00e7\u0131ld\u0131\u011f\u0131nda enerji ak\u0131\u015flar\u0131n\u0131n normale d\u00f6nmesi halinde, BAE&#8217;nin OPEC&#8217;ten ayr\u0131lmas\u0131n\u0131n g\u00fcnl\u00fck ek bir milyon varil petrol pompalamas\u0131na yol a\u00e7abilece\u011fini \u2013 ki bu k\u00fcresel petrol talebinin yakla\u015f\u0131k %1&#8217;ine denk geliyor \u2013 \u00f6ne s\u00fcrd\u00fc.<\/p>\n<p>Oxley ayr\u0131ca, bu ad\u0131m\u0131n di\u011fer \u00fcyelerin de OPEC&#8217;ten ayr\u0131lmas\u0131n\u0131 tetikleyebilece\u011fi ve bunun k\u00fcresel petrol piyasas\u0131 ile fiyatlar \u00fczerinde daha b\u00fcy\u00fck etkileri olabilece\u011fi konusunda uyard\u0131.<\/p>\n<p>#BAE #OPEC #PetrolPiyasas\u0131 #Enerji\u015eoku #OrtaDo\u011fu #H\u00fcrm\u00fczBo\u011faz\u0131 #Petrol\u00dcretimi #K\u00fcreselEkonomi #EnerjiArz\u0131 #WAMAjans\u0131<\/p>\n","protected":false},"excerpt":{"rendered":"<p>BAE&#8217;den OPEC&#8217;e Veda: Alt\u0131 On Y\u0131ll\u0131k \u00dcyeli\u011fin Ard\u0131ndan Ayr\u0131l\u0131k Karar\u0131 Birle\u015fik Arap Emirlikleri (BAE), Orta Do\u011fu&#8217;da ABD-\u0130srail&#8217;in \u0130ran ile ya\u015fad\u0131\u011f\u0131 gerilimlerin tetikledi\u011fi enerji arz \u015foku ortam\u0131nda, altm\u0131\u015f y\u0131ll\u0131k \u00fcyeli\u011finin ard\u0131ndan Petrol \u0130hra\u00e7 Eden \u00dclkeler \u00d6rg\u00fct\u00fc (OPEC) grubundan ayr\u0131lma karar\u0131 ald\u0131. BAE, karar\u0131 devlet kontrol\u00fcndeki WAM haber ajans\u0131 arac\u0131l\u0131\u011f\u0131yla duyurdu. Ayr\u0131l\u0131k karar\u0131 1 May\u0131s&#8217;tan itibaren y\u00fcr\u00fcrl\u00fc\u011fe [&hellip;]<\/p>\n","protected":false},"author":2,"featured_media":12510,"comment_status":"open","ping_status":"open","sticky":false,"template":"","format":"standard","meta":{"footnotes":""},"categories":[37],"tags":[],"class_list":["post-12509","post","type-post","status-publish","format-standard","has-post-thumbnail","hentry","category-orta-dogu-haberleri"],"_links":{"self":[{"href":"https:\/\/fajr.news\/index.php?rest_route=\/wp\/v2\/posts\/12509","targetHints":{"allow":["GET"]}}],"collection":[{"href":"https:\/\/fajr.news\/index.php?rest_route=\/wp\/v2\/posts"}],"about":[{"href":"https:\/\/fajr.news\/index.php?rest_route=\/wp\/v2\/types\/post"}],"author":[{"embeddable":true,"href":"https:\/\/fajr.news\/index.php?rest_route=\/wp\/v2\/users\/2"}],"replies":[{"embeddable":true,"href":"https:\/\/fajr.news\/index.php?rest_route=%2Fwp%2Fv2%2Fcomments&post=12509"}],"version-history":[{"count":0,"href":"https:\/\/fajr.news\/index.php?rest_route=\/wp\/v2\/posts\/12509\/revisions"}],"wp:featuredmedia":[{"embeddable":true,"href":"https:\/\/fajr.news\/index.php?rest_route=\/wp\/v2\/media\/12510"}],"wp:attachment":[{"href":"https:\/\/fajr.news\/index.php?rest_route=%2Fwp%2Fv2%2Fmedia&parent=12509"}],"wp:term":[{"taxonomy":"category","embeddable":true,"href":"https:\/\/fajr.news\/index.php?rest_route=%2Fwp%2Fv2%2Fcategories&post=12509"},{"taxonomy":"post_tag","embeddable":true,"href":"https:\/\/fajr.news\/index.php?rest_route=%2Fwp%2Fv2%2Ftags&post=12509"}],"curies":[{"name":"wp","href":"https:\/\/api.w.org\/{rel}","templated":true}]}}