{"id":12503,"date":"2026-04-29T11:10:18","date_gmt":"2026-04-29T07:40:18","guid":{"rendered":"https:\/\/fajr.news\/?p=12503"},"modified":"2026-04-29T11:10:18","modified_gmt":"2026-04-29T07:40:18","slug":"abu-dabi-orta-dogu-gerilimleri-petrol-akisini-sekteye-ugratirken-opecten-ayrildi","status":"publish","type":"post","link":"https:\/\/fajr.news\/?p=12503&lang=tr","title":{"rendered":"Abu Dabi, Orta Do\u011fu Gerilimleri Petrol Ak\u0131\u015f\u0131n\u0131 Sekteye U\u011frat\u0131rken OPEC&#8217;ten Ayr\u0131ld\u0131"},"content":{"rendered":"<p>Abu Dabi, 28 Nisan (SANA) Birle\u015fik Arap Emirlikleri&#8217;nin (BAE) Sal\u0131 g\u00fcn\u00fc Petrol \u0130hra\u00e7 Eden \u00dclkeler \u00d6rg\u00fct\u00fc (OPEC) ve OPEC+ ittifak\u0131ndan \u00e7ekildi\u011fini duyurmas\u0131yla k\u00fcresel enerji piyasalar\u0131 yeni bir belirsizlik d\u00f6nemine giriyor. Karar\u0131n yans\u0131malar\u0131, Orta Do\u011fu&#8217;daki artan gerilimlerin de etkisiyle k\u00fcresel arz ve talep dinamiklerinde \u015fimdiden kendini g\u00f6stermeye ba\u015flad\u0131.<\/p>\n<p>Reuters&#8217;a g\u00f6re, BAE&#8217;nin bu ad\u0131m\u0131, ABD-\u0130srail-\u0130ran \u00e7at\u0131\u015fmas\u0131n\u0131n do\u011frudan sonu\u00e7lar\u0131 nedeniyle aksakl\u0131klar\u0131n yo\u011funla\u015fmaya devam etti\u011fi, k\u00fcresel enerji sekt\u00f6r\u00fcndeki ola\u011fan\u00fcst\u00fc ko\u015fullar aras\u0131nda at\u0131ld\u0131. Bu \u00e7at\u0131\u015fma, k\u00fcresel petrol ve gaz tedarik zincirleri \u00fczerinde a\u011f\u0131r bir g\u00f6lge olu\u015fturarak geleneksel enerji kaynaklar\u0131na olan piyasa g\u00fcvenini sarst\u0131.<\/p>\n<p>Raporda, bu \u00f6nemli geli\u015fmenin, d\u00fcnya ham petrol ve s\u0131v\u0131la\u015ft\u0131r\u0131lm\u0131\u015f do\u011fal gaz sevkiyat\u0131n\u0131n yakla\u015f\u0131k %20&#8217;sinin ge\u00e7ti\u011fi stratejik bir bo\u011faz olan H\u00fcrm\u00fcz Bo\u011faz\u0131 \u00fczerinden kesintisiz ihracat ak\u0131\u015f\u0131n\u0131 sa\u011flamada petrol \u00fcreticilerinin kar\u015f\u0131la\u015ft\u0131\u011f\u0131 b\u00fcy\u00fck lojistik ve g\u00fcvenlik zorluklar\u0131yla ayn\u0131 zamana denk geldi\u011fi belirtildi. Bu bask\u0131lar, potansiyel tedarik darbo\u011fazlar\u0131 korkular\u0131n\u0131 art\u0131rd\u0131 ve \u00f6n\u00fcm\u00fczdeki d\u00f6nemde keskin fiyat art\u0131\u015flar\u0131 beklentilerini k\u00f6r\u00fckledi.<\/p>\n<p>Reuters, BAE&#8217;nin \u00e7ekilmesinin, \u00f6rg\u00fct\u00fcn onlarca y\u0131ld\u0131r i\u00e7 yap\u0131sal anla\u015fmazl\u0131klara, \u00f6zellikle de \u00fcretim kotalar\u0131 ve farkl\u0131 jeopolitik pozisyonlar \u00fczerindeki anla\u015fmazl\u0131klara ra\u011fmen s\u00fcrd\u00fcrmeye \u00e7al\u0131\u015ft\u0131\u011f\u0131 OPEC&#8217;in uyumunu zay\u0131flatabilece\u011fini \u00f6ng\u00f6rd\u00fc.<\/p>\n<p>Raporda, bu ad\u0131m\u0131n \u00fcye devletlerin daha ba\u011f\u0131ms\u0131z \u00fcretim politikalar\u0131 benimsemesine kap\u0131 a\u00e7abilece\u011fi, piyasa oynakl\u0131\u011f\u0131n\u0131 art\u0131rabilece\u011fi ve koordineli eylemin d\u0131\u015f \u015foklarla m\u00fccadele i\u00e7in hayati \u00f6nem ta\u015f\u0131d\u0131\u011f\u0131 bir zamanda \u00f6rg\u00fct\u00fcn k\u00fcresel petrol arz\u0131n\u0131 y\u00f6netme yetene\u011fini azaltabilece\u011fi eklendi.<\/p>\n<p>Al-Mazroue: Egemen Karar ve Politika Esnekli\u011fi<\/p>\n<p>Reuters, BAE Enerji Bakan\u0131 Suhail al-Mazroue&#8217;nin, karar\u0131n \u00fclkeye OPEC \u00fcyeli\u011finin getirdi\u011fi kolektif y\u00fck\u00fcml\u00fcl\u00fcklerden ba\u011f\u0131ms\u0131z olarak petrol kaynaklar\u0131n\u0131 y\u00f6netmede daha fazla stratejik esneklik sa\u011flamay\u0131 ama\u00e7layan \u201cegemen ve ulusal\u201d bir karar oldu\u011funu s\u00f6yledi\u011fini aktard\u0131.<\/p>\n<p>Al-Mazroue, zamanlaman\u0131n, stratejik petrol rezervlerinin h\u0131zla t\u00fckenmesiyle i\u015faretlenen ve politika yap\u0131c\u0131lar aras\u0131nda endi\u015felere yol a\u00e7an benzeri g\u00f6r\u00fclmemi\u015f bir k\u00fcresel ortamda dikkatle se\u00e7ildi\u011fini belirtti.<\/p>\n<p>Karar\u0131n, BAE&#8217;nin ulusal \u00e7\u0131karlar\u0131yla uyumlu uzun vadeli stratejik ve ekonomik bir vizyona dayand\u0131\u011f\u0131n\u0131 vurgulayan Bakan, \u00f6zellikle H\u00fcrm\u00fcz Bo\u011faz\u0131&#8217;ndaki mevcut arz ak\u0131\u015f\u0131 k\u0131s\u0131tlamalar\u0131 g\u00f6z \u00f6n\u00fcne al\u0131nd\u0131\u011f\u0131nda, istenmeyen piyasa \u015foklar\u0131ndan ka\u00e7\u0131nmak i\u00e7in liderli\u011fin bu ad\u0131m\u0131 duyurmak i\u00e7in en uygun an\u0131 se\u00e7ti\u011fini kaydetti.<\/p>\n<p>Karar Cuma G\u00fcn\u00fc Y\u00fcr\u00fcrl\u00fc\u011fe Giriyor<\/p>\n<p>Sal\u0131 g\u00fcn\u00fc al\u0131nan karar Cuma g\u00fcn\u00fc y\u00fcr\u00fcrl\u00fc\u011fe girecek ve Abu Dabi ile OPEC aras\u0131ndaki uzun bir i\u015fbirli\u011fi d\u00f6nemini sona erdirecek.<\/p>\n<p>Enerji analistleri, bu geli\u015fmenin k\u00fcresel enerji piyasalar\u0131 i\u00e7in, kolektif eylemden daha ba\u011f\u0131ms\u0131z ulusal politikalara do\u011fru bir kay\u0131\u015fla karakterize edilen yeni bir ge\u00e7i\u015f a\u015famas\u0131na yol a\u00e7mas\u0131n\u0131 bekliyor. Bu durum, d\u00fcnyan\u0131n en hayati sekt\u00f6rlerinden biri \u00fczerindeki jeopolitik ve ekonomik bask\u0131lar\u0131n devam etti\u011fi bir d\u00f6nemde ya\u015fan\u0131yor.<\/p>\n<p>#OPEC #BAE #AbuDabi #PetrolPiyasas\u0131 #EnerjiPiyasalar\u0131 #H\u00fcrm\u00fczBo\u011faz\u0131 #OrtaDo\u011fuGerilimi #PetrolFiyatlar\u0131 #K\u00fcreselEnerji #Petrol\u00dcretimi<\/p>\n","protected":false},"excerpt":{"rendered":"<p>Abu Dabi, 28 Nisan (SANA) Birle\u015fik Arap Emirlikleri&#8217;nin (BAE) Sal\u0131 g\u00fcn\u00fc Petrol \u0130hra\u00e7 Eden \u00dclkeler \u00d6rg\u00fct\u00fc (OPEC) ve OPEC+ ittifak\u0131ndan \u00e7ekildi\u011fini duyurmas\u0131yla k\u00fcresel enerji piyasalar\u0131 yeni bir belirsizlik d\u00f6nemine giriyor. Karar\u0131n yans\u0131malar\u0131, Orta Do\u011fu&#8217;daki artan gerilimlerin de etkisiyle k\u00fcresel arz ve talep dinamiklerinde \u015fimdiden kendini g\u00f6stermeye ba\u015flad\u0131. Reuters&#8217;a g\u00f6re, BAE&#8217;nin bu ad\u0131m\u0131, ABD-\u0130srail-\u0130ran \u00e7at\u0131\u015fmas\u0131n\u0131n do\u011frudan [&hellip;]<\/p>\n","protected":false},"author":2,"featured_media":12504,"comment_status":"open","ping_status":"open","sticky":false,"template":"","format":"standard","meta":{"footnotes":""},"categories":[37],"tags":[],"class_list":["post-12503","post","type-post","status-publish","format-standard","has-post-thumbnail","hentry","category-orta-dogu-haberleri"],"_links":{"self":[{"href":"https:\/\/fajr.news\/index.php?rest_route=\/wp\/v2\/posts\/12503","targetHints":{"allow":["GET"]}}],"collection":[{"href":"https:\/\/fajr.news\/index.php?rest_route=\/wp\/v2\/posts"}],"about":[{"href":"https:\/\/fajr.news\/index.php?rest_route=\/wp\/v2\/types\/post"}],"author":[{"embeddable":true,"href":"https:\/\/fajr.news\/index.php?rest_route=\/wp\/v2\/users\/2"}],"replies":[{"embeddable":true,"href":"https:\/\/fajr.news\/index.php?rest_route=%2Fwp%2Fv2%2Fcomments&post=12503"}],"version-history":[{"count":0,"href":"https:\/\/fajr.news\/index.php?rest_route=\/wp\/v2\/posts\/12503\/revisions"}],"wp:featuredmedia":[{"embeddable":true,"href":"https:\/\/fajr.news\/index.php?rest_route=\/wp\/v2\/media\/12504"}],"wp:attachment":[{"href":"https:\/\/fajr.news\/index.php?rest_route=%2Fwp%2Fv2%2Fmedia&parent=12503"}],"wp:term":[{"taxonomy":"category","embeddable":true,"href":"https:\/\/fajr.news\/index.php?rest_route=%2Fwp%2Fv2%2Fcategories&post=12503"},{"taxonomy":"post_tag","embeddable":true,"href":"https:\/\/fajr.news\/index.php?rest_route=%2Fwp%2Fv2%2Ftags&post=12503"}],"curies":[{"name":"wp","href":"https:\/\/api.w.org\/{rel}","templated":true}]}}