{"id":12477,"date":"2026-04-29T10:29:24","date_gmt":"2026-04-29T06:59:24","guid":{"rendered":"https:\/\/fajr.news\/?p=12477"},"modified":"2026-04-29T10:29:24","modified_gmt":"2026-04-29T06:59:24","slug":"baenin-opecten-ayriligi-korfezdeki-catlaklar-derinlesiyor","status":"publish","type":"post","link":"https:\/\/fajr.news\/?p=12477&lang=tr","title":{"rendered":"BAE&#8217;nin OPEC&#8217;ten Ayr\u0131l\u0131\u011f\u0131: K\u00f6rfez&#8217;deki \u00c7atlaklar Derinle\u015fiyor"},"content":{"rendered":"<h1>BAE&#8217;nin OPEC&#8217;ten Ayr\u0131l\u0131\u011f\u0131: K\u00f6rfez&#8217;deki \u00c7atlaklar Derinle\u015fiyor<\/h1>\n<p>Birle\u015fik Arap Emirlikleri (BAE), k\u00fcresel enerji dinamiklerinde <strong>\u00f6nemli bir de\u011fi\u015fime i\u015faret eden<\/strong> ve devam eden b\u00f6lgesel gerilimlerin g\u00f6lgesinde, Petrol \u0130hra\u00e7 Eden \u00dclkeler \u00d6rg\u00fct\u00fc (OPEC) ve daha geni\u015f OPEC+ ittifak\u0131ndan \u00e7ekilme karar\u0131n\u0131 duyurdu. Bu hamle, K\u00f6rfez&#8217;deki g\u00fc\u00e7 dengelerini yeniden \u015fekillendirecek potansiyel bir d\u00f6n\u00fcm noktas\u0131 olarak de\u011ferlendiriliyor.<\/p>\n<h2>Stratejik Bir Karar m\u0131, Yoksa Derinle\u015fen Ayr\u0131l\u0131klar m\u0131?<\/h2>\n<p>1 May\u0131s 2026 tarihinden itibaren ge\u00e7erli olacak bu ayr\u0131l\u0131k, \u00fclkenin \u00fcretim politikas\u0131 ve uzun vadeli enerji \u00f6nceliklerinin stratejik bir incelemesinin ard\u0131ndan geldi\u011fi belirtiliyor. BAE, bu kararla esnekli\u011fe, yerel kapasite geni\u015flemesine ve ulusal ekonomik \u00e7\u0131karlarla uyuma daha fazla odaklanaca\u011f\u0131n\u0131 vurguluyor. Ancak g\u00f6zlemciler, bu karar\u0131n, Suudi Arabistan liderli\u011findeki \u00fcretici grubunun i\u00e7indeki <em>uyumsuzluklar\u0131n ve derinle\u015fen ayr\u0131l\u0131klar\u0131n<\/em> bir g\u00f6stergesi olabilece\u011fi \u00fczerinde duruyor.<\/p>\n<p>Bu geli\u015fme, k\u00fcresel enerji sisteminin zaten bask\u0131 alt\u0131nda oldu\u011fu bir d\u00f6nemde, ittifak i\u00e7indeki uyumu potansiyel olarak zay\u0131flatmas\u0131yla Suudi Arabistan ve OPEC+ i\u00e7in b\u00fcy\u00fck bir darbe niteli\u011fi ta\u015f\u0131yor. BAE&#8217;nin ayr\u0131l\u0131\u011f\u0131, b\u00f6lgesel i\u015f birli\u011fi ve ortak hareket etme kabiliyetinin sorguland\u0131\u011f\u0131 bir d\u00f6nemde geldi.<\/p>\n<h2>B\u00f6lgesel Gerilimler ve H\u00fcrm\u00fcz Bo\u011faz\u0131&#8217;n\u0131n \u00d6nemi<\/h2>\n<p>Karar, b\u00f6lgedeki artan gerilimlerin ve d\u0131\u015f m\u00fcdahalelerle k\u00f6r\u00fcklenen istikrars\u0131zl\u0131\u011f\u0131n arka plan\u0131nda al\u0131nd\u0131. K\u00f6rfez&#8217;deki petrol \u00fcreticileri, k\u00fcresel ham petrol ve s\u0131v\u0131la\u015ft\u0131r\u0131lm\u0131\u015f do\u011fal gaz\u0131n yakla\u015f\u0131k be\u015fte birinin ge\u00e7ti\u011fi kritik bir ge\u00e7i\u015f noktas\u0131 olan H\u00fcrm\u00fcz Bo\u011faz\u0131 \u00fczerinden ihracatlar\u0131n\u0131 g\u00f6ndermekte artan zorluklarla kar\u015f\u0131 kar\u015f\u0131ya kal\u0131yor. BAE, \u00e7ekilmenin uzun vadeli stratejisiyle uyumlu oldu\u011funu ve g\u00fcvenilir, esnek bir enerji \u00fcreticisi olarak konumunu g\u00fc\u00e7lendirece\u011fini belirtse de, bu durumun b\u00f6lgesel g\u00fcvenlik ve istikrar aray\u0131\u015flar\u0131ndaki <strong>\u00e7atlaklar\u0131 daha da belirginle\u015ftirdi\u011fi<\/strong> a\u015fikar.<\/p>\n<p>BAE h\u00fck\u00fcmeti, enerji de\u011fer zincirine yat\u0131r\u0131m yapmaya devam edece\u011fini ve k\u00fcresel piyasa istikrar\u0131na ba\u011fl\u0131l\u0131\u011f\u0131n\u0131 s\u00fcrd\u00fcrece\u011fini ifade etti. Ancak bu ayr\u0131l\u0131k, \u00f6zellikle OPEC+&#8217;\u0131n tarihsel olarak \u00fcretim y\u00f6netimi ve fiyatlar\u0131 istikrara kavu\u015fturmada birle\u015fik bir cephe sunmaya \u00e7al\u0131\u015ft\u0131\u011f\u0131 d\u00fc\u015f\u00fcn\u00fcld\u00fc\u011f\u00fcnde, k\u00fcresel petrol piyasalar\u0131na daha fazla belirsizlik getirebilir.<\/p>\n<h2>K\u00f6rfez \u0130\u015f Birli\u011fi Konseyi&#8217;ndeki Zay\u0131fl\u0131k \u0130tiraf\u0131<\/h2>\n<p>Bu karar\u0131n arkas\u0131nda, BAE yetkililerinin b\u00f6lgesel g\u00fcvenlik koordinasyonuna y\u00f6nelik ele\u015ftirileri de yat\u0131yor. BAE Devlet Ba\u015fkan\u0131 Diplomatik Dan\u0131\u015fman\u0131 Anwar Gargash, K\u00f6rfez ve Arap ortaklar\u0131n\u0131n son b\u00f6lgesel olaylara verdi\u011fi siyasi ve askeri yan\u0131t\u0131n beklenenden daha zay\u0131f oldu\u011funu dile getirdi.<\/p>\n<p><em>\u201cK\u00f6rfez \u0130\u015f Birli\u011fi Konseyi \u00fclkeleri lojistik olarak birbirlerini desteklediler, ancak siyasi ve askeri olarak pozisyonlar\u0131n\u0131n tarihsel olarak en zay\u0131f oldu\u011funu d\u00fc\u015f\u00fcn\u00fcyorum,\u201d<\/em> diyen Gargash&#8217;\u0131n s\u00f6zleri, b\u00f6lgedeki s\u00f6zde ittifaklar\u0131n i\u00e7indeki <strong>derin g\u00fcvensizli\u011fi ve par\u00e7alanm\u0131\u015fl\u0131\u011f\u0131<\/strong> g\u00f6zler \u00f6n\u00fcne seriyor. Bu itiraf, d\u0131\u015far\u0131dan dayat\u0131lan ittifaklar\u0131n ne kadar k\u0131r\u0131lgan oldu\u011funu ve b\u00f6lgesel ger\u00e7ekliklere ne kadar uzak d\u00fc\u015ft\u00fc\u011f\u00fcn\u00fc bir kez daha kan\u0131tl\u0131yor.<\/p>\n<p>ABD Ba\u015fkan\u0131 Donald Trump&#8217;\u0131n OPEC&#8217;i petrol fiyatlar\u0131n\u0131 \u015fi\u015firmekle su\u00e7lamas\u0131 ve ABD&#8217;nin K\u00f6rfez&#8217;deki g\u00fcvenlik deste\u011fini enerji piyasas\u0131 dinamiklerine ba\u011flamas\u0131 da, bu ittifaklar\u0131n <strong>\u00e7ifte standartl\u0131 ve \u00e7\u0131karc\u0131 do\u011fas\u0131n\u0131<\/strong> ortaya koyan bir ba\u015fka fakt\u00f6r olarak \u00f6ne \u00e7\u0131k\u0131yor. BAE&#8217;nin 1967&#8217;den beri Abu Dabi arac\u0131l\u0131\u011f\u0131yla uzun s\u00fcredir \u00fcyesi oldu\u011fu OPEC&#8217;ten ayr\u0131lmas\u0131, k\u00fcresel enerji piyasalar\u0131nda daha ba\u011f\u0131ms\u0131z bir \u00fcretim stratejisine ge\u00e7i\u015fini simgeliyor ve b\u00f6lgesel g\u00fc\u00e7 dengelerinde yeni bir d\u00f6nemin habercisi olabilir.<\/p>\n<p>#BAE #OPEC #OPECPlus #EnerjiPiyasalar\u0131 #K\u00f6rfezGerilimi #SuudiArabistan #H\u00fcrm\u00fczBo\u011faz\u0131 #K\u00fcreselEnerji #Jeopolitik #B\u00f6lgeselDinamikler<\/p>\n","protected":false},"excerpt":{"rendered":"<p>BAE&#8217;nin OPEC&#8217;ten Ayr\u0131l\u0131\u011f\u0131: K\u00f6rfez&#8217;deki \u00c7atlaklar Derinle\u015fiyor Birle\u015fik Arap Emirlikleri (BAE), k\u00fcresel enerji dinamiklerinde \u00f6nemli bir de\u011fi\u015fime i\u015faret eden ve devam eden b\u00f6lgesel gerilimlerin g\u00f6lgesinde, Petrol \u0130hra\u00e7 Eden \u00dclkeler \u00d6rg\u00fct\u00fc (OPEC) ve daha geni\u015f OPEC+ ittifak\u0131ndan \u00e7ekilme karar\u0131n\u0131 duyurdu. Bu hamle, K\u00f6rfez&#8217;deki g\u00fc\u00e7 dengelerini yeniden \u015fekillendirecek potansiyel bir d\u00f6n\u00fcm noktas\u0131 olarak de\u011ferlendiriliyor. Stratejik Bir Karar m\u0131, [&hellip;]<\/p>\n","protected":false},"author":2,"featured_media":0,"comment_status":"open","ping_status":"open","sticky":false,"template":"","format":"standard","meta":{"footnotes":""},"categories":[37],"tags":[],"class_list":["post-12477","post","type-post","status-publish","format-standard","hentry","category-orta-dogu-haberleri"],"_links":{"self":[{"href":"https:\/\/fajr.news\/index.php?rest_route=\/wp\/v2\/posts\/12477","targetHints":{"allow":["GET"]}}],"collection":[{"href":"https:\/\/fajr.news\/index.php?rest_route=\/wp\/v2\/posts"}],"about":[{"href":"https:\/\/fajr.news\/index.php?rest_route=\/wp\/v2\/types\/post"}],"author":[{"embeddable":true,"href":"https:\/\/fajr.news\/index.php?rest_route=\/wp\/v2\/users\/2"}],"replies":[{"embeddable":true,"href":"https:\/\/fajr.news\/index.php?rest_route=%2Fwp%2Fv2%2Fcomments&post=12477"}],"version-history":[{"count":0,"href":"https:\/\/fajr.news\/index.php?rest_route=\/wp\/v2\/posts\/12477\/revisions"}],"wp:attachment":[{"href":"https:\/\/fajr.news\/index.php?rest_route=%2Fwp%2Fv2%2Fmedia&parent=12477"}],"wp:term":[{"taxonomy":"category","embeddable":true,"href":"https:\/\/fajr.news\/index.php?rest_route=%2Fwp%2Fv2%2Fcategories&post=12477"},{"taxonomy":"post_tag","embeddable":true,"href":"https:\/\/fajr.news\/index.php?rest_route=%2Fwp%2Fv2%2Ftags&post=12477"}],"curies":[{"name":"wp","href":"https:\/\/api.w.org\/{rel}","templated":true}]}}