{"id":12421,"date":"2026-04-29T09:05:54","date_gmt":"2026-04-29T05:35:54","guid":{"rendered":"https:\/\/fajr.news\/?p=12421"},"modified":"2026-04-29T09:05:54","modified_gmt":"2026-04-29T05:35:54","slug":"orta-dogu-catismasinin-60-gunu-bae-bu-hafta-opec-ve-opectan-ayriliyor","status":"publish","type":"post","link":"https:\/\/fajr.news\/?p=12421&lang=tr","title":{"rendered":"Orta Do\u011fu \u00c7at\u0131\u015fmas\u0131n\u0131n 60. G\u00fcn\u00fc: BAE Bu Hafta OPEC ve OPEC+&#8217;tan Ayr\u0131l\u0131yor"},"content":{"rendered":"<p>BAE petrol kartelinden ayr\u0131l\u0131yor: \u0130ran sava\u015f\u0131n\u0131n k\u00fcresel enerji piyasalar\u0131n\u0131 alt\u00fcst etmesiyle Birle\u015fik Arap Emirlikleri (BAE), bu hafta Petrol \u0130hra\u00e7 Eden \u00dclkeler \u00d6rg\u00fct\u00fc (OPEC) ve OPEC+&#8217;tan \u00e7ekilecek. \u00dclkenin enerji bakan\u0131 CNN&#8217;e yapt\u0131\u011f\u0131 a\u00e7\u0131klamada, BAE&#8217;nin bu karar\u0131 \u015fimdi almas\u0131n\u0131n nedeninin, H\u00fcrm\u00fcz Bo\u011faz\u0131&#8217;n\u0131n kapanmas\u0131n\u0131n petrol piyasas\u0131 \u00fczerindeki etkisini s\u0131n\u0131rlayacak olmas\u0131 oldu\u011funu belirtti.<\/p>\n<p>Bar\u0131\u015f g\u00f6r\u00fc\u015fmeleri: S\u00fcrece yak\u0131n kaynaklar, Ba\u015fkan Donald Trump&#8217;\u0131n \u00f6nceki bir versiyonu kabul etmeyece\u011fini belirtmesinin ard\u0131ndan, Pakistan&#8217;daki arabulucular\u0131n \u00f6n\u00fcm\u00fczdeki birka\u00e7 g\u00fcn i\u00e7inde \u0130ran&#8217;dan revize edilmi\u015f bir teklif almay\u0131 beklediklerini s\u00f6yl\u00fcyor.<\/p>\n<p>L\u00fcbnan&#8217;da: Devlet medyas\u0131 ve ulusal yetkililere g\u00f6re, \u0130srail sald\u0131r\u0131lar\u0131 Sal\u0131 g\u00fcn\u00fc g\u00fcney L\u00fcbnan genelinde en az on ki\u015fiyi \u00f6ld\u00fcrd\u00fc. \u0130srail ordusu ayr\u0131ca, g\u00fcney L\u00fcbnan&#8217;da Hizbullah&#8217;a ait yeralt\u0131 t\u00fcnellerini imha etti\u011fini ve bu yap\u0131lar\u0131 Gazze&#8217;de kar\u015f\u0131la\u015ft\u0131klar\u0131na benzetti\u011fini duyurdu.<\/p>\n<p>\u0130lan edilen ate\u015fkesine ra\u011fmen, L\u00fcbnan yetkilileri ve devlet medyas\u0131na g\u00f6re, \u0130srail sald\u0131r\u0131lar\u0131 Sal\u0131 g\u00fcn\u00fc ve \u00c7ar\u015famba sabah\u0131n\u0131n erken saatlerine kadar g\u00fcney L\u00fcbnan genelinde en az on ki\u015fiyi \u00f6ld\u00fcrd\u00fc. L\u00fcbnan Sivil Savunmas\u0131, Sur yak\u0131nlar\u0131ndaki Majdal Zoun kasabas\u0131nda bir binaya d\u00fczenlenen ilk sald\u0131r\u0131da iki sivilin \u00f6ld\u00fcr\u00fcld\u00fc\u011f\u00fcn\u00fc bildirdi. \u00d6rg\u00fct, ayn\u0131 yere daha sonra d\u00fczenlenen ba\u015fka bir sald\u0131r\u0131da, \u00f6nceki sald\u0131r\u0131da &#8220;yaral\u0131lara yard\u0131m eden&#8221; \u00fc\u00e7 Sivil Savunma personelinin hayat\u0131n\u0131 kaybetti\u011fini ekledi. Hem Sivil Savunma hem de Ordu, ikinci sald\u0131r\u0131da iki L\u00fcbnan Ordusu askerinin yaraland\u0131\u011f\u0131n\u0131 belirtti. L\u00fcbnan Devlet Ba\u015fkan\u0131 Joseph Aoun&#8217;un ofisi, X \u00fczerinden yapt\u0131\u011f\u0131 a\u00e7\u0131klamada sald\u0131r\u0131lar\u0131 k\u0131nad\u0131 ve Aoun&#8217;un sald\u0131r\u0131lar\u0131 &#8220;yard\u0131m ve ilk yard\u0131m g\u00f6revlilerini hedef alan bir dizi&#8230; par\u00e7as\u0131&#8221; olarak de\u011ferlendirdi\u011fini ekledi. Ayr\u0131ca, L\u00fcbnan devlet medyas\u0131 \u0130srail sald\u0131r\u0131lar\u0131n\u0131n g\u00fcney L\u00fcbnan&#8217;\u0131n Tebnine ve Shaqra kasabalar\u0131nda iki ki\u015fiyi \u00f6ld\u00fcrd\u00fc\u011f\u00fcn\u00fc bildirdi; Sa\u011fl\u0131k Bakanl\u0131\u011f\u0131 ise Jwaya kasabas\u0131ndaki bir sald\u0131r\u0131da bir ki\u015finin \u00f6ld\u00fc\u011f\u00fcn\u00fc duyurdu. Sa\u011fl\u0131k Bakanl\u0131\u011f\u0131 daha sonra Jebchit kasabas\u0131na d\u00fczenlenen bir hava sald\u0131r\u0131s\u0131nda en az iki ki\u015finin \u00f6ld\u00fc\u011f\u00fcn\u00fc ve 13 ki\u015finin yaraland\u0131\u011f\u0131n\u0131 a\u00e7\u0131klad\u0131. L\u00fcbnan Sa\u011fl\u0131k Bakan\u0131 Dr. Rakan Nasser Al-Din, Sal\u0131 gecesi bakanl\u0131k taraf\u0131ndan yay\u0131mlanan bir bildiriyle Majdal Zoun sald\u0131r\u0131lar\u0131n\u0131 k\u0131nayarak, bunun uluslararas\u0131 hukukun ihlali oldu\u011funu belirtti. CNN, her bir olayla ilgili yorum almak i\u00e7in \u0130srail ordusuna ula\u015ft\u0131. D\u00fcn, \u0130srail Ba\u015fbakan\u0131 Binyamin Netanyahu, \u0130srail askeri personeline, L\u00fcbnan ile yap\u0131lan ate\u015fkesin \u0130srail&#8217;in \u00fclke genelinde bombalamaya devam etmesine izin verdi\u011fini s\u00f6yledi. Netanyahu, &#8220;Tehditleri \u2013 acil tehditleri ve ortaya \u00e7\u0131kan tehditleri \u2013 engelleme eylem \u00f6zg\u00fcrl\u00fc\u011f\u00fcm\u00fcz, Amerika Birle\u015fik Devletleri ve L\u00fcbnan h\u00fck\u00fcmetiyle yapt\u0131\u011f\u0131m\u0131z anla\u015fman\u0131n bir par\u00e7as\u0131d\u0131r,&#8221; dedi. Sa\u011fl\u0131k Bakanl\u0131\u011f\u0131 taraf\u0131ndan Pazartesi g\u00fcn\u00fc a\u00e7\u0131klanan toplam verilere g\u00f6re, 2 Mart&#8217;tan bu yana L\u00fcbnan&#8217;da en az 2.521 ki\u015fi \u00f6ld\u00fc ve 7.800&#8217;den fazla ki\u015fi yaraland\u0131. Bu rapor ek detaylarla g\u00fcncellenmi\u015ftir.<\/p>\n<p>\u0130ran&#8217;\u0131n devlet haber ajans\u0131 IRNA&#8217;ya g\u00f6re, ABD-\u0130srail&#8217;in \u0130ran ile sava\u015f\u0131 nedeniyle iki ay s\u00fcren ask\u0131ya alman\u0131n ard\u0131ndan Tahran ile Moskova aras\u0131ndaki u\u00e7u\u015flar Sal\u0131 g\u00fcn\u00fc yeniden ba\u015flad\u0131. IRNA, bu a\u00e7\u0131klaman\u0131n, \u0130ran D\u0131\u015fi\u015fleri Bakan\u0131 Abbas Araghchi&#8217;nin Rusya ziyaretinde Rusya Devlet Ba\u015fkan\u0131 Vladimir Putin ile g\u00f6r\u00fc\u015ferek Orta Do\u011fu&#8217;daki sava\u015f\u0131n &#8220;detaylar\u0131n\u0131&#8221; tart\u0131\u015ft\u0131\u011f\u0131 g\u00fcnden bir g\u00fcn sonra geldi\u011fini belirtti. IRNA, \u0130ran&#8217;\u0131n Mahan Air havayolunun ilk yeniden ba\u015flayan u\u00e7u\u015fu ger\u00e7ekle\u015ftirdi\u011fini, Sal\u0131 g\u00fcn\u00fc erken saatlerde Tahran&#8217;dan kalk\u0131p ayn\u0131 g\u00fcn i\u00e7inde Tahran&#8217;a geri d\u00f6nd\u00fc\u011f\u00fcn\u00fc ekledi. IRNA, Mahan Air yetkililerine at\u0131fta bulunarak, Tahran-Moskova hatt\u0131ndaki d\u00fczenli seferlerin her iki y\u00f6nde de Pazar, Sal\u0131 ve Per\u015fembe g\u00fcnleri yap\u0131laca\u011f\u0131n\u0131 bildirdi.<\/p>\n<p>\u0130srail ordusu, g\u00fcney L\u00fcbnan&#8217;da Hizbullah&#8217;a ait yeralt\u0131 t\u00fcnellerini imha etti\u011fini ve bu yap\u0131lar\u0131 Gazze&#8217;de kar\u015f\u0131la\u015ft\u0131klar\u0131na benzetti\u011fini belirtiyor. \u0130srail Savunma Bakan\u0131 Israel Katz, yap\u0131lar\u0131n Qantara&#8217;da &#8220;b\u00fcy\u00fck bir patlamayla&#8221; imha edildi\u011fini s\u00f6yledi. Katz, &#8220;Ba\u015fbakan Binyamin Netanyahu ve ben, Celile sakinlerine y\u00f6nelik tehditleri ortadan kald\u0131rmak amac\u0131yla, Gazze&#8217;de oldu\u011fu gibi, &#8216;Mavi Hat&#8217;a kadar olan g\u00fcvenlik b\u00f6lgesindeki t\u00fcm ter\u00f6r altyap\u0131s\u0131n\u0131, hem yer alt\u0131nda hem de yer \u00fcst\u00fcnde yok etmesi i\u00e7in IDF&#8217;ye talimat verdik,&#8221; dedi. Mavi Hat, g\u00fcney L\u00fcbnan boyunca 120 kilometre (yakla\u015f\u0131k 75 mil) uzanan ve iki \u00fclke aras\u0131nda fiili bir s\u0131n\u0131r g\u00f6revi g\u00f6ren bir b\u00f6lgedir. \u0130srail ordusu, askerlerinin yakla\u015f\u0131k on y\u0131lda in\u015fa edilmi\u015f, yer alt\u0131nda &#8220;onlarca metre&#8221; uzanan iki yeralt\u0131 t\u00fcneli buldu\u011funu s\u00f6yledi. Ordu, keskin ni\u015fanc\u0131 silahlar\u0131, patlay\u0131c\u0131 cihazlar ve militanlar\u0131n uzun s\u00fcre yer alt\u0131nda kalmas\u0131n\u0131 sa\u011flayan ekipmanlar buldu\u011funu belirtti. Ordu ayr\u0131ca t\u00fcnellerin i\u00e7ini g\u00f6sterdi\u011fi iddia edilen bir video da payla\u015ft\u0131. CNN, IDF&#8217;nin iddialar\u0131n\u0131 ve g\u00f6r\u00fcnt\u00fcleri ba\u011f\u0131ms\u0131z olarak do\u011frulayamad\u0131. Katz, &#8220;L\u00fcbnan h\u00fck\u00fcmeti ve L\u00fcbnan ordusu, g\u00fcney L\u00fcbnan&#8217;\u0131 Hizbullah ter\u00f6ristlerinden ve silahlar\u0131ndan ar\u0131nd\u0131rma taahh\u00fcd\u00fcnde bulundu \u2013 ve sonu\u00e7lar bunlar,&#8221; dedi. \u0130srail, Hizbullah&#8217;\u0131n yeteneklerini azaltmak i\u00e7in yeterince \u00e7aba g\u00f6stermedi\u011fi gerek\u00e7esiyle L\u00fcbnan h\u00fck\u00fcmetini defalarca ele\u015ftirdi. Hizbullah hen\u00fcz bir yorum yapmad\u0131.<\/p>\n<p>#OrtaDo\u011fu\u00c7at\u0131\u015fmas\u0131 #BAEOPEC #\u0130srailSald\u0131r\u0131lar\u0131 #L\u00fcbnan #HizbullahT\u00fcnelleri #PetrolPiyasalar\u0131 #Bar\u0131\u015fG\u00f6r\u00fc\u015fmeleri #TahranMoskovaU\u00e7u\u015flar\u0131 #SivilKay\u0131plar #Uluslararas\u0131Hukuk<\/p>\n","protected":false},"excerpt":{"rendered":"<p>BAE petrol kartelinden ayr\u0131l\u0131yor: \u0130ran sava\u015f\u0131n\u0131n k\u00fcresel enerji piyasalar\u0131n\u0131 alt\u00fcst etmesiyle Birle\u015fik Arap Emirlikleri (BAE), bu hafta Petrol \u0130hra\u00e7 Eden \u00dclkeler \u00d6rg\u00fct\u00fc (OPEC) ve OPEC+&#8217;tan \u00e7ekilecek. \u00dclkenin enerji bakan\u0131 CNN&#8217;e yapt\u0131\u011f\u0131 a\u00e7\u0131klamada, BAE&#8217;nin bu karar\u0131 \u015fimdi almas\u0131n\u0131n nedeninin, H\u00fcrm\u00fcz Bo\u011faz\u0131&#8217;n\u0131n kapanmas\u0131n\u0131n petrol piyasas\u0131 \u00fczerindeki etkisini s\u0131n\u0131rlayacak olmas\u0131 oldu\u011funu belirtti. Bar\u0131\u015f g\u00f6r\u00fc\u015fmeleri: S\u00fcrece yak\u0131n kaynaklar, Ba\u015fkan [&hellip;]<\/p>\n","protected":false},"author":2,"featured_media":12422,"comment_status":"open","ping_status":"open","sticky":false,"template":"","format":"standard","meta":{"footnotes":""},"categories":[31],"tags":[],"class_list":["post-12421","post","type-post","status-publish","format-standard","has-post-thumbnail","hentry","category-iran-haberleri"],"_links":{"self":[{"href":"https:\/\/fajr.news\/index.php?rest_route=\/wp\/v2\/posts\/12421","targetHints":{"allow":["GET"]}}],"collection":[{"href":"https:\/\/fajr.news\/index.php?rest_route=\/wp\/v2\/posts"}],"about":[{"href":"https:\/\/fajr.news\/index.php?rest_route=\/wp\/v2\/types\/post"}],"author":[{"embeddable":true,"href":"https:\/\/fajr.news\/index.php?rest_route=\/wp\/v2\/users\/2"}],"replies":[{"embeddable":true,"href":"https:\/\/fajr.news\/index.php?rest_route=%2Fwp%2Fv2%2Fcomments&post=12421"}],"version-history":[{"count":0,"href":"https:\/\/fajr.news\/index.php?rest_route=\/wp\/v2\/posts\/12421\/revisions"}],"wp:featuredmedia":[{"embeddable":true,"href":"https:\/\/fajr.news\/index.php?rest_route=\/wp\/v2\/media\/12422"}],"wp:attachment":[{"href":"https:\/\/fajr.news\/index.php?rest_route=%2Fwp%2Fv2%2Fmedia&parent=12421"}],"wp:term":[{"taxonomy":"category","embeddable":true,"href":"https:\/\/fajr.news\/index.php?rest_route=%2Fwp%2Fv2%2Fcategories&post=12421"},{"taxonomy":"post_tag","embeddable":true,"href":"https:\/\/fajr.news\/index.php?rest_route=%2Fwp%2Fv2%2Ftags&post=12421"}],"curies":[{"name":"wp","href":"https:\/\/api.w.org\/{rel}","templated":true}]}}