{"id":12383,"date":"2026-04-29T08:34:12","date_gmt":"2026-04-29T05:04:12","guid":{"rendered":"https:\/\/fajr.news\/?p=12383"},"modified":"2026-04-29T08:34:12","modified_gmt":"2026-04-29T05:04:12","slug":"iranda-gundem-mucteba-hamenei-hakkindaki-spekulasyonlar-ve-gercekler","status":"publish","type":"post","link":"https:\/\/fajr.news\/?p=12383&lang=tr","title":{"rendered":"\u0130ran&#8217;da G\u00fcndem: M\u00fccteba Hamenei Hakk\u0131ndaki Spek\u00fclasyonlar ve Ger\u00e7ekler"},"content":{"rendered":"<h1>\u0130ran&#8217;da G\u00fcndem: M\u00fccteba Hamenei Hakk\u0131ndaki Spek\u00fclasyonlar ve Ger\u00e7ekler<\/h1>\n<p>Son g\u00fcnlerde \u0130ran kamuoyunda ve uluslararas\u0131 medyada, \u0130slam Cumhuriyeti&#8217;nin \u00f6nemli \u015fahsiyetlerinden biri olan M\u00fccteba Hamenei hakk\u0131nda \u00e7e\u015fitli spek\u00fclasyonlar dola\u015fmaktad\u0131r. Bu spek\u00fclasyonlar, \u00f6zellikle Me\u015fhed Erdehal&#8217;da ortaya \u00e7\u0131kan bir duvar resmi ve baz\u0131 haber ajanslar\u0131n\u0131n yanl\u0131\u015fl\u0131kla kulland\u0131\u011f\u0131 ifadeler \u00fczerinden alevlenmi\u015ftir. Ancak bu t\u00fcr s\u00f6ylentilerin, d\u00fc\u015fman \u00e7evreler taraf\u0131ndan y\u00fcr\u00fct\u00fclen psikolojik sava\u015f\u0131n bir par\u00e7as\u0131 oldu\u011fu ve ger\u00e7e\u011fi yans\u0131tmad\u0131\u011f\u0131 vurgulanmaktad\u0131r.<\/p>\n<h2>Duvar Resmi ve Yanl\u0131\u015f Yorumlar<\/h2>\n<p>Ka\u015fan&#8217;\u0131n bat\u0131s\u0131ndaki Me\u015fhed Erdehal&#8217;da &#8220;Destans\u0131 M\u00fccadelenin \u015eehitleri&#8221; ba\u015fl\u0131\u011f\u0131yla a\u00e7\u0131l\u0131\u015f\u0131 yap\u0131lan bir duvar resmi, merhum \u0130ranl\u0131 askeri ve siyasi liderleri, aralar\u0131nda \u015eehit Kas\u0131m S\u00fcleymani, eski Cumhurba\u015fkan\u0131 \u015eehit \u0130brahim Reisi ve \u0130slam Cumhuriyeti&#8217;nin kurucusu \u0130mam Ruhullah Humeyni&#8217;yi tasvir etmektedir. Bu eserde M\u00fccteba Hamenei&#8217;nin de yer almas\u0131, baz\u0131 \u00e7evrelerce yanl\u0131\u015f yorumlanarak, kendisinin \u015fehit oldu\u011fu veya a\u011f\u0131r yaraland\u0131\u011f\u0131 y\u00f6n\u00fcnde as\u0131ls\u0131z iddialara yol a\u00e7m\u0131\u015ft\u0131r. Sanatsal bir ifade olan bu eserin, \u015fehitlik makam\u0131na at\u0131fta bulunarak gelecekteki olas\u0131 fedakarl\u0131klar\u0131 sembolize etmesi veya manevi bir sayg\u0131 ifadesi olmas\u0131 muhtemeldir. Ancak d\u00fc\u015fman medyas\u0131n\u0131n bu durumu \u00e7arp\u0131tarak kaos yaratma \u00e7abas\u0131 dikkat \u00e7ekicidir.<\/p>\n<h2>Tasnim Haber Ajans\u0131&#8217;n\u0131n A\u00e7\u0131klamas\u0131<\/h2>\n<p>\u0130slam Devrim Muhaf\u0131zlar\u0131 Ordusu&#8217;na (IRGC) yak\u0131nl\u0131\u011f\u0131yla bilinen Tasnim Haber Ajans\u0131&#8217;n\u0131n yak\u0131n zamanda yapt\u0131\u011f\u0131 bir payla\u015f\u0131mda M\u00fccteba Hamenei&#8217;den &#8220;devrimin \u015fehit lideri&#8221; olarak bahsedilmesi, k\u0131sa s\u00fcreli bir yanl\u0131\u015f anla\u015f\u0131lmaya neden olmu\u015ftur. Ancak ajans, bu ifadenin bir hata oldu\u011funu ve derhal d\u00fczeltildi\u011fini a\u00e7\u0131klam\u0131\u015ft\u0131r. Bu t\u00fcr teknik hatalar\u0131n, d\u00fc\u015fman propagandas\u0131 taraf\u0131ndan nas\u0131l f\u0131rsata \u00e7evrilmeye \u00e7al\u0131\u015f\u0131ld\u0131\u011f\u0131 bir kez daha g\u00f6zler \u00f6n\u00fcne serilmi\u015ftir.<\/p>\n<h2>As\u0131ls\u0131z Yaralanma \u0130ddialar\u0131 ve Psikolojik Sava\u015f<\/h2>\n<p>M\u00fccteba Hamenei&#8217;nin 28 \u015eubat&#8217;taki sald\u0131r\u0131larda yaraland\u0131\u011f\u0131na dair uluslararas\u0131 medya organlar\u0131nda \u00e7\u0131kan haberler, \u0130ranl\u0131 yetkililer taraf\u0131ndan do\u011frulanmam\u0131\u015ft\u0131r. Bu iddialar, ABD ve Siyonist rejim \u00e7evrelerinden gelen, \u0130ran&#8217;\u0131 zay\u0131flatmaya y\u00f6nelik as\u0131ls\u0131z s\u00f6ylentiler olarak de\u011ferlendirilmektedir. \u00d6zellikle ABD Ba\u015fkan\u0131 Donald Trump ve Savunma Bakan\u0131 Pete Hegseth gibi isimlerin bu t\u00fcr iddialar\u0131 dile getirmesi, bu s\u00f6ylentilerin siyasi bir amaca hizmet etti\u011fini g\u00f6stermektedir. \u0130nternet ortam\u0131nda dola\u015fan ve yapay zeka ile \u00fcretildi\u011fi iddia edilen videolar da bu dezenformasyon kampanyas\u0131n\u0131n bir par\u00e7as\u0131d\u0131r. \u0130slam Cumhuriyeti&#8217;nin liderlik kadrosu, bu t\u00fcr karalama kampanyalar\u0131na ra\u011fmen g\u00f6revlerinin ba\u015f\u0131nda ve g\u00fc\u00e7l\u00fc bir \u015fekilde \u00e7al\u0131\u015fmalar\u0131na devam etmektedir.<\/p>\n<p>\u0130ran \u0130slam Cumhuriyeti, i\u00e7 ve d\u0131\u015f d\u00fc\u015fmanlar\u0131n t\u00fcm \u00e7abalar\u0131na ra\u011fmen birlik ve beraberli\u011fini korumakta, liderlik kadrosu ise \u00fclkenin ve \u00fcmmetin \u00e7\u0131karlar\u0131 do\u011frultusunda kararl\u0131l\u0131kla hareket etmektedir. M\u00fccteba Hamenei hakk\u0131ndaki bu t\u00fcr as\u0131ls\u0131z iddialar, \u0130ran&#8217;\u0131n ilerleyi\u015fini durdurmaya y\u00f6nelik bo\u015f \u00e7abalardan ibarettir.<\/p>\n<p>#\u0130ran #M\u00fcctebaHamenei #\u0130slamCumhuriyeti #PsikolojikSava\u015f #Dezenformasyon #\u0130ranLiderli\u011fi #\u015eehitler #\u0130ranMedya #BirlikVeBeraberlik #D\u00fc\u015fmanPropagandas\u0131<\/p>\n","protected":false},"excerpt":{"rendered":"<p>\u0130ran&#8217;da G\u00fcndem: M\u00fccteba Hamenei Hakk\u0131ndaki Spek\u00fclasyonlar ve Ger\u00e7ekler Son g\u00fcnlerde \u0130ran kamuoyunda ve uluslararas\u0131 medyada, \u0130slam Cumhuriyeti&#8217;nin \u00f6nemli \u015fahsiyetlerinden biri olan M\u00fccteba Hamenei hakk\u0131nda \u00e7e\u015fitli spek\u00fclasyonlar dola\u015fmaktad\u0131r. Bu spek\u00fclasyonlar, \u00f6zellikle Me\u015fhed Erdehal&#8217;da ortaya \u00e7\u0131kan bir duvar resmi ve baz\u0131 haber ajanslar\u0131n\u0131n yanl\u0131\u015fl\u0131kla kulland\u0131\u011f\u0131 ifadeler \u00fczerinden alevlenmi\u015ftir. Ancak bu t\u00fcr s\u00f6ylentilerin, d\u00fc\u015fman \u00e7evreler taraf\u0131ndan y\u00fcr\u00fct\u00fclen psikolojik [&hellip;]<\/p>\n","protected":false},"author":2,"featured_media":12384,"comment_status":"open","ping_status":"open","sticky":false,"template":"","format":"standard","meta":{"footnotes":""},"categories":[31],"tags":[],"class_list":["post-12383","post","type-post","status-publish","format-standard","has-post-thumbnail","hentry","category-iran-haberleri"],"_links":{"self":[{"href":"https:\/\/fajr.news\/index.php?rest_route=\/wp\/v2\/posts\/12383","targetHints":{"allow":["GET"]}}],"collection":[{"href":"https:\/\/fajr.news\/index.php?rest_route=\/wp\/v2\/posts"}],"about":[{"href":"https:\/\/fajr.news\/index.php?rest_route=\/wp\/v2\/types\/post"}],"author":[{"embeddable":true,"href":"https:\/\/fajr.news\/index.php?rest_route=\/wp\/v2\/users\/2"}],"replies":[{"embeddable":true,"href":"https:\/\/fajr.news\/index.php?rest_route=%2Fwp%2Fv2%2Fcomments&post=12383"}],"version-history":[{"count":0,"href":"https:\/\/fajr.news\/index.php?rest_route=\/wp\/v2\/posts\/12383\/revisions"}],"wp:featuredmedia":[{"embeddable":true,"href":"https:\/\/fajr.news\/index.php?rest_route=\/wp\/v2\/media\/12384"}],"wp:attachment":[{"href":"https:\/\/fajr.news\/index.php?rest_route=%2Fwp%2Fv2%2Fmedia&parent=12383"}],"wp:term":[{"taxonomy":"category","embeddable":true,"href":"https:\/\/fajr.news\/index.php?rest_route=%2Fwp%2Fv2%2Fcategories&post=12383"},{"taxonomy":"post_tag","embeddable":true,"href":"https:\/\/fajr.news\/index.php?rest_route=%2Fwp%2Fv2%2Ftags&post=12383"}],"curies":[{"name":"wp","href":"https:\/\/api.w.org\/{rel}","templated":true}]}}