{"id":12367,"date":"2026-04-29T08:11:45","date_gmt":"2026-04-29T04:41:45","guid":{"rendered":"https:\/\/fajr.news\/?p=12367"},"modified":"2026-04-29T08:11:45","modified_gmt":"2026-04-29T04:41:45","slug":"putin-irana-orta-dogu-baris-surecinde-destek-vaat-etti","status":"publish","type":"post","link":"https:\/\/fajr.news\/?p=12367&lang=tr","title":{"rendered":"Putin, \u0130ran&#8217;a Orta Do\u011fu Bar\u0131\u015f S\u00fcrecinde Destek Vaat Etti"},"content":{"rendered":"<p>Rusya Devlet Ba\u015fkan\u0131 Vladimir Putin, Pazartesi g\u00fcn\u00fc \u0130ran&#8217;a Orta Do\u011fu&#8217;da bar\u0131\u015f\u0131n yeniden tesis edilmesi \u00e7abalar\u0131nda Moskova&#8217;n\u0131n tam deste\u011fini g\u00fcvence alt\u0131na ald\u0131. Tahran&#8217;\u0131n \u00fcst d\u00fczey diplomat\u0131na Rusya&#8217;n\u0131n b\u00f6lgesel istikrar\u0131n \u00e7\u0131karlar\u0131 do\u011frultusunda hareket edece\u011fini belirtti.<\/p>\n<p>St. Petersburg&#8217;da \u0130ran D\u0131\u015fi\u015fleri Bakan\u0131 Abbas Araghchi ile yapt\u0131\u011f\u0131 g\u00f6r\u00fc\u015fmede konu\u015fan Putin, Moskova&#8217;n\u0131n hem \u0130ran&#8217;\u0131 hem de daha geni\u015f b\u00f6lgeyi desteklemeye kararl\u0131 oldu\u011funu ifade etti.<\/p>\n<p>Rus devlet medyas\u0131na g\u00f6re Putin, &#8220;Biz kendi ad\u0131m\u0131za, sizin \u00e7\u0131karlar\u0131n\u0131za, b\u00f6lgedeki t\u00fcm halklar\u0131n \u00e7\u0131karlar\u0131na hizmet eden her \u015feyi yapaca\u011f\u0131z ki bar\u0131\u015f bir an \u00f6nce sa\u011flans\u0131n&#8221; dedi.<\/p>\n<p>Devam eden gerilimler kar\u015f\u0131s\u0131nda \u0130ran&#8217;\u0131n direncini de \u00f6ven Putin, &#8220;\u0130ran halk\u0131n\u0131n ba\u011f\u0131ms\u0131zl\u0131\u011f\u0131 ve egemenli\u011fi i\u00e7in ne kadar cesurca ve kahramanca m\u00fccadele etti\u011fini&#8221; vurgulad\u0131.<\/p>\n<p>\u0130kili ili\u015fkileri yeniden teyit eden Rus lider, &#8220;Rusya da t\u0131pk\u0131 \u0130ran gibi stratejik ili\u015fkilerimizi s\u00fcrd\u00fcrmeye niyetli&#8221; diye ekledi.<\/p>\n<p>Putin ve di\u011fer \u00fcst d\u00fczey yetkililerle g\u00f6r\u00fc\u015fmeler yapmak \u00fczere Rusya&#8217;ya gelen Araghchi, taraflar aras\u0131ndaki ate\u015fkesin devam etmesine ra\u011fmen \u00e7at\u0131\u015fmay\u0131 sona erdirmeyi ama\u00e7layan m\u00fczakerelerin bozulmas\u0131ndan Amerika Birle\u015fik Devletleri&#8217;ni sorumlu tuttu.<\/p>\n<p>Araghchi, Washington&#8217;\u0131n \u0130ran&#8217;a kar\u015f\u0131 sava\u015fta hedeflerine ula\u015famad\u0131\u011f\u0131n\u0131 belirtti. &#8220;ABD hedeflerinin hi\u00e7birine ula\u015famad\u0131&#8221; diyen Araghchi, &#8220;Bu y\u00fczden m\u00fczakere talep ediyorlar. Biz de bunu de\u011ferlendiriyoruz&#8221; ifadelerini kulland\u0131.<\/p>\n<p>Moskova&#8217;n\u0131n rol\u00fcne ili\u015fkin sorular\u0131 yan\u0131tlayan \u0130ran D\u0131\u015fi\u015fleri Bakan\u0131, iki \u00fclke aras\u0131ndaki derin ba\u011flar\u0131n alt\u0131n\u0131 \u00e7izdi. Araghchi, &#8220;\u0130ran ve Rusya stratejik ortaklard\u0131r&#8221; diyerek, iki \u00fclkenin &#8220;her zaman birbirini destekledi\u011fini&#8221; s\u00f6zlerine ekledi. &#8220;\u0130\u015fbirli\u011fimiz devam edecektir&#8221; \u015feklinde konu\u015ftu.<\/p>\n<p>#Putin #\u0130ran #Rusya #OrtaDo\u011fu #Bar\u0131\u015f #StratejikOrtakl\u0131k #AbbasAraghchi #B\u00f6lgesel\u0130stikrar #Diplomasi #ABD<\/p>\n","protected":false},"excerpt":{"rendered":"<p>Rusya Devlet Ba\u015fkan\u0131 Vladimir Putin, Pazartesi g\u00fcn\u00fc \u0130ran&#8217;a Orta Do\u011fu&#8217;da bar\u0131\u015f\u0131n yeniden tesis edilmesi \u00e7abalar\u0131nda Moskova&#8217;n\u0131n tam deste\u011fini g\u00fcvence alt\u0131na ald\u0131. Tahran&#8217;\u0131n \u00fcst d\u00fczey diplomat\u0131na Rusya&#8217;n\u0131n b\u00f6lgesel istikrar\u0131n \u00e7\u0131karlar\u0131 do\u011frultusunda hareket edece\u011fini belirtti. St. Petersburg&#8217;da \u0130ran D\u0131\u015fi\u015fleri Bakan\u0131 Abbas Araghchi ile yapt\u0131\u011f\u0131 g\u00f6r\u00fc\u015fmede konu\u015fan Putin, Moskova&#8217;n\u0131n hem \u0130ran&#8217;\u0131 hem de daha geni\u015f b\u00f6lgeyi desteklemeye kararl\u0131 [&hellip;]<\/p>\n","protected":false},"author":2,"featured_media":12368,"comment_status":"open","ping_status":"open","sticky":false,"template":"","format":"standard","meta":{"footnotes":""},"categories":[37],"tags":[],"class_list":["post-12367","post","type-post","status-publish","format-standard","has-post-thumbnail","hentry","category-orta-dogu-haberleri"],"_links":{"self":[{"href":"https:\/\/fajr.news\/index.php?rest_route=\/wp\/v2\/posts\/12367","targetHints":{"allow":["GET"]}}],"collection":[{"href":"https:\/\/fajr.news\/index.php?rest_route=\/wp\/v2\/posts"}],"about":[{"href":"https:\/\/fajr.news\/index.php?rest_route=\/wp\/v2\/types\/post"}],"author":[{"embeddable":true,"href":"https:\/\/fajr.news\/index.php?rest_route=\/wp\/v2\/users\/2"}],"replies":[{"embeddable":true,"href":"https:\/\/fajr.news\/index.php?rest_route=%2Fwp%2Fv2%2Fcomments&post=12367"}],"version-history":[{"count":0,"href":"https:\/\/fajr.news\/index.php?rest_route=\/wp\/v2\/posts\/12367\/revisions"}],"wp:featuredmedia":[{"embeddable":true,"href":"https:\/\/fajr.news\/index.php?rest_route=\/wp\/v2\/media\/12368"}],"wp:attachment":[{"href":"https:\/\/fajr.news\/index.php?rest_route=%2Fwp%2Fv2%2Fmedia&parent=12367"}],"wp:term":[{"taxonomy":"category","embeddable":true,"href":"https:\/\/fajr.news\/index.php?rest_route=%2Fwp%2Fv2%2Fcategories&post=12367"},{"taxonomy":"post_tag","embeddable":true,"href":"https:\/\/fajr.news\/index.php?rest_route=%2Fwp%2Fv2%2Ftags&post=12367"}],"curies":[{"name":"wp","href":"https:\/\/api.w.org\/{rel}","templated":true}]}}