{"id":12351,"date":"2026-04-29T07:58:44","date_gmt":"2026-04-29T04:28:44","guid":{"rendered":"https:\/\/fajr.news\/?p=12351"},"modified":"2026-04-29T07:58:44","modified_gmt":"2026-04-29T04:28:44","slug":"formula-1-iran-savasi-nedeniyle-iptal-edilen-orta-dogu-yarislarindan-birini-yeniden-planlayabilir","status":"publish","type":"post","link":"https:\/\/fajr.news\/?p=12351&lang=tr","title":{"rendered":"Formula 1, \u0130ran Sava\u015f\u0131 Nedeniyle \u0130ptal Edilen Orta Do\u011fu Yar\u0131\u015flar\u0131ndan Birini Yeniden Planlayabilir"},"content":{"rendered":"<p>Formula 1 CEO&#8217;su Stefano Domenicali, Oslo&#8217;da d\u00fczenlenen Norges Bank Konferans\u0131&#8217;nda Bloomberg muhabiri Francine Lacqua&#8217;ya \u00f6nemli a\u00e7\u0131klamalarda bulundu. Domenicali, Amerika Birle\u015fik Devletleri&#8217;nde daha fazla yar\u0131\u015f d\u00fczenleme ihtimalini de\u011ferlendirirken, Formula 1 hayranlar\u0131ndan gelen talebin olduk\u00e7a y\u00fcksek oldu\u011funu vurgulad\u0131. Sezonun erken d\u00f6nemlerinde iptal edilen Orta Do\u011fu&#8217;daki iki yar\u0131\u015ftan sadece birinin yeniden takvime al\u0131nmas\u0131n\u0131n m\u00fcmk\u00fcn olabilece\u011fini de s\u00f6zlerine ekledi.<\/p>\n<p>#Formula1 #F1 #StefanoDomenicali #OrtaDo\u011fuYar\u0131\u015flar\u0131 #ABDGP #MotorSporlar\u0131 #Yar\u0131\u015fTakvimi #\u0130ranSava\u015f\u0131 #NorgesBank #Bloomberg<\/p>\n","protected":false},"excerpt":{"rendered":"<p>Formula 1 CEO&#8217;su Stefano Domenicali, Oslo&#8217;da d\u00fczenlenen Norges Bank Konferans\u0131&#8217;nda Bloomberg muhabiri Francine Lacqua&#8217;ya \u00f6nemli a\u00e7\u0131klamalarda bulundu. Domenicali, Amerika Birle\u015fik Devletleri&#8217;nde daha fazla yar\u0131\u015f d\u00fczenleme ihtimalini de\u011ferlendirirken, Formula 1 hayranlar\u0131ndan gelen talebin olduk\u00e7a y\u00fcksek oldu\u011funu vurgulad\u0131. Sezonun erken d\u00f6nemlerinde iptal edilen Orta Do\u011fu&#8217;daki iki yar\u0131\u015ftan sadece birinin yeniden takvime al\u0131nmas\u0131n\u0131n m\u00fcmk\u00fcn olabilece\u011fini de s\u00f6zlerine ekledi. [&hellip;]<\/p>\n","protected":false},"author":2,"featured_media":12352,"comment_status":"open","ping_status":"open","sticky":false,"template":"","format":"standard","meta":{"footnotes":""},"categories":[37],"tags":[],"class_list":["post-12351","post","type-post","status-publish","format-standard","has-post-thumbnail","hentry","category-orta-dogu-haberleri"],"_links":{"self":[{"href":"https:\/\/fajr.news\/index.php?rest_route=\/wp\/v2\/posts\/12351","targetHints":{"allow":["GET"]}}],"collection":[{"href":"https:\/\/fajr.news\/index.php?rest_route=\/wp\/v2\/posts"}],"about":[{"href":"https:\/\/fajr.news\/index.php?rest_route=\/wp\/v2\/types\/post"}],"author":[{"embeddable":true,"href":"https:\/\/fajr.news\/index.php?rest_route=\/wp\/v2\/users\/2"}],"replies":[{"embeddable":true,"href":"https:\/\/fajr.news\/index.php?rest_route=%2Fwp%2Fv2%2Fcomments&post=12351"}],"version-history":[{"count":0,"href":"https:\/\/fajr.news\/index.php?rest_route=\/wp\/v2\/posts\/12351\/revisions"}],"wp:featuredmedia":[{"embeddable":true,"href":"https:\/\/fajr.news\/index.php?rest_route=\/wp\/v2\/media\/12352"}],"wp:attachment":[{"href":"https:\/\/fajr.news\/index.php?rest_route=%2Fwp%2Fv2%2Fmedia&parent=12351"}],"wp:term":[{"taxonomy":"category","embeddable":true,"href":"https:\/\/fajr.news\/index.php?rest_route=%2Fwp%2Fv2%2Fcategories&post=12351"},{"taxonomy":"post_tag","embeddable":true,"href":"https:\/\/fajr.news\/index.php?rest_route=%2Fwp%2Fv2%2Ftags&post=12351"}],"curies":[{"name":"wp","href":"https:\/\/api.w.org\/{rel}","templated":true}]}}