{"id":12345,"date":"2026-04-29T07:39:40","date_gmt":"2026-04-29T04:09:40","guid":{"rendered":"https:\/\/fajr.news\/?p=12345"},"modified":"2026-04-29T07:39:40","modified_gmt":"2026-04-29T04:09:40","slug":"iran-buyukelcilikleri-batida-can-feda-kampanyasi-icin-acikca-eleman-ariyor","status":"publish","type":"post","link":"https:\/\/fajr.news\/?p=12345&lang=tr","title":{"rendered":"\u0130ran B\u00fcy\u00fckel\u00e7ilikleri Bat\u0131&#8217;da &#8216;Can Feda&#8217; Kampanyas\u0131 \u0130\u00e7in A\u00e7\u0131k\u00e7a Eleman Ar\u0131yor"},"content":{"rendered":"<p>\u0130ran&#8217;\u0131n Birle\u015fik Krall\u0131k, Almanya, Avustralya ve Sri Lanka&#8217;daki b\u00fcy\u00fckel\u00e7ilikleri, Tahran&#8217;\u0131n ABD ve \u0130srail ile sava\u015f\u0131 sona erdirme \u015fartlar\u0131n\u0131 reddetmeye devam etmesi \u00fczerine, yeni bir kampanyada \u201chayatlar\u0131n\u0131 feda etmeye\u201d istekli sava\u015f\u00e7\u0131lar\u0131 a\u00e7\u0131k\u00e7a i\u015fe almaya \u00e7al\u0131\u015ft\u0131.<br \/>\nTahran&#8217;\u0131n Londra&#8217;daki resmi b\u00fcy\u00fckel\u00e7ilik sayfas\u0131 15 Nisan&#8217;da \u201cBirle\u015fik Krall\u0131k&#8217;ta ikamet eden gururlu vatanda\u015flar\u0131\u201d bu \u00e7abalara kat\u0131lmaya \u00e7a\u011f\u0131rd\u0131.<br \/>\nB\u00fcy\u00fckel\u00e7ilik, \u201c\u0130ran&#8217;\u0131n t\u00fcm cesur ve se\u00e7kin \u00e7ocuklar\u0131, bu kadim topraklar\u0131n \u015feref defterine bir alt\u0131n sayfa daha ekleyerek ve kalplerinin vatanlar\u0131n\u0131n onuruna ve b\u00fcy\u00fckl\u00fc\u011f\u00fcne ba\u011fl\u0131 oldu\u011funu g\u00f6stererek bu kampanyaya bilin\u00e7li bir \u015fekilde kat\u0131lmaya ve kaydolmaya davetlidir\u201d diye yazd\u0131.<br \/>\n\u201cHepimiz, topyek\u00fbn, sava\u015fta can\u0131m\u0131z\u0131 verelim. \u00dclkemizi d\u00fc\u015fmana teslim etmektense.\u201d<br \/>\n\u0130ran&#8217;\u0131n Londra B\u00fcy\u00fckel\u00e7ili\u011fi s\u00f6zc\u00fcs\u00fc The Daily Mail&#8217;e \u015funlar\u0131 s\u00f6yledi: \u201cD\u00fcnyan\u0131n d\u00f6rt bir yan\u0131ndaki \u0130ranl\u0131lar vatanlar\u0131na ve toprak b\u00fct\u00fcnl\u00fc\u011f\u00fcn\u00fcn korunmas\u0131na her zaman derinden \u00f6nem vermi\u015flerdir ve her zaman vereceklerdir.<br \/>\nCan Feda (hayat feda etme) platformu, \u00fclkelerini desteklemek ve savunmak isteyen t\u00fcm \u0130ranl\u0131lar i\u00e7in tasarlanm\u0131\u015ft\u0131r ve herhangi bir d\u00fc\u015fmanl\u0131k bi\u00e7imini te\u015fvik etmez. Aksine yap\u0131lan t\u00fcm iddia veya varsay\u0131mlar as\u0131ls\u0131zd\u0131r. Bu t\u00fcr \u00f6nyarg\u0131l\u0131 yarg\u0131lar aceleyle ve do\u011fru bir anlay\u0131\u015f olmaks\u0131z\u0131n verilmektedir.\u201d<br \/>\n\u015eehitlik \u00e7a\u011fr\u0131lar\u0131 hakk\u0131nda yorum yapan \u0130srail D\u0131\u015fi\u015fleri Bakanl\u0131\u011f\u0131, \u201cDiplomatik k\u0131l\u0131f, ter\u00f6r faaliyetleri i\u00e7in bir kalkan olamaz. Bu t\u00fcr misyonlara kar\u015f\u0131 hareket etmek, diplomasiyi \u015fiddeti yaymak i\u00e7in kullanan bir rejime kar\u015f\u0131 gerekli bir yan\u0131tt\u0131r\u201d diye yay\u0131mlad\u0131.<br \/>\nBat\u0131&#8217;daki \u0130ran n\u00fcfuz kampanyalar\u0131 konusunda uzmanla\u015fm\u0131\u015f bir istihbarat kayna\u011f\u0131 The Jerusalem Post&#8217;a \u015funlar\u0131 s\u00f6yledi: \u201cB\u00fcy\u00fckel\u00e7ilikler ve akredite diplomatlar Viyana S\u00f6zle\u015fmesi uyar\u0131nca yasal dokunulmazl\u0131\u011fa sahiptir, ancak bu faaliyetler Ulusal G\u00fcvenlik Yasas\u0131&#8217;n\u0131n ihlali anlam\u0131na gelebilir, \u00f6zellikle Yabanc\u0131 Etki Kay\u0131t Plan\u0131&#8217;n\u0131n geli\u015ftirilmi\u015f ba\u011f\u0131 kapsam\u0131nda bir ajan olarak kaydolma veya yabanc\u0131 bir istihbarat servisine maddi olarak yard\u0131mc\u0131 olabilecek davran\u0131\u015flar a\u00e7\u0131s\u0131ndan.\u201d<br \/>\nUK Lawyers for Israel (UKLFI) CEO&#8217;su Jonathan Turner, \u0130ran&#8217;\u0131n Birle\u015fik Krall\u0131k&#8217;ta ba\u015f\u0131n\u0131 belaya sokmaktan ka\u00e7\u0131nmak i\u00e7in Can Feda kampanyas\u0131na dahil olman\u0131n ne anlama geldi\u011fi konusunda kas\u0131tl\u0131 olarak belirsiz davrand\u0131\u011f\u0131n\u0131 a\u00e7\u0131klad\u0131.<br \/>\nTurner, b\u00fcy\u00fckel\u00e7ili\u011fin bir miktar diplomatik dokunulmazl\u0131\u011fa sahip olmas\u0131na ra\u011fmen, \u201cBirle\u015fik Krall\u0131k h\u00fck\u00fcmetinin \u0130ranl\u0131 diplomatlar\u0131 \u00e7a\u011f\u0131rabilece\u011fini, k\u0131nayabilece\u011fini veya s\u0131n\u0131r d\u0131\u015f\u0131 edebilece\u011fini\u201d s\u00f6yledi.<br \/>\nTahran&#8217;\u0131n Canberra&#8217;daki b\u00fcy\u00fckel\u00e7ili\u011fi de resmi Telegram hesab\u0131nda, \u015fimdi kald\u0131r\u0131lm\u0131\u015f bir g\u00f6nderide eleman almaya \u00e7al\u0131\u015ft\u0131: \u201cYurt d\u0131\u015f\u0131nda ya\u015fayan \u0130ranl\u0131lardan Can Feda Kampanyas\u0131&#8217;na kat\u0131lmak i\u00e7in gelen tekrarlanan talepler ve yerel web sitelerine eri\u015fimdeki zorluklar nedeniyle, bu kampanyaya kat\u0131lmak isteyen \u0130ranl\u0131lar i\u00e7in MEKHAK [konsolosluk hizmetleri] sistemi arac\u0131l\u0131\u011f\u0131yla eri\u015fim sa\u011flanm\u0131\u015ft\u0131r.\u201d<br \/>\nGuardian&#8217;a g\u00f6re, Avustralya Federal Polisi, \u201cd\u00fc\u015fmanca bir faaliyette bulunma\u201d niyetiyle yabanc\u0131 bir \u00fclkeye girmenin \u00fclke yasalar\u0131na ayk\u0131r\u0131 olmas\u0131 nedeniyle g\u00f6nderiyi soru\u015fturuyor.<br \/>\n\u0130ran rejimi \u0130ngiliz sosyal uyumunu baltal\u0131yor, uzman Post&#8217;a konu\u015ftu<br \/>\nDaha \u00f6nce Sky News&#8217;e \u0130ran&#8217;\u0131n istihbarat Telegram eleman al\u0131m kampanyas\u0131 hakk\u0131nda konu\u015fan eski bir \u0130ngiliz ordusu istihbarat subay\u0131 ve askeri tarih\u00e7i Dr. Lynette Nusbacher, Post&#8217;a rejimin a\u015f\u0131r\u0131 eleman al\u0131m\u0131na ani ge\u00e7i\u015finin \u201ctehlikeli M\u00fcsl\u00fcman g\u00f6\u00e7menler hakk\u0131ndaki mevcut anlat\u0131lar\u0131 g\u00fc\u00e7lendirerek Birle\u015fik Krall\u0131k sosyal uyumunu baltalama\u201d giri\u015fimi oldu\u011funu s\u00f6yledi.<br \/>\n\u201c\u0130ngiliz sosyal uyumunu baltalaman\u0131n yan\u0131 s\u0131ra, bu durum Birle\u015fik Krall\u0131k&#8217;taki yasalara uyan \u0130ranl\u0131lara, \u00f6zellikle de rejim kar\u015f\u0131t\u0131 \u0130ranl\u0131lara kar\u015f\u0131 \u015f\u00fcphe yaratacakt\u0131r\u201d diye devam etti.<br \/>\n\u201c\u0130ran y\u0131llard\u0131r Birle\u015fik Krall\u0131k sosyal uyumunu hedef al\u0131yor. \u0130ngiliz h\u00fck\u00fcmeti ve \u00f6zellikle g\u00fcvenlik servisleri, sadece \u0130ran ad\u0131na \u0130ngiliz \u00e7\u0131karlar\u0131na kar\u015f\u0131 hareket edecek ki\u015fileri i\u015fe alma giri\u015fimini de\u011fil, ayn\u0131 zamanda insanlar\u0131n pasaport ve banka bilgilerini toplayarak kimliklerini \u00e7almak i\u00e7in ayn\u0131 y\u00f6ntemleri kullanacak su\u00e7lular\u0131 de\u011fil, ayn\u0131 zamanda \u0130ngiliz halk\u0131n\u0131n topluluklar\u0131m\u0131zdaki \u0130ranl\u0131lardan ve hatta okullar\u0131m\u0131zdaki \u0130ranl\u0131 \u00e7ocuklardan nefret etmesini ve korkmas\u0131n\u0131 sa\u011flamaya y\u00f6nelik bu olduk\u00e7a k\u00fcstah giri\u015fimi de ciddiye almal\u0131d\u0131r\u201d diye uyard\u0131.<br \/>\nSky News raporu, \u0130ran istihbarat bakanl\u0131\u011f\u0131na ba\u011fl\u0131 oldu\u011funu iddia eden Telegram hesaplar\u0131n\u0131n, \u0130ngiliz askeri ve istihbarat yetkililerine kar\u015f\u0131 casusluk eylemleri veya \u0130srail merkezli \u00fccretli operasyonlar i\u00e7in Birle\u015fik Krall\u0131k&#8217;ta insanlar\u0131 i\u015fe ald\u0131\u011f\u0131n\u0131 ele ald\u0131.<br \/>\nNusbacher, ister \u0130srail ister Birle\u015fik Krall\u0131k olsun, \u201cd\u00fcnyadaki hi\u00e7bir \u00fclkenin, \u0130ran ad\u0131na hareket eden herhangi bir k\u00f6kenden gelen insanlar\u0131n casusluk, n\u00fcfuz veya siyasi \u015fiddet tehlikelerini hafife alamayaca\u011f\u0131n\u0131\u201d \u2013 eylemler do\u011frudan \u0130ran&#8217;dan gelse de gelmese de \u2013 uyard\u0131.<br \/>\nGe\u00e7en hafta, Londra&#8217;n\u0131n Biggest Conversation (LBC) adl\u0131 kurulu\u015fu, rejimin bakanl\u0131\u011f\u0131yla ba\u011flant\u0131l\u0131 oldu\u011funu iddia eden bir ajan\u0131n, Birle\u015fik Krall\u0131k&#8217;taki Yahudi ve \u0130ranl\u0131 muhalif sitelere y\u00f6nelik kundaklama sald\u0131r\u0131lar\u0131na ili\u015fkin gizli bir soru\u015fturma s\u0131ras\u0131nda gazetecilerinden birini i\u015fe almaya \u00e7al\u0131\u015ft\u0131\u011f\u0131n\u0131 bildirdi.<br \/>\nUlusal G\u00fcvenlik Ara\u015ft\u0131rmalar\u0131 Enstit\u00fcs\u00fc \u0130ran program\u0131 ara\u015ft\u0131rmac\u0131s\u0131 Beni Sabti, Post&#8217;a, \u0130slami rejimin Bat\u0131&#8217;daki lehine yap\u0131lan protestolar ve \u2013 kendi perspektifinden \u2013 Tahran&#8217;\u0131n ABD ve \u0130srail&#8217;e kar\u015f\u0131 sava\u015f\u0131 kazand\u0131\u011f\u0131 inanc\u0131 sayesinde eleman al\u0131m giri\u015fimlerinde daha cesur hale geldi\u011fini s\u00f6yledi.<\/p>\n<p>#\u0130ran #CanFedaKampanyas\u0131 #\u0130ranB\u00fcy\u00fckel\u00e7ilikleri #Diplomasi #\u0130ranBat\u0131\u0130li\u015fkileri #UlusalG\u00fcvenlik #\u0130stihbarat #\u0130ranDiasporas\u0131 #\u0130ngiltere #Avustralya<\/p>\n","protected":false},"excerpt":{"rendered":"<p>\u0130ran&#8217;\u0131n Birle\u015fik Krall\u0131k, Almanya, Avustralya ve Sri Lanka&#8217;daki b\u00fcy\u00fckel\u00e7ilikleri, Tahran&#8217;\u0131n ABD ve \u0130srail ile sava\u015f\u0131 sona erdirme \u015fartlar\u0131n\u0131 reddetmeye devam etmesi \u00fczerine, yeni bir kampanyada \u201chayatlar\u0131n\u0131 feda etmeye\u201d istekli sava\u015f\u00e7\u0131lar\u0131 a\u00e7\u0131k\u00e7a i\u015fe almaya \u00e7al\u0131\u015ft\u0131. Tahran&#8217;\u0131n Londra&#8217;daki resmi b\u00fcy\u00fckel\u00e7ilik sayfas\u0131 15 Nisan&#8217;da \u201cBirle\u015fik Krall\u0131k&#8217;ta ikamet eden gururlu vatanda\u015flar\u0131\u201d bu \u00e7abalara kat\u0131lmaya \u00e7a\u011f\u0131rd\u0131. B\u00fcy\u00fckel\u00e7ilik, \u201c\u0130ran&#8217;\u0131n t\u00fcm cesur [&hellip;]<\/p>\n","protected":false},"author":2,"featured_media":0,"comment_status":"open","ping_status":"open","sticky":false,"template":"","format":"standard","meta":{"footnotes":""},"categories":[37],"tags":[],"class_list":["post-12345","post","type-post","status-publish","format-standard","hentry","category-orta-dogu-haberleri"],"_links":{"self":[{"href":"https:\/\/fajr.news\/index.php?rest_route=\/wp\/v2\/posts\/12345","targetHints":{"allow":["GET"]}}],"collection":[{"href":"https:\/\/fajr.news\/index.php?rest_route=\/wp\/v2\/posts"}],"about":[{"href":"https:\/\/fajr.news\/index.php?rest_route=\/wp\/v2\/types\/post"}],"author":[{"embeddable":true,"href":"https:\/\/fajr.news\/index.php?rest_route=\/wp\/v2\/users\/2"}],"replies":[{"embeddable":true,"href":"https:\/\/fajr.news\/index.php?rest_route=%2Fwp%2Fv2%2Fcomments&post=12345"}],"version-history":[{"count":0,"href":"https:\/\/fajr.news\/index.php?rest_route=\/wp\/v2\/posts\/12345\/revisions"}],"wp:attachment":[{"href":"https:\/\/fajr.news\/index.php?rest_route=%2Fwp%2Fv2%2Fmedia&parent=12345"}],"wp:term":[{"taxonomy":"category","embeddable":true,"href":"https:\/\/fajr.news\/index.php?rest_route=%2Fwp%2Fv2%2Fcategories&post=12345"},{"taxonomy":"post_tag","embeddable":true,"href":"https:\/\/fajr.news\/index.php?rest_route=%2Fwp%2Fv2%2Ftags&post=12345"}],"curies":[{"name":"wp","href":"https:\/\/api.w.org\/{rel}","templated":true}]}}