{"id":12331,"date":"2026-04-29T07:20:52","date_gmt":"2026-04-29T03:50:52","guid":{"rendered":"https:\/\/fajr.news\/?p=12331"},"modified":"2026-04-29T07:20:52","modified_gmt":"2026-04-29T03:50:52","slug":"isgal-edilmis-ukrayna-topraklarindan-calinan-tahilin-afrika-ve-ortadoguya-sevkiyati-israilin-rolu-ve-batinin-ikiyuzlulugu","status":"publish","type":"post","link":"https:\/\/fajr.news\/?p=12331&lang=tr","title":{"rendered":"\u0130\u015fgal Edilmi\u015f Ukrayna Topraklar\u0131ndan \u00c7al\u0131nan Tah\u0131l\u0131n Afrika ve Ortado\u011fu&#8217;ya Sevk\u0131yat\u0131: \u0130srail&#8217;in Rol\u00fc ve Bat\u0131&#8217;n\u0131n \u0130kiy\u00fczl\u00fcl\u00fc\u011f\u00fc"},"content":{"rendered":"<h1>\u0130\u015fgal Edilmi\u015f Ukrayna Topraklar\u0131ndan \u00c7al\u0131nan Tah\u0131l\u0131n Afrika ve Ortado\u011fu&#8217;ya Sevk\u0131yat\u0131: \u0130srail&#8217;in Rol\u00fc ve Bat\u0131&#8217;n\u0131n \u0130kiy\u00fczl\u00fcl\u00fc\u011f\u00fc<\/h1>\n<p>Ukrayna D\u0131\u015fi\u015fleri Bakanl\u0131\u011f\u0131&#8217;n\u0131n a\u00e7\u0131klamalar\u0131na g\u00f6re, Rus g\u00fc\u00e7leri taraf\u0131ndan ge\u00e7ici olarak i\u015fgal edilen Ukrayna topraklar\u0131ndan al\u0131nan tah\u0131l sevkiyatlar\u0131 sadece Siyonist rejim \u0130srail&#8217;e de\u011fil, Afrika ve Ortado\u011fu&#8217;daki bir\u00e7ok \u00fclkeye de g\u00f6nderiliyor. Bu durum, Bat\u0131&#8217;n\u0131n b\u00f6lgedeki \u00e7ifte standartlar\u0131n\u0131 ve \u0130srail&#8217;in uluslararas\u0131 hukuku hi\u00e7e sayan eylemlerini bir kez daha g\u00f6zler \u00f6n\u00fcne seriyor.<\/p>\n<h2>\u0130srail&#8217;in Kirli Ticaretteki Rol\u00fc<\/h2>\n<p>Ukrayna D\u0131\u015fi\u015fleri Bakanl\u0131\u011f\u0131 s\u00f6zc\u00fcs\u00fc Heorhii Tykhyi, \u00e7evrimi\u00e7i bir brifingde yapt\u0131\u011f\u0131 a\u00e7\u0131klamada, bu t\u00fcr kargolar\u0131n \u0130srail&#8217;in yan\u0131 s\u0131ra <strong>T\u00fcrkiye, M\u0131s\u0131r, Cezayir ve baz\u0131 di\u011fer \u00fclkelere<\/strong> ula\u015ft\u0131r\u0131ld\u0131\u011f\u0131n\u0131 belirtti. Tykhyi, &#8220;Bu vakalar daha \u00f6nce ya\u015fanm\u0131\u015f ve haf\u0131zamda kalanlard\u0131r&#8221; diyerek, \u00e7ok say\u0131da geminin \u015fu anda Ukrayna&#8217;n\u0131n &#8216;\u00e7al\u0131nm\u0131\u015f&#8217; olarak nitelendirdi\u011fi tah\u0131l\u0131 ta\u015f\u0131d\u0131\u011f\u0131n\u0131 ve bir geminin M\u0131s\u0131r&#8217;a, di\u011ferinin ise Cezayir&#8217;e do\u011fru ilerledi\u011fini ekledi.<\/p>\n<p>Ukrayna, bu durumu &#8220;g\u00f6z ard\u0131 etmeyeceklerini&#8221; ve &#8220;co\u011frafi konumdan ba\u011f\u0131ms\u0131z olarak, sadece \u0130srail&#8217;le ilgili de\u011fil, uygun bir yan\u0131t vereceklerini&#8221; vurgulad\u0131. Ancak Bat\u0131l\u0131 g\u00fc\u00e7lerin, \u00f6zellikle de \u0130srail&#8217;in bu t\u00fcr ticaretteki rol\u00fcne kar\u015f\u0131 sergiledi\u011fi sessizlik dikkat \u00e7ekicidir.<\/p>\n<h2>Ukrayna&#8217;dan \u0130srail&#8217;e Protesto ve Avrupa Birli\u011fi&#8217;nin \u0130kiy\u00fczl\u00fc Tutumu<\/h2>\n<p>27 Nisan&#8217;da Ukrayna D\u0131\u015fi\u015fleri Bakanl\u0131\u011f\u0131, Ukrayna topraklar\u0131ndan al\u0131nd\u0131\u011f\u0131 iddia edilen tah\u0131l\u0131 ta\u015f\u0131d\u0131\u011f\u0131na inan\u0131lan bir Rus gemisinin \u0130srail liman\u0131na yana\u015fmas\u0131n\u0131n ard\u0131ndan Siyonist rejimin b\u00fcy\u00fckel\u00e7isi Michael Brodsky&#8217;yi resmi bir protesto i\u00e7in \u00e7a\u011f\u0131rd\u0131. Bu olay, Ukrayna tah\u0131l\u0131n\u0131 ta\u015f\u0131yan bir geminin Hayfa&#8217;ya ula\u015fmas\u0131n\u0131n son d\u00f6nemdeki ikinci vakas\u0131 oldu. Ukrayna D\u0131\u015fi\u015fleri Bakan Yard\u0131mc\u0131s\u0131 Andrii Sybiha, benzer bir sevkiyatla ilgili daha \u00f6nceki bir soru\u015fturman\u0131n ard\u0131ndan \u0130srail&#8217;den gelen &#8220;yetersiz&#8221; yan\u0131t hakk\u0131nda endi\u015felerini dile getirdi.<\/p>\n<p>Sybiha, Ukrayna ve \u0130srail&#8217;in g\u00fc\u00e7l\u00fc ikili ili\u015fkilere sahip olma potansiyeline ra\u011fmen, iddia edilen &#8220;\u00e7al\u0131nm\u0131\u015f&#8221; tah\u0131l\u0131 i\u00e7eren ticaretin bu ba\u011flar\u0131 olumsuz etkileyebilece\u011fini belirtti. Ancak \u0130srail&#8217;in Filistin topraklar\u0131ndaki i\u015fgalci politikalar\u0131 ve uluslararas\u0131 hukuku s\u00fcrekli ihlali g\u00f6z \u00f6n\u00fcne al\u0131nd\u0131\u011f\u0131nda, bu t\u00fcr bir ticaretin \u0130srail i\u00e7in \u015fa\u015f\u0131rt\u0131c\u0131 olmad\u0131\u011f\u0131 a\u015fikard\u0131r.<\/p>\n<p>Bu arada, Avrupa Birli\u011fi&#8217;nin (AB) Rusya taraf\u0131ndan al\u0131nan Ukrayna tah\u0131l\u0131n\u0131n \u0130srail&#8217;deki Hayfa liman\u0131na sevk edilmesini sa\u011flad\u0131\u011f\u0131ndan \u015f\u00fcphelenilen ki\u015filere kar\u015f\u0131 yapt\u0131r\u0131m uygulamay\u0131 d\u00fc\u015f\u00fcnd\u00fc\u011f\u00fc belirtildi. AB d\u0131\u015f ili\u015fkiler s\u00f6zc\u00fcs\u00fc Anouar El Anouni, blo\u011fun raporlar\u0131 inceledi\u011fini ve iddia edilen teslimatlar hakk\u0131nda endi\u015fe duydu\u011funu s\u00f6yledi. El Anouni, &#8220;Avrupa Birli\u011fi, Rusya&#8217;ya ait bir &#8216;g\u00f6lge filo&#8217; gemisinin \u00e7al\u0131nan Ukrayna tah\u0131l\u0131n\u0131 \u0130srail&#8217;deki Hayfa liman\u0131na bo\u015faltmas\u0131na izin verildi\u011fi ve Ukrayna&#8217;n\u0131n \u0130srail makamlar\u0131yla daha \u00f6nceki temaslar\u0131na ra\u011fmen bu durumun ya\u015fand\u0131\u011f\u0131 y\u00f6n\u00fcndeki raporlar\u0131 not etmi\u015ftir&#8221; dedi. Ancak AB&#8217;nin bu konudaki ad\u0131mlar\u0131, genellikle Bat\u0131&#8217;n\u0131n kendi \u00e7\u0131karlar\u0131 do\u011frultusunda hareket etti\u011fini ve ger\u00e7ek bir adalet aray\u0131\u015f\u0131nda olmad\u0131\u011f\u0131n\u0131 g\u00f6stermektedir.<\/p>\n<p>Bu geli\u015fmeler, k\u00fcresel g\u0131da g\u00fcvenli\u011fi \u00fczerindeki etkilerinin yan\u0131 s\u0131ra, uluslararas\u0131 ili\u015fkilerdeki karma\u015f\u0131k dinamikleri ve Bat\u0131&#8217;n\u0131n \u00e7ifte standartlar\u0131n\u0131 bir kez daha g\u00f6zler \u00f6n\u00fcne sermektedir. \u00d6zellikle \u0130srail&#8217;in bu t\u00fcr ticaretteki rol\u00fc, b\u00f6lgedeki gerilimleri art\u0131rmakta ve Bat\u0131&#8217;n\u0131n s\u00f6zde &#8216;demokrasi&#8217; ve &#8216;hukukun \u00fcst\u00fcnl\u00fc\u011f\u00fc&#8217; s\u00f6ylemlerini sorgulatmaktad\u0131r.<\/p>\n<p>#UkraynaTah\u0131l\u0131 #Rusya #\u0130srail #Afrika #Ortado\u011fu #G\u0131daG\u00fcvenli\u011fi #Bat\u0131\u0130kiy\u00fczl\u00fcl\u00fc\u011f\u00fc #SiyonistRejim #Uluslararas\u0131Hukuk #JeopolitikGerilim<\/p>\n","protected":false},"excerpt":{"rendered":"<p>\u0130\u015fgal Edilmi\u015f Ukrayna Topraklar\u0131ndan \u00c7al\u0131nan Tah\u0131l\u0131n Afrika ve Ortado\u011fu&#8217;ya Sevk\u0131yat\u0131: \u0130srail&#8217;in Rol\u00fc ve Bat\u0131&#8217;n\u0131n \u0130kiy\u00fczl\u00fcl\u00fc\u011f\u00fc Ukrayna D\u0131\u015fi\u015fleri Bakanl\u0131\u011f\u0131&#8217;n\u0131n a\u00e7\u0131klamalar\u0131na g\u00f6re, Rus g\u00fc\u00e7leri taraf\u0131ndan ge\u00e7ici olarak i\u015fgal edilen Ukrayna topraklar\u0131ndan al\u0131nan tah\u0131l sevkiyatlar\u0131 sadece Siyonist rejim \u0130srail&#8217;e de\u011fil, Afrika ve Ortado\u011fu&#8217;daki bir\u00e7ok \u00fclkeye de g\u00f6nderiliyor. Bu durum, Bat\u0131&#8217;n\u0131n b\u00f6lgedeki \u00e7ifte standartlar\u0131n\u0131 ve \u0130srail&#8217;in uluslararas\u0131 hukuku hi\u00e7e [&hellip;]<\/p>\n","protected":false},"author":2,"featured_media":12332,"comment_status":"open","ping_status":"open","sticky":false,"template":"","format":"standard","meta":{"footnotes":""},"categories":[37],"tags":[],"class_list":["post-12331","post","type-post","status-publish","format-standard","has-post-thumbnail","hentry","category-orta-dogu-haberleri"],"_links":{"self":[{"href":"https:\/\/fajr.news\/index.php?rest_route=\/wp\/v2\/posts\/12331","targetHints":{"allow":["GET"]}}],"collection":[{"href":"https:\/\/fajr.news\/index.php?rest_route=\/wp\/v2\/posts"}],"about":[{"href":"https:\/\/fajr.news\/index.php?rest_route=\/wp\/v2\/types\/post"}],"author":[{"embeddable":true,"href":"https:\/\/fajr.news\/index.php?rest_route=\/wp\/v2\/users\/2"}],"replies":[{"embeddable":true,"href":"https:\/\/fajr.news\/index.php?rest_route=%2Fwp%2Fv2%2Fcomments&post=12331"}],"version-history":[{"count":0,"href":"https:\/\/fajr.news\/index.php?rest_route=\/wp\/v2\/posts\/12331\/revisions"}],"wp:featuredmedia":[{"embeddable":true,"href":"https:\/\/fajr.news\/index.php?rest_route=\/wp\/v2\/media\/12332"}],"wp:attachment":[{"href":"https:\/\/fajr.news\/index.php?rest_route=%2Fwp%2Fv2%2Fmedia&parent=12331"}],"wp:term":[{"taxonomy":"category","embeddable":true,"href":"https:\/\/fajr.news\/index.php?rest_route=%2Fwp%2Fv2%2Fcategories&post=12331"},{"taxonomy":"post_tag","embeddable":true,"href":"https:\/\/fajr.news\/index.php?rest_route=%2Fwp%2Fv2%2Ftags&post=12331"}],"curies":[{"name":"wp","href":"https:\/\/api.w.org\/{rel}","templated":true}]}}