{"id":12311,"date":"2026-04-29T06:39:55","date_gmt":"2026-04-29T03:09:55","guid":{"rendered":"https:\/\/fajr.news\/?p=12311"},"modified":"2026-04-29T06:39:55","modified_gmt":"2026-04-29T03:09:55","slug":"bae-ortadogu-enerji-sokunun-yarattigi-dalgalanma-ortasinda-altmis-yil-sonra-opec-petrol-ureticileri-grubundan-ayriliyor","status":"publish","type":"post","link":"https:\/\/fajr.news\/?p=12311&lang=tr","title":{"rendered":"BAE, Ortado\u011fu enerji \u015fokunun yaratt\u0131\u011f\u0131 &#8216;dalgalanma&#8217; ortas\u0131nda altm\u0131\u015f y\u0131l sonra OPEC petrol \u00fcreticileri grubundan ayr\u0131l\u0131yor"},"content":{"rendered":"<p>Birle\u015fik Arap Emirlikleri (BAE), altm\u0131\u015f y\u0131ld\u0131r \u00fcyesi oldu\u011fu OPEC petrol \u00fcreticileri grubundan ayr\u0131ld\u0131\u011f\u0131n\u0131 duyurdu. 1 May\u0131s&#8217;tan itibaren ge\u00e7erli olacak bu karar, devlet haber ajans\u0131 WAM arac\u0131l\u0131\u011f\u0131yla duyuruldu ve ABD-\u0130srail&#8217;in \u0130ran ile sava\u015f\u0131yla tetiklenen Ortado\u011fu&#8217;daki enerji arz \u015fokunun ortas\u0131nda geldi.<\/p>\n<p>Petrol \u0130hra\u00e7 Eden \u00dclkeler \u00d6rg\u00fct\u00fc (OPEC), 1960 y\u0131l\u0131nda \u0130ran&#8217;da kurulmu\u015f olup, temel amac\u0131 \u00fcye \u00fclkeler aras\u0131nda \u00fcretimi koordine etmek, petrol piyasalar\u0131n\u0131 istikrara kavu\u015fturmak ve istikrarl\u0131 arz ve gelir sa\u011flamakt\u0131r. BAE, 1967 y\u0131l\u0131nda \u00fcye olmu\u015ftu. Bu \u00e7ekilme, petrol kartelini Suudi Arabistan, \u0130ran ve Irak dahil olmak \u00fczere 11 \u00fcye \u00fclke ile b\u0131rakacak.<\/p>\n<p>WAM haber ajans\u0131nda yer alan bir a\u00e7\u0131klamada \u015fu ifadelere yer verildi: \u201cBu karar, BAE&#8217;nin \u00fcretim politikas\u0131 ile mevcut ve gelecekteki kapasitesinin kapsaml\u0131 bir \u015fekilde g\u00f6zden ge\u00e7irilmesinin ard\u0131ndan al\u0131nm\u0131\u015ft\u0131r ve ulusal \u00e7\u0131karlar\u0131m\u0131za ve piyasan\u0131n acil ihtiya\u00e7lar\u0131n\u0131 etkin bir \u015fekilde kar\u015f\u0131lamaya y\u00f6nelik taahh\u00fcd\u00fcm\u00fcze dayanmaktad\u0131r.\u201d A\u00e7\u0131klamada ayr\u0131ca, \u201cArabistan K\u00f6rfezi ve H\u00fcrm\u00fcz Bo\u011faz\u0131&#8217;ndaki kesintiler de dahil olmak \u00fczere k\u0131sa vadeli dalgalanmalar arz dinamiklerini etkilemeye devam etse de, temel e\u011filimler orta ve uzun vadede k\u00fcresel enerji talebinde s\u00fcrd\u00fcr\u00fclebilir bir b\u00fcy\u00fcmeye i\u015faret etmektedir\u201d denildi.<\/p>\n<p>BAE&#8217;nin, petrol fiyatlar\u0131n\u0131 kontrol alt\u0131na almak amac\u0131yla OPEC \u00fcyeleri taraf\u0131ndan belirlenen \u00fcretim kotalar\u0131ndan duydu\u011fu hayal k\u0131r\u0131kl\u0131\u011f\u0131n\u0131 dile getirdi\u011fi bildiriliyor; kararda ayr\u0131ca daha fazla esneklik aray\u0131\u015f\u0131na da at\u0131fta bulunuluyor. Ancak bu duyuru, H\u00fcrm\u00fcz Bo\u011faz\u0131&#8217;n\u0131n kapanmas\u0131n\u0131n d\u00fcnya genelinde petrol ve gaz arz\u0131n\u0131 aksatarak fiyatlar\u0131 f\u0131rlatt\u0131\u011f\u0131 Ortado\u011fu&#8217;da gergin bir d\u00f6neme denk geliyor.<\/p>\n<p>Capital Economics&#8217;in ba\u015f iklim ve emtia ekonomisti David Oxley, BAE&#8217;nin \u201cdaha fazla petrol pompalamak i\u00e7in can att\u0131\u011f\u0131n\u0131\u201d belirtti. Oxley, \u201cBAE&#8217;nin daha fazla petrol pompalama arzusu, \u015fimdiye kadar OPEC&#8217;in geri kalan\u0131n\u0131n a\u015f\u0131r\u0131 \u00fcretimine g\u00f6z yummas\u0131 ve kota seviyelerini y\u00fckseltmesiyle yat\u0131\u015ft\u0131r\u0131lm\u0131\u015ft\u0131\u201d dedi. Ekonomist, H\u00fcrm\u00fcz Bo\u011faz\u0131 yeniden a\u00e7\u0131ld\u0131\u011f\u0131nda enerji ak\u0131\u015flar\u0131n\u0131n normale d\u00f6nmesi halinde, BAE&#8217;nin OPEC&#8217;ten ayr\u0131lmas\u0131n\u0131n \u201cmuhtemelen\u201d g\u00fcnde ek bir milyon varil petrol pompalamas\u0131na yol a\u00e7abilece\u011fini \u2013 bu da k\u00fcresel petrol talebinin yakla\u015f\u0131k %1&#8217;ine denk geldi\u011fini \u2013 \u00f6ne s\u00fcrd\u00fc. Oxley ayr\u0131ca, bu ad\u0131m\u0131n di\u011fer \u00fcyelerin de OPEC&#8217;ten ayr\u0131lmas\u0131na neden olabilece\u011fi ve bunun k\u00fcresel petrol piyasas\u0131 ve fiyatlar\u0131 \u00fczerinde daha b\u00fcy\u00fck etkileri olaca\u011f\u0131 konusunda uyard\u0131.<\/p>\n<p>#BAE #OPEC #Petrol #EnerjiPiyasas\u0131 #Ortado\u011fu #Petrol\u00dcretimi #H\u00fcrm\u00fczBo\u011faz\u0131 #K\u00fcreselEkonomi #PetrolFiyatlar\u0131 #Birle\u015fikArapEmirlikleri<\/p>\n","protected":false},"excerpt":{"rendered":"<p>Birle\u015fik Arap Emirlikleri (BAE), altm\u0131\u015f y\u0131ld\u0131r \u00fcyesi oldu\u011fu OPEC petrol \u00fcreticileri grubundan ayr\u0131ld\u0131\u011f\u0131n\u0131 duyurdu. 1 May\u0131s&#8217;tan itibaren ge\u00e7erli olacak bu karar, devlet haber ajans\u0131 WAM arac\u0131l\u0131\u011f\u0131yla duyuruldu ve ABD-\u0130srail&#8217;in \u0130ran ile sava\u015f\u0131yla tetiklenen Ortado\u011fu&#8217;daki enerji arz \u015fokunun ortas\u0131nda geldi. Petrol \u0130hra\u00e7 Eden \u00dclkeler \u00d6rg\u00fct\u00fc (OPEC), 1960 y\u0131l\u0131nda \u0130ran&#8217;da kurulmu\u015f olup, temel amac\u0131 \u00fcye \u00fclkeler aras\u0131nda [&hellip;]<\/p>\n","protected":false},"author":2,"featured_media":12312,"comment_status":"open","ping_status":"open","sticky":false,"template":"","format":"standard","meta":{"footnotes":""},"categories":[37],"tags":[],"class_list":["post-12311","post","type-post","status-publish","format-standard","has-post-thumbnail","hentry","category-orta-dogu-haberleri"],"_links":{"self":[{"href":"https:\/\/fajr.news\/index.php?rest_route=\/wp\/v2\/posts\/12311","targetHints":{"allow":["GET"]}}],"collection":[{"href":"https:\/\/fajr.news\/index.php?rest_route=\/wp\/v2\/posts"}],"about":[{"href":"https:\/\/fajr.news\/index.php?rest_route=\/wp\/v2\/types\/post"}],"author":[{"embeddable":true,"href":"https:\/\/fajr.news\/index.php?rest_route=\/wp\/v2\/users\/2"}],"replies":[{"embeddable":true,"href":"https:\/\/fajr.news\/index.php?rest_route=%2Fwp%2Fv2%2Fcomments&post=12311"}],"version-history":[{"count":0,"href":"https:\/\/fajr.news\/index.php?rest_route=\/wp\/v2\/posts\/12311\/revisions"}],"wp:featuredmedia":[{"embeddable":true,"href":"https:\/\/fajr.news\/index.php?rest_route=\/wp\/v2\/media\/12312"}],"wp:attachment":[{"href":"https:\/\/fajr.news\/index.php?rest_route=%2Fwp%2Fv2%2Fmedia&parent=12311"}],"wp:term":[{"taxonomy":"category","embeddable":true,"href":"https:\/\/fajr.news\/index.php?rest_route=%2Fwp%2Fv2%2Fcategories&post=12311"},{"taxonomy":"post_tag","embeddable":true,"href":"https:\/\/fajr.news\/index.php?rest_route=%2Fwp%2Fv2%2Ftags&post=12311"}],"curies":[{"name":"wp","href":"https:\/\/api.w.org\/{rel}","templated":true}]}}