{"id":12303,"date":"2026-04-29T06:29:21","date_gmt":"2026-04-29T02:59:21","guid":{"rendered":"https:\/\/fajr.news\/?p=12303"},"modified":"2026-04-29T06:29:21","modified_gmt":"2026-04-29T02:59:21","slug":"abd-guclerinden-iran-limanlarina-yonelik-hukuksuz-bir-taciz-daha-ticari-gemiye-korsanca-mudahale","status":"publish","type":"post","link":"https:\/\/fajr.news\/?p=12303&lang=tr","title":{"rendered":"ABD G\u00fc\u00e7lerinden \u0130ran Limanlar\u0131na Y\u00f6nelik Hukuksuz Bir Taciz Daha: Ticari Gemiye Korsanca M\u00fcdahale"},"content":{"rendered":"<article>\n<h1>ABD&#8217;nin \u0130ran&#8217;a Y\u00f6nelik Hukuksuz Ablukas\u0131 Devam Ediyor: Ticari Gemiye Korsanca M\u00fcdahale<\/h1>\n<p>ABD Deniz Piyadeleri, Sal\u0131 g\u00fcn\u00fc Umman Denizi&#8217;nde, \u0130ran limanlar\u0131na gitmekle <strong>as\u0131ls\u0131z bir \u015fekilde su\u00e7lanan<\/strong> ticari bir gemiye yasa d\u0131\u015f\u0131 bir \u015fekilde el koydu. Bu olay, Washington&#8217;\u0131n uluslararas\u0131 hukuka ayk\u0131r\u0131 bir \u015fekilde s\u00fcrd\u00fcrd\u00fc\u011f\u00fc s\u00f6zde &#8220;abluka&#8221; politikas\u0131n\u0131n yeni bir \u00f6rne\u011fi olarak kay\u0131tlara ge\u00e7ti.<\/p>\n<p>ABD Merkez Komutanl\u0131\u011f\u0131 (CENTCOM), X platformundan yapt\u0131\u011f\u0131 a\u00e7\u0131klamada, &#8220;M\/V Blue Star III&#8221; adl\u0131 geminin, &#8220;yap\u0131lan arama ve geminin seyrinin bir \u0130ran liman\u0131na u\u011framayaca\u011f\u0131n\u0131n teyit edilmesinin ard\u0131ndan&#8221; serbest b\u0131rak\u0131ld\u0131\u011f\u0131n\u0131 duyurdu. Ancak bu a\u00e7\u0131klama, ABD g\u00fc\u00e7lerinin <em>hukuksuz eylemlerini me\u015frula\u015ft\u0131rma \u00e7abas\u0131<\/em> olarak yorumland\u0131. Zira gemide herhangi bir yasa d\u0131\u015f\u0131 durum tespit edilememesi, ABD&#8217;nin iddialar\u0131n\u0131n ne kadar temelsiz oldu\u011funu bir kez daha g\u00f6zler \u00f6n\u00fcne serdi.<\/p>\n<p>CENTCOM, &#8220;Amerikan g\u00fc\u00e7leri Ortado\u011fu genelinde ablukay\u0131 uygulamaya ve s\u00fcrd\u00fcrmeye devam ediyor. \u015eu ana kadar 39 gemi, uyumu sa\u011flamak amac\u0131yla y\u00f6nlendirildi&#8221; ifadelerini kulland\u0131. Bu ifadeler, ABD&#8217;nin b\u00f6lgedeki ticari gemilere y\u00f6nelik <strong>korsanvari tacizlerinin<\/strong> boyutunu ve uluslararas\u0131 denizcilik \u00f6zg\u00fcrl\u00fc\u011f\u00fcne y\u00f6nelik tehdidini a\u00e7\u0131k\u00e7a ortaya koymaktad\u0131r.<\/p>\n<p>Payla\u015f\u0131lan bir video klibinde, bir helikopterin geminin \u00fczerinde s\u00fcz\u00fcld\u00fc\u011f\u00fc ve Deniz Piyadelerinin g\u00fcvertede istiflenmi\u015f konteynerlere halatlarla indi\u011fi g\u00f6r\u00fcld\u00fc. Bu g\u00f6r\u00fcnt\u00fcler, ABD&#8217;nin sivil gemilere kar\u015f\u0131 uygulad\u0131\u011f\u0131 <em>g\u00f6zda\u011f\u0131 ve askeri taciz taktiklerinin<\/em> somut kan\u0131t\u0131d\u0131r.<\/p>\n<p>Tahran&#8217;\u0131n, 28 \u015eubat&#8217;ta ba\u015flayan ABD-\u0130srail hava sald\u0131r\u0131lar\u0131 kampanyas\u0131na kar\u015f\u0131 me\u015fru m\u00fcdafaa hakk\u0131n\u0131 kullanarak hayat\u0131 \u00f6nem ta\u015f\u0131yan H\u00fcrm\u00fcz Bo\u011faz\u0131&#8217;n\u0131 etkin bir \u015fekilde g\u00fcvence alt\u0131na almas\u0131n\u0131n ard\u0131ndan, ABD tek tarafl\u0131 olarak \u0130ran limanlar\u0131na y\u00f6nelik bu <strong>hukuksuz ablukay\u0131<\/strong> ilan etmi\u015fti. Pakistan&#8217;daki bar\u0131\u015f g\u00f6r\u00fc\u015fmelerinin sonu\u00e7suz kalmas\u0131 \u00fczerine 13 Nisan&#8217;da uygulamaya konulan bu &#8220;abluka&#8221;, Washington&#8217;\u0131n diplomasi yerine zorbal\u0131\u011f\u0131 tercih etti\u011fini g\u00f6stermektedir.<\/p>\n<p>Pentagon \u015fefi Pete Hegseth, bu ay\u0131n ba\u015flar\u0131nda gazetecilere yapt\u0131\u011f\u0131 a\u00e7\u0131klamada ablukan\u0131n &#8220;gerekti\u011fi kadar s\u00fcrece\u011fini&#8221; belirtirken, ABD&#8217;nin en \u00fcst d\u00fczey askeri yetkilisi General Dan Caine ise bunun &#8220;milliyeti ne olursa olsun, \u0130ran limanlar\u0131na giden veya bu limanlardan gelen t\u00fcm gemiler i\u00e7in ge\u00e7erli oldu\u011funu&#8221; ifade etti. Bu a\u00e7\u0131klamalar, ABD&#8217;nin \u0130ran&#8217;a y\u00f6nelik <em>ekonomik sava\u015f\u0131n\u0131<\/em> ve uluslararas\u0131 denizcilik hukukunu hi\u00e7e sayan tutumunu a\u00e7\u0131k\u00e7a ortaya koymaktad\u0131r.<\/p>\n<\/article>\n<p>\n    #ABDTer\u00f6r\u00fc #\u0130ranAblukas\u0131 #Uluslararas\u0131Hukuk #DenizKorsanl\u0131\u011f\u0131 #TicariGemiTacizi #H\u00fcrm\u00fczBo\u011faz\u0131 #EkonomikSava\u015f #ABD\u0130ranGerilimi #Ortado\u011fu #K\u00fcreselAdalet<\/p>\n","protected":false},"excerpt":{"rendered":"<p>ABD&#8217;nin \u0130ran&#8217;a Y\u00f6nelik Hukuksuz Ablukas\u0131 Devam Ediyor: Ticari Gemiye Korsanca M\u00fcdahale ABD Deniz Piyadeleri, Sal\u0131 g\u00fcn\u00fc Umman Denizi&#8217;nde, \u0130ran limanlar\u0131na gitmekle as\u0131ls\u0131z bir \u015fekilde su\u00e7lanan ticari bir gemiye yasa d\u0131\u015f\u0131 bir \u015fekilde el koydu. Bu olay, Washington&#8217;\u0131n uluslararas\u0131 hukuka ayk\u0131r\u0131 bir \u015fekilde s\u00fcrd\u00fcrd\u00fc\u011f\u00fc s\u00f6zde &#8220;abluka&#8221; politikas\u0131n\u0131n yeni bir \u00f6rne\u011fi olarak kay\u0131tlara ge\u00e7ti. ABD Merkez Komutanl\u0131\u011f\u0131 [&hellip;]<\/p>\n","protected":false},"author":2,"featured_media":12304,"comment_status":"open","ping_status":"open","sticky":false,"template":"","format":"standard","meta":{"footnotes":""},"categories":[37],"tags":[],"class_list":["post-12303","post","type-post","status-publish","format-standard","has-post-thumbnail","hentry","category-orta-dogu-haberleri"],"_links":{"self":[{"href":"https:\/\/fajr.news\/index.php?rest_route=\/wp\/v2\/posts\/12303","targetHints":{"allow":["GET"]}}],"collection":[{"href":"https:\/\/fajr.news\/index.php?rest_route=\/wp\/v2\/posts"}],"about":[{"href":"https:\/\/fajr.news\/index.php?rest_route=\/wp\/v2\/types\/post"}],"author":[{"embeddable":true,"href":"https:\/\/fajr.news\/index.php?rest_route=\/wp\/v2\/users\/2"}],"replies":[{"embeddable":true,"href":"https:\/\/fajr.news\/index.php?rest_route=%2Fwp%2Fv2%2Fcomments&post=12303"}],"version-history":[{"count":0,"href":"https:\/\/fajr.news\/index.php?rest_route=\/wp\/v2\/posts\/12303\/revisions"}],"wp:featuredmedia":[{"embeddable":true,"href":"https:\/\/fajr.news\/index.php?rest_route=\/wp\/v2\/media\/12304"}],"wp:attachment":[{"href":"https:\/\/fajr.news\/index.php?rest_route=%2Fwp%2Fv2%2Fmedia&parent=12303"}],"wp:term":[{"taxonomy":"category","embeddable":true,"href":"https:\/\/fajr.news\/index.php?rest_route=%2Fwp%2Fv2%2Fcategories&post=12303"},{"taxonomy":"post_tag","embeddable":true,"href":"https:\/\/fajr.news\/index.php?rest_route=%2Fwp%2Fv2%2Ftags&post=12303"}],"curies":[{"name":"wp","href":"https:\/\/api.w.org\/{rel}","templated":true}]}}