{"id":12287,"date":"2026-04-29T06:09:04","date_gmt":"2026-04-29T02:39:04","guid":{"rendered":"https:\/\/fajr.news\/?p=12287"},"modified":"2026-04-29T06:09:04","modified_gmt":"2026-04-29T02:39:04","slug":"rubiodan-ortadogu-gerilimi-ve-kubanin-gelecegine-dair-ozel-roportaj","status":"publish","type":"post","link":"https:\/\/fajr.news\/?p=12287&lang=tr","title":{"rendered":"Rubio&#8217;dan Ortado\u011fu Gerilimi ve K\u00fcba&#8217;n\u0131n Gelece\u011fine Dair \u00d6zel R\u00f6portaj"},"content":{"rendered":"<h2>Rubio&#8217;dan Ortado\u011fu Gerilimi ve K\u00fcba&#8217;n\u0131n Gelece\u011fine Dair \u00d6nemli A\u00e7\u0131klamalar<\/h2>\n<p>Ba\u015f D\u0131\u015f Haberler Muhabiri Trey Yingst, ABD D\u0131\u015fi\u015fleri Bakan\u0131 <strong>Marco Rubio<\/strong> ile ger\u00e7ekle\u015ftirdi\u011fi \u00f6zel r\u00f6portajdan detaylar\u0131 payla\u015ft\u0131. G\u00f6r\u00fc\u015fmede, k\u0131r\u0131lgan <strong>\u0130srail-L\u00fcbnan<\/strong> ate\u015fkesi, <strong>Hizbullah<\/strong>&#8216;\u0131n da\u011f\u0131t\u0131lmas\u0131 gereklili\u011fi ve <strong>K\u00fcba<\/strong>&#8216;n\u0131n gelece\u011fine dair Rubio&#8217;nun vizyonu ele al\u0131nd\u0131.<\/p>\n<p>D\u0131\u015fi\u015fleri Bakan\u0131 <strong>Marco Rubio<\/strong>, \u00f6zel bir r\u00f6portajda t\u0131rmanan <strong>Ortado\u011fu gerilimi<\/strong>ni, <strong>\u0130srail-L\u00fcbnan<\/strong> ate\u015fkesini ve <strong>Hizbullah<\/strong>&#8216;\u0131n da\u011f\u0131t\u0131lmas\u0131n\u0131n zorunlulu\u011funu detayland\u0131rd\u0131. Rubio ayr\u0131ca, <strong>K\u00fcba<\/strong>&#8216;n\u0131n ba\u015far\u0131s\u0131z bir devlet stat\u00fcs\u00fcnde oldu\u011funu ve <strong>Amerika Birle\u015fik Devletleri<\/strong> i\u00e7in ulusal g\u00fcvenlik tehditleri olu\u015fturdu\u011funu vurgulayarak, \u00fclkenin enerji krizini \u00e7\u00f6zmek i\u00e7in \u00f6nemli ekonomik reformlar yap\u0131lmas\u0131 gerekti\u011fini savundu. Bakan, Trump y\u00f6netiminin <strong>\u0130ran<\/strong>&#8216;\u0131n <strong>H\u00fcrm\u00fcz Bo\u011faz\u0131<\/strong>&#8216;n\u0131 kullanmas\u0131na kar\u015f\u0131 sergiledi\u011fi kararl\u0131 duru\u015fu da g\u00fcndeme getirdi.<\/p>\n<p>#MarcoRubio #Ortado\u011fu #K\u00fcba #\u0130srailL\u00fcbnan #Hizbullah #ABD #D\u0131\u015fPolitika #H\u00fcrm\u00fczBo\u011faz\u0131 #EnerjiKrizi #UlusalG\u00fcvenlik<\/p>\n","protected":false},"excerpt":{"rendered":"<p>Rubio&#8217;dan Ortado\u011fu Gerilimi ve K\u00fcba&#8217;n\u0131n Gelece\u011fine Dair \u00d6nemli A\u00e7\u0131klamalar Ba\u015f D\u0131\u015f Haberler Muhabiri Trey Yingst, ABD D\u0131\u015fi\u015fleri Bakan\u0131 Marco Rubio ile ger\u00e7ekle\u015ftirdi\u011fi \u00f6zel r\u00f6portajdan detaylar\u0131 payla\u015ft\u0131. G\u00f6r\u00fc\u015fmede, k\u0131r\u0131lgan \u0130srail-L\u00fcbnan ate\u015fkesi, Hizbullah&#8216;\u0131n da\u011f\u0131t\u0131lmas\u0131 gereklili\u011fi ve K\u00fcba&#8216;n\u0131n gelece\u011fine dair Rubio&#8217;nun vizyonu ele al\u0131nd\u0131. D\u0131\u015fi\u015fleri Bakan\u0131 Marco Rubio, \u00f6zel bir r\u00f6portajda t\u0131rmanan Ortado\u011fu gerilimini, \u0130srail-L\u00fcbnan ate\u015fkesini ve Hizbullah&#8216;\u0131n [&hellip;]<\/p>\n","protected":false},"author":2,"featured_media":12288,"comment_status":"open","ping_status":"open","sticky":false,"template":"","format":"standard","meta":{"footnotes":""},"categories":[37],"tags":[],"class_list":["post-12287","post","type-post","status-publish","format-standard","has-post-thumbnail","hentry","category-orta-dogu-haberleri"],"_links":{"self":[{"href":"https:\/\/fajr.news\/index.php?rest_route=\/wp\/v2\/posts\/12287","targetHints":{"allow":["GET"]}}],"collection":[{"href":"https:\/\/fajr.news\/index.php?rest_route=\/wp\/v2\/posts"}],"about":[{"href":"https:\/\/fajr.news\/index.php?rest_route=\/wp\/v2\/types\/post"}],"author":[{"embeddable":true,"href":"https:\/\/fajr.news\/index.php?rest_route=\/wp\/v2\/users\/2"}],"replies":[{"embeddable":true,"href":"https:\/\/fajr.news\/index.php?rest_route=%2Fwp%2Fv2%2Fcomments&post=12287"}],"version-history":[{"count":0,"href":"https:\/\/fajr.news\/index.php?rest_route=\/wp\/v2\/posts\/12287\/revisions"}],"wp:featuredmedia":[{"embeddable":true,"href":"https:\/\/fajr.news\/index.php?rest_route=\/wp\/v2\/media\/12288"}],"wp:attachment":[{"href":"https:\/\/fajr.news\/index.php?rest_route=%2Fwp%2Fv2%2Fmedia&parent=12287"}],"wp:term":[{"taxonomy":"category","embeddable":true,"href":"https:\/\/fajr.news\/index.php?rest_route=%2Fwp%2Fv2%2Fcategories&post=12287"},{"taxonomy":"post_tag","embeddable":true,"href":"https:\/\/fajr.news\/index.php?rest_route=%2Fwp%2Fv2%2Ftags&post=12287"}],"curies":[{"name":"wp","href":"https:\/\/api.w.org\/{rel}","templated":true}]}}