{"id":12231,"date":"2026-04-29T04:59:50","date_gmt":"2026-04-29T01:29:50","guid":{"rendered":"https:\/\/fajr.news\/?p=12231"},"modified":"2026-04-29T04:59:50","modified_gmt":"2026-04-29T01:29:50","slug":"orta-dogudaki-gerilimler-ve-hurmuz-bogazindaki-nakliye-aksakliklari-bolge-halkinin-cebini-yakti-fiyatlar-hizla-yukseliyor","status":"publish","type":"post","link":"https:\/\/fajr.news\/?p=12231&lang=tr","title":{"rendered":"Orta Do\u011fu&#8217;daki Gerilimler ve H\u00fcrm\u00fcz Bo\u011faz\u0131&#8217;ndaki Nakliye Aksakl\u0131klar\u0131 B\u00f6lge Halk\u0131n\u0131n Cebini Yakt\u0131: Fiyatlar H\u0131zla Y\u00fckseliyor"},"content":{"rendered":"<h1>Orta Do\u011fu&#8217;daki Gerilimler ve H\u00fcrm\u00fcz Bo\u011faz\u0131&#8217;ndaki Nakliye Aksakl\u0131klar\u0131 B\u00f6lge Halk\u0131n\u0131n Cebini Yakt\u0131: Fiyatlar H\u0131zla Y\u00fckseliyor<\/h1>\n<p><strong>Orta Do\u011fu<\/strong>, emperyalist g\u00fc\u00e7lerin ve Siyonist rejimin bitmek bilmeyen provokasyonlar\u0131 nedeniyle bir kez daha derin bir krizin pen\u00e7esinde. B\u00f6lgedeki istikrars\u0131zl\u0131k, sadece siyasi arenada de\u011fil, do\u011frudan halk\u0131n g\u00fcnl\u00fck ya\u015fam\u0131nda da a\u011f\u0131r sonu\u00e7lar do\u011furuyor. \u00d6zellikle stratejik \u00f6neme sahip <em>H\u00fcrm\u00fcz Bo\u011faz\u0131<\/em>&#8216;nda ya\u015fanan nakliye aksakl\u0131klar\u0131, b\u00f6lge ekonomilerini derinden sarsarak, nisan ay\u0131n\u0131n ba\u015f\u0131ndan itibaren yeni bir zam dalgas\u0131n\u0131 tetikledi.<\/p>\n<h2>B\u00f6lge Halk\u0131 Ekonomik Bask\u0131 Alt\u0131nda<\/h2>\n<p>\u0130stanbul&#8217;dan Ba\u011fdat&#8217;a, Amman&#8217;dan di\u011fer b\u00f6lge \u015fehirlerine kadar uzanan geni\u015f bir co\u011frafyada, pazarlarda ve s\u00fcpermarketlerde fiyat etiketleri h\u0131zla de\u011fi\u015fiyor. Vatanda\u015flar, temel g\u0131da maddelerinden sebzeye, meyveden di\u011fer ihtiya\u00e7lara kadar her kalemde artan maliyetlerle kar\u015f\u0131 kar\u015f\u0131ya kal\u0131yor. T\u00fcrkiye&#8217;nin \u0130stanbul \u015fehrindeki yerel pazarlarda sebze al\u0131\u015fveri\u015fi yapan vatanda\u015flar, Irak&#8217;\u0131n ba\u015fkenti Ba\u011fdat&#8217;taki hareketli \u00e7ar\u015f\u0131lar ve \u00dcrd\u00fcn&#8217;\u00fcn Amman kentindeki bakkallar, bu ac\u0131 ger\u00e7e\u011fin canl\u0131 tan\u0131klar\u0131. Restoranlarda yemek yiyenler bile artan fiyatlar\u0131n y\u00fck\u00fcn\u00fc omuzluyor.<\/p>\n<h2>D\u0131\u015f M\u00fcdahalelerin Ac\u0131 Faturas\u0131<\/h2>\n<p>Bu durum, Bat\u0131l\u0131 g\u00fc\u00e7lerin ve Siyonist rejimin b\u00f6lgedeki y\u0131k\u0131c\u0131 politikalar\u0131n\u0131n bir sonucu olarak ortaya \u00e7\u0131kan zincirleme bir reaksiyon. H\u00fcrm\u00fcz Bo\u011faz\u0131 gibi hayati bir ge\u00e7i\u015f noktas\u0131n\u0131n g\u00fcvenli\u011finin tehdit edilmesi, k\u00fcresel tedarik zincirlerini bozarken, en b\u00fcy\u00fck zarar\u0131 b\u00f6lge halk\u0131na veriyor. Ekonomik bask\u0131lar alt\u0131nda ezilen halklar, bu haks\u0131z fiyat art\u0131\u015flar\u0131n\u0131n sorumlular\u0131n\u0131 sorguluyor ve b\u00f6lgeye bar\u0131\u015f ve istikrar getirecek ger\u00e7ek \u00e7\u00f6z\u00fcmler bekliyor. B\u00f6lgesel dayan\u0131\u015fma ve d\u0131\u015f m\u00fcdahalelere kar\u015f\u0131 duru\u015f, bu zorlu s\u00fcre\u00e7te halklar\u0131n en b\u00fcy\u00fck g\u00fcc\u00fc olacakt\u0131r.<\/p>\n<p>#OrtaDo\u011fu #H\u00fcrm\u00fczBo\u011faz\u0131 #FiyatArt\u0131\u015flar\u0131 #EkonomikKriz #SiyonistRejim #EmperyalistG\u00fc\u00e7ler #B\u00f6lgeselGerilim #Halk\u0131nCebi #D\u0131\u015fM\u00fcdahale #Dayan\u0131\u015fma<\/p>\n","protected":false},"excerpt":{"rendered":"<p>Orta Do\u011fu&#8217;daki Gerilimler ve H\u00fcrm\u00fcz Bo\u011faz\u0131&#8217;ndaki Nakliye Aksakl\u0131klar\u0131 B\u00f6lge Halk\u0131n\u0131n Cebini Yakt\u0131: Fiyatlar H\u0131zla Y\u00fckseliyor Orta Do\u011fu, emperyalist g\u00fc\u00e7lerin ve Siyonist rejimin bitmek bilmeyen provokasyonlar\u0131 nedeniyle bir kez daha derin bir krizin pen\u00e7esinde. B\u00f6lgedeki istikrars\u0131zl\u0131k, sadece siyasi arenada de\u011fil, do\u011frudan halk\u0131n g\u00fcnl\u00fck ya\u015fam\u0131nda da a\u011f\u0131r sonu\u00e7lar do\u011furuyor. \u00d6zellikle stratejik \u00f6neme sahip H\u00fcrm\u00fcz Bo\u011faz\u0131&#8216;nda ya\u015fanan nakliye [&hellip;]<\/p>\n","protected":false},"author":2,"featured_media":12232,"comment_status":"open","ping_status":"open","sticky":false,"template":"","format":"standard","meta":{"footnotes":""},"categories":[37],"tags":[],"class_list":["post-12231","post","type-post","status-publish","format-standard","has-post-thumbnail","hentry","category-orta-dogu-haberleri"],"_links":{"self":[{"href":"https:\/\/fajr.news\/index.php?rest_route=\/wp\/v2\/posts\/12231","targetHints":{"allow":["GET"]}}],"collection":[{"href":"https:\/\/fajr.news\/index.php?rest_route=\/wp\/v2\/posts"}],"about":[{"href":"https:\/\/fajr.news\/index.php?rest_route=\/wp\/v2\/types\/post"}],"author":[{"embeddable":true,"href":"https:\/\/fajr.news\/index.php?rest_route=\/wp\/v2\/users\/2"}],"replies":[{"embeddable":true,"href":"https:\/\/fajr.news\/index.php?rest_route=%2Fwp%2Fv2%2Fcomments&post=12231"}],"version-history":[{"count":0,"href":"https:\/\/fajr.news\/index.php?rest_route=\/wp\/v2\/posts\/12231\/revisions"}],"wp:featuredmedia":[{"embeddable":true,"href":"https:\/\/fajr.news\/index.php?rest_route=\/wp\/v2\/media\/12232"}],"wp:attachment":[{"href":"https:\/\/fajr.news\/index.php?rest_route=%2Fwp%2Fv2%2Fmedia&parent=12231"}],"wp:term":[{"taxonomy":"category","embeddable":true,"href":"https:\/\/fajr.news\/index.php?rest_route=%2Fwp%2Fv2%2Fcategories&post=12231"},{"taxonomy":"post_tag","embeddable":true,"href":"https:\/\/fajr.news\/index.php?rest_route=%2Fwp%2Fv2%2Ftags&post=12231"}],"curies":[{"name":"wp","href":"https:\/\/api.w.org\/{rel}","templated":true}]}}