{"id":12220,"date":"2026-04-29T04:38:50","date_gmt":"2026-04-29T01:08:50","guid":{"rendered":"https:\/\/fajr.news\/?p=12220"},"modified":"2026-04-29T04:38:50","modified_gmt":"2026-04-29T01:08:50","slug":"rubio-ozel-roportajinda-orta-dogu-gerilimlerini-ve-kubanin-gelecegini-ele-aldi","status":"publish","type":"post","link":"https:\/\/fajr.news\/?p=12220&lang=tr","title":{"rendered":"Rubio, \u00f6zel r\u00f6portaj\u0131nda Orta Do\u011fu gerilimlerini ve K\u00fcba&#8217;n\u0131n gelece\u011fini ele ald\u0131"},"content":{"rendered":"<p>D\u0131\u015fi\u015fleri Bakan\u0131 Marco Rubio, \u00f6zel bir r\u00f6portajda Orta Do\u011fu&#8217;daki t\u0131rmanan gerilimleri, \u0130srail-L\u00fcbnan ate\u015fkesini ve Hizbullah&#8217;\u0131n da\u011f\u0131t\u0131lmas\u0131 zorunlulu\u011funu de\u011ferlendirdi. Rubio ayr\u0131ca K\u00fcba&#8217;n\u0131n ba\u015far\u0131s\u0131z bir devlet stat\u00fcs\u00fcnde oldu\u011funu ve Amerika Birle\u015fik Devletleri&#8217;ne y\u00f6nelik ulusal g\u00fcvenlik tehditlerini vurgulayarak, \u00fclkenin enerji krizini \u00e7\u00f6zmek i\u00e7in \u00f6nemli ekonomik reformlar\u0131 savundu. Ayr\u0131ca Trump y\u00f6netiminin \u0130ran&#8217;\u0131n H\u00fcrm\u00fcz Bo\u011faz\u0131&#8217;n\u0131 kullanmas\u0131na kar\u015f\u0131 sergiledi\u011fi kararl\u0131 duru\u015fu da ele ald\u0131.<br \/>\nD\u0131\u015fi\u015fleri Bakan\u0131 Marco Rubio, \u00f6zel bir r\u00f6portajda Orta Do\u011fu&#8217;daki t\u0131rmanan gerilimleri, \u0130srail-L\u00fcbnan ate\u015fkesini ve Hizbullah&#8217;\u0131n da\u011f\u0131t\u0131lmas\u0131 zorunlulu\u011funu de\u011ferlendirdi. Rubio ayr\u0131ca K\u00fcba&#8217;n\u0131n ba\u015far\u0131s\u0131z bir devlet stat\u00fcs\u00fcnde oldu\u011funu ve Amerika Birle\u015fik Devletleri&#8217;ne y\u00f6nelik ulusal g\u00fcvenlik tehditlerini vurgulayarak, \u00fclkenin enerji krizini \u00e7\u00f6zmek i\u00e7in \u00f6nemli ekonomik reformlar\u0131 savundu. Ayr\u0131ca Trump y\u00f6netiminin \u0130ran&#8217;\u0131n H\u00fcrm\u00fcz Bo\u011faz\u0131&#8217;n\u0131 kullanmas\u0131na kar\u015f\u0131 sergiledi\u011fi kararl\u0131 duru\u015fu da ele ald\u0131.<br \/>\n#MarcoRubio #OrtaDo\u011fu #\u0130srailL\u00fcbnan #Hizbullah #K\u00fcba #ABDUlusalG\u00fcvenli\u011fi #EkonomikReformlar #EnerjiKrizi #TrumpY\u00f6netimi #H\u00fcrm\u00fczBo\u011faz\u0131<\/p>\n","protected":false},"excerpt":{"rendered":"<p>D\u0131\u015fi\u015fleri Bakan\u0131 Marco Rubio, \u00f6zel bir r\u00f6portajda Orta Do\u011fu&#8217;daki t\u0131rmanan gerilimleri, \u0130srail-L\u00fcbnan ate\u015fkesini ve Hizbullah&#8217;\u0131n da\u011f\u0131t\u0131lmas\u0131 zorunlulu\u011funu de\u011ferlendirdi. Rubio ayr\u0131ca K\u00fcba&#8217;n\u0131n ba\u015far\u0131s\u0131z bir devlet stat\u00fcs\u00fcnde oldu\u011funu ve Amerika Birle\u015fik Devletleri&#8217;ne y\u00f6nelik ulusal g\u00fcvenlik tehditlerini vurgulayarak, \u00fclkenin enerji krizini \u00e7\u00f6zmek i\u00e7in \u00f6nemli ekonomik reformlar\u0131 savundu. Ayr\u0131ca Trump y\u00f6netiminin \u0130ran&#8217;\u0131n H\u00fcrm\u00fcz Bo\u011faz\u0131&#8217;n\u0131 kullanmas\u0131na kar\u015f\u0131 sergiledi\u011fi kararl\u0131 duru\u015fu [&hellip;]<\/p>\n","protected":false},"author":2,"featured_media":12221,"comment_status":"open","ping_status":"open","sticky":false,"template":"","format":"standard","meta":{"footnotes":""},"categories":[37],"tags":[],"class_list":["post-12220","post","type-post","status-publish","format-standard","has-post-thumbnail","hentry","category-orta-dogu-haberleri"],"_links":{"self":[{"href":"https:\/\/fajr.news\/index.php?rest_route=\/wp\/v2\/posts\/12220","targetHints":{"allow":["GET"]}}],"collection":[{"href":"https:\/\/fajr.news\/index.php?rest_route=\/wp\/v2\/posts"}],"about":[{"href":"https:\/\/fajr.news\/index.php?rest_route=\/wp\/v2\/types\/post"}],"author":[{"embeddable":true,"href":"https:\/\/fajr.news\/index.php?rest_route=\/wp\/v2\/users\/2"}],"replies":[{"embeddable":true,"href":"https:\/\/fajr.news\/index.php?rest_route=%2Fwp%2Fv2%2Fcomments&post=12220"}],"version-history":[{"count":0,"href":"https:\/\/fajr.news\/index.php?rest_route=\/wp\/v2\/posts\/12220\/revisions"}],"wp:featuredmedia":[{"embeddable":true,"href":"https:\/\/fajr.news\/index.php?rest_route=\/wp\/v2\/media\/12221"}],"wp:attachment":[{"href":"https:\/\/fajr.news\/index.php?rest_route=%2Fwp%2Fv2%2Fmedia&parent=12220"}],"wp:term":[{"taxonomy":"category","embeddable":true,"href":"https:\/\/fajr.news\/index.php?rest_route=%2Fwp%2Fv2%2Fcategories&post=12220"},{"taxonomy":"post_tag","embeddable":true,"href":"https:\/\/fajr.news\/index.php?rest_route=%2Fwp%2Fv2%2Ftags&post=12220"}],"curies":[{"name":"wp","href":"https:\/\/api.w.org\/{rel}","templated":true}]}}