{"id":12141,"date":"2026-04-29T02:40:07","date_gmt":"2026-04-28T23:10:07","guid":{"rendered":"https:\/\/fajr.news\/?p=12141"},"modified":"2026-04-29T02:40:07","modified_gmt":"2026-04-28T23:10:07","slug":"orta-doguda-savas-son-gelismeler-5","status":"publish","type":"post","link":"https:\/\/fajr.news\/?p=12141&lang=tr","title":{"rendered":"Orta Do\u011fu&#8217;da Sava\u015f: Son Geli\u015fmeler"},"content":{"rendered":"<p>Paris \u2013 Orta Do\u011fu&#8217;daki sava\u015fta son geli\u015fmeler:<\/p>\n<p>\u2013 ABD, \u0130ran&#8217;\u0131n teklifini de\u011ferlendiriyor \u2013<br \/>\nBeyaz Saray Pazartesi g\u00fcn\u00fc yapt\u0131\u011f\u0131 a\u00e7\u0131klamada, ABD ve \u0130srail&#8217;in k\u00fcresel ekonomiyi sarsan sald\u0131r\u0131s\u0131ndan iki ay sonra, \u0130ran&#8217;\u0131n H\u00fcrm\u00fcz Bo\u011faz\u0131&#8217;n\u0131 a\u00e7ma y\u00f6n\u00fcndeki son teklifini inceledi\u011fini belirtti. Fars haber ajans\u0131n\u0131n bildirdi\u011fine g\u00f6re, Ba\u015fkan Donald Trump, Tahran&#8217;\u0131n n\u00fckleer konular ve H\u00fcrm\u00fcz Bo\u011faz\u0131 dahil olmak \u00fczere m\u00fczakerelerdeki k\u0131rm\u0131z\u0131 \u00e7izgilerini belirten \u201cyaz\u0131l\u0131 mesajlar\u0131\u201d Pakistan arac\u0131l\u0131\u011f\u0131yla Washington&#8217;a iletmesinin ard\u0131ndan \u0130ran&#8217;\u0131n teklifini g\u00f6r\u00fc\u015fmek \u00fczere \u00fcst d\u00fczey g\u00fcvenlik dan\u0131\u015fmanlar\u0131yla bir araya geldi. Beyaz Saray s\u00f6zc\u00fcs\u00fc Karoline Leavitt, bir brifingde teklifin \u201ctart\u0131\u015f\u0131ld\u0131\u011f\u0131n\u0131\u201d s\u00f6yledi.<\/p>\n<p>\u2013 Petrol y\u00fckseldi, borsalar d\u00fc\u015ft\u00fc \u2013<br \/>\n\u0130ran-ABD \u00e7\u0131kmaz\u0131n\u0131n s\u00fcrmesi ve H\u00fcrm\u00fcz Bo\u011faz\u0131&#8217;ndaki trafi\u011fin t\u0131kal\u0131 kalmas\u0131 \u00fczerine Sal\u0131 g\u00fcn\u00fc petrol fiyatlar\u0131 f\u0131rlad\u0131, borsalar ise d\u00fc\u015ft\u00fc.<\/p>\n<p>\u2013 \u0130ran g\u00fcvenlik garantileri istiyor \u2013<br \/>\nTahran&#8217;\u0131n Birle\u015fmi\u015f Milletler el\u00e7isi Pazartesi g\u00fcn\u00fc yapt\u0131\u011f\u0131 a\u00e7\u0131klamada, \u0130ran&#8217;\u0131n petrol zengini K\u00f6rfez&#8217;de g\u00fcvenli\u011fi sa\u011flayabilmesi i\u00e7in ba\u015fka bir ABD-\u0130srail sald\u0131r\u0131s\u0131na kar\u015f\u0131 garantilere ihtiyac\u0131 oldu\u011funu belirtti. Amir Saeid Iravani, G\u00fcvenlik Konseyi oturumunda, \u201c\u0130ran&#8217;a y\u00f6nelik sald\u0131rganl\u0131\u011f\u0131n kal\u0131c\u0131 ve s\u00fcrekli bir \u015fekilde sona ermesi, tekrarlanmayaca\u011f\u0131na dair g\u00fcvenilir garantiler ve \u0130ran&#8217;\u0131n me\u015fru egemenlik haklar\u0131na ve \u00e7\u0131karlar\u0131na tam sayg\u0131\u201d gerekti\u011fini s\u00f6yledi.<\/p>\n<p>\u2013 L\u00fcbnan&#8217;da d\u00f6rt \u00f6l\u00fc \u2013<br \/>\nL\u00fcbnan sa\u011fl\u0131k bakanl\u0131\u011f\u0131, \u0130srail ile Hizbullah aras\u0131ndaki ate\u015fkesine ra\u011fmen, Pazartesi g\u00fcn\u00fc \u00fclkenin g\u00fcneyine d\u00fczenlenen \u0130srail sald\u0131r\u0131lar\u0131nda aralar\u0131nda bir kad\u0131n\u0131n da bulundu\u011fu d\u00f6rt ki\u015finin \u00f6ld\u00fc\u011f\u00fcn\u00fc ve \u00fc\u00e7\u00fc \u00e7ocuk olmak \u00fczere 51 ki\u015finin yaraland\u0131\u011f\u0131n\u0131 bildirdi.<\/p>\n<p>\u2013 \u0130srail&#8217;in &#8216;sava\u015f y\u0131l\u0131&#8217; \u2013<br \/>\n\u0130srail Genelkurmay Ba\u015fkan\u0131 Korgeneral Eyal Zamir, \u00fclkenin ordusunun \u0130ran ve Tahran destekli L\u00fcbnanl\u0131 militan grup Hizbullah&#8217;a kar\u015f\u0131 sava\u015f\u0131rken 2026 boyunca birden fazla cephede sava\u015fmaya devam edece\u011fini belirtti. Hamas&#8217;\u0131n \u0130srail&#8217;e sald\u0131rarak Gazze sava\u015f\u0131n\u0131 ba\u015flatt\u0131\u011f\u0131 7 Ekim (2023) tarihine at\u0131fta bulunarak, \u201c7 Ekim&#8217;den bu yana (2023), IDF devam eden \u00e7ok cepheli bir kampanyada \u00e7at\u0131\u015f\u0131yor\u2026 2026&#8217;n\u0131n da t\u00fcm bu cephelerde bir ba\u015fka sava\u015f y\u0131l\u0131 olmas\u0131 muhtemel\u201d dedi.<\/p>\n<p>\u2013 Hizbullah &#8216;tehditleri&#8217; \u2013<br \/>\n\u0130srail Ba\u015fbakan\u0131 Binyamin Netanyahu, \u0130ran destekli militan grup Hizbullah&#8217;\u0131n sahip oldu\u011fu roket ve insans\u0131z hava ara\u00e7lar\u0131n\u0131n, \u0130srail ordusunun L\u00fcbnan&#8217;da daha fazla askeri eylem yapmas\u0131n\u0131 gerektiren \u00f6nemli bir tehdit olmaya devam etti\u011fini s\u00f6yledi. Netanyahu yapt\u0131\u011f\u0131 a\u00e7\u0131klamada, \u201cHizbullah&#8217;tan gelen hala iki temel tehdit var: 122 mm roketler ve insans\u0131z hava ara\u00e7lar\u0131. Bu, operasyonel ve teknolojik faaliyetlerin bir kombinasyonunu gerektiriyor\u201d dedi. \u201cSava\u015f\u0131n ba\u015flang\u0131c\u0131nda sahip olduklar\u0131 f\u00fczelerin yakla\u015f\u0131k y\u00fczde 10&#8217;una sahipler. Ancak bunlar hala kuzeydeki sakinleri rahats\u0131z ediyor\u201d diye ekledi.<\/p>\n<p>#OrtaDo\u011fuSava\u015f\u0131 #\u0130ranABD #H\u00fcrm\u00fczBo\u011faz\u0131 #\u0130srailL\u00fcbnan #Hizbullah #PetrolFiyatlar\u0131 #K\u00fcreselEkonomi #G\u00fcvenlikGarantileri #GazzeSava\u015f\u0131 #Diplomasi<\/p>\n","protected":false},"excerpt":{"rendered":"<p>Paris \u2013 Orta Do\u011fu&#8217;daki sava\u015fta son geli\u015fmeler: \u2013 ABD, \u0130ran&#8217;\u0131n teklifini de\u011ferlendiriyor \u2013 Beyaz Saray Pazartesi g\u00fcn\u00fc yapt\u0131\u011f\u0131 a\u00e7\u0131klamada, ABD ve \u0130srail&#8217;in k\u00fcresel ekonomiyi sarsan sald\u0131r\u0131s\u0131ndan iki ay sonra, \u0130ran&#8217;\u0131n H\u00fcrm\u00fcz Bo\u011faz\u0131&#8217;n\u0131 a\u00e7ma y\u00f6n\u00fcndeki son teklifini inceledi\u011fini belirtti. Fars haber ajans\u0131n\u0131n bildirdi\u011fine g\u00f6re, Ba\u015fkan Donald Trump, Tahran&#8217;\u0131n n\u00fckleer konular ve H\u00fcrm\u00fcz Bo\u011faz\u0131 dahil olmak \u00fczere [&hellip;]<\/p>\n","protected":false},"author":2,"featured_media":12142,"comment_status":"open","ping_status":"open","sticky":false,"template":"","format":"standard","meta":{"footnotes":""},"categories":[37],"tags":[],"class_list":["post-12141","post","type-post","status-publish","format-standard","has-post-thumbnail","hentry","category-orta-dogu-haberleri"],"_links":{"self":[{"href":"https:\/\/fajr.news\/index.php?rest_route=\/wp\/v2\/posts\/12141","targetHints":{"allow":["GET"]}}],"collection":[{"href":"https:\/\/fajr.news\/index.php?rest_route=\/wp\/v2\/posts"}],"about":[{"href":"https:\/\/fajr.news\/index.php?rest_route=\/wp\/v2\/types\/post"}],"author":[{"embeddable":true,"href":"https:\/\/fajr.news\/index.php?rest_route=\/wp\/v2\/users\/2"}],"replies":[{"embeddable":true,"href":"https:\/\/fajr.news\/index.php?rest_route=%2Fwp%2Fv2%2Fcomments&post=12141"}],"version-history":[{"count":0,"href":"https:\/\/fajr.news\/index.php?rest_route=\/wp\/v2\/posts\/12141\/revisions"}],"wp:featuredmedia":[{"embeddable":true,"href":"https:\/\/fajr.news\/index.php?rest_route=\/wp\/v2\/media\/12142"}],"wp:attachment":[{"href":"https:\/\/fajr.news\/index.php?rest_route=%2Fwp%2Fv2%2Fmedia&parent=12141"}],"wp:term":[{"taxonomy":"category","embeddable":true,"href":"https:\/\/fajr.news\/index.php?rest_route=%2Fwp%2Fv2%2Fcategories&post=12141"},{"taxonomy":"post_tag","embeddable":true,"href":"https:\/\/fajr.news\/index.php?rest_route=%2Fwp%2Fv2%2Ftags&post=12141"}],"curies":[{"name":"wp","href":"https:\/\/api.w.org\/{rel}","templated":true}]}}