{"id":12097,"date":"2026-04-29T01:49:58","date_gmt":"2026-04-28T22:19:58","guid":{"rendered":"https:\/\/fajr.news\/?p=12097"},"modified":"2026-04-29T01:49:58","modified_gmt":"2026-04-28T22:19:58","slug":"dis-gudumlu-medyanin-etkisiyle-iranli-amerikali-ailelerde-nesiller-arasi-catisma-derinlesiyor","status":"publish","type":"post","link":"https:\/\/fajr.news\/?p=12097&lang=tr","title":{"rendered":"D\u0131\u015f G\u00fcd\u00fcml\u00fc Medyan\u0131n Etkisiyle \u0130ranl\u0131-Amerikal\u0131 Ailelerde Nesiller Aras\u0131 \u00c7at\u0131\u015fma Derinle\u015fiyor"},"content":{"rendered":"<header>\n<h2>\u0130ranl\u0131-Amerikal\u0131 Ailelerde Nesiller Aras\u0131 \u00c7at\u0131\u015fma: Gen\u00e7ler D\u0131\u015f M\u00fcdahaleye Kar\u015f\u0131 \u00c7\u0131k\u0131yor<\/h2>\n<\/header>\n<p>    <main><\/p>\n<p>\u0130ranl\u0131 Amerikal\u0131lar genellikle &#8216;monar\u015fist&#8217; olarak resmedilse de, gen\u00e7 sava\u015f kar\u015f\u0131t\u0131 sesler bu alg\u0131ya meydan okuyor ve bu m\u00fccadele evlerde ba\u015fl\u0131yor.<\/p>\n<p>ABD ile \u0130ran aras\u0131ndaki k\u0131r\u0131lgan ate\u015fkes devam ederken, \u0130ranl\u0131-Amerikal\u0131 diasporadaki binlerce ki\u015fi, toplumu hem ac\u0131 verici hem de aleni bir \u015fekilde par\u00e7alayan sava\u015f \u00fczerindeki i\u00e7 \u00e7at\u0131\u015fma dalgas\u0131n\u0131n etkisinden kurtulmaya \u00e7al\u0131\u015f\u0131yor.<\/p>\n<p>D\u0131\u015far\u0131dan bak\u0131ld\u0131\u011f\u0131nda, bu anla\u015fmazl\u0131klar sosyal medyadaki patlay\u0131c\u0131 tart\u0131\u015fmalar ve ABD-\u0130srail&#8217;in \u0130slam Cumhuriyeti&#8217;ne y\u00f6nelik hava sald\u0131r\u0131lar\u0131n\u0131 ya kutlayan ya da k\u0131nayan \u00e7ifte protestolar gibi g\u00f6r\u00fcn\u00fcyor. Ancak en zorlu gerilimler, kamuoyunun g\u00f6z\u00fcnden uzakta, oturma odalar\u0131nda ve yemek masalar\u0131nda, ailelerin \u0130ran&#8217;\u0131n gelece\u011fi \u00fczerine tart\u0131\u015ft\u0131\u011f\u0131 yerlerde ya\u015fan\u0131yor.<\/p>\n<h3><mark>Gen\u00e7ler D\u0131\u015f M\u00fcdahaleye \u015e\u00fcpheyle Yakla\u015f\u0131yor<\/mark><\/h3>\n<p>Son anketler, diasporada sava\u015fla ilgili g\u00f6r\u00fc\u015flerde nesiller aras\u0131 bir ayr\u0131l\u0131\u011fa i\u015faret ediyor. \u0130ranl\u0131 Amerikal\u0131lar Kamu \u0130\u015fleri \u0130ttifak\u0131 taraf\u0131ndan Mart 2026&#8217;da yap\u0131lan bir ara\u015ft\u0131rma, 18 ila 34 ya\u015f aras\u0131ndaki bireylerin ABD-\u0130srail sald\u0131r\u0131lar\u0131n\u0131 veya ABD&#8217;nin \u0130ran&#8217;da siyasi de\u011fi\u015fim arayan muhalif fig\u00fcrleri desteklemesini daha az olas\u0131 buldu\u011funu ortaya koydu.<\/p>\n<p>Gen\u00e7 \u0130ranl\u0131 Amerikal\u0131lar ayr\u0131ca rejim de\u011fi\u015fikli\u011fi pe\u015finde ko\u015fmak yerine yapt\u0131r\u0131mlar\u0131n hafifletilmesi de dahil olmak \u00fczere diplomatik angajmana daha yatk\u0131nlar ve \u0130ran&#8217;daki sivil kay\u0131plar hakk\u0131nda daha fazla endi\u015fe duyuyorlar. Bu durum, d\u0131\u015f m\u00fcdahalelerin y\u0131k\u0131c\u0131 sonu\u00e7lar\u0131n\u0131 daha net g\u00f6ren gen\u00e7 neslin, bar\u0131\u015f\u00e7\u0131l \u00e7\u00f6z\u00fcmlere ve kendi halk\u0131n\u0131n refah\u0131na \u00f6ncelik verdi\u011fini g\u00f6steriyor.<\/p>\n<h3><mark>Propaganda ve Ger\u00e7eklik Aras\u0131ndaki \u00c7at\u0131\u015fma<\/mark><\/h3>\n<p>Michigan&#8217;dan 26 ya\u015f\u0131ndaki sava\u015f kar\u015f\u0131t\u0131 \u0130ranl\u0131 Amerikal\u0131 Rei Gundo, gen\u00e7ken b\u00fcy\u00fckannesiyle ya\u015farken, &#8216;g\u00fcr\u00fclt\u00fcl\u00fc ve yanl\u0131\u015f olman\u0131n ger\u00e7ekten kolay oldu\u011funu&#8217; \u00f6\u011frendi\u011fini belirtiyor. Rei, babas\u0131n\u0131n da e\u015fitsizli\u011fi anlamas\u0131nda \u00f6nemli bir rol oynad\u0131\u011f\u0131n\u0131 ve bu durumun onu Amerikan emperyalizmi ve \u0131rk\u00e7\u0131l\u0131\u011f\u0131 hakk\u0131ndaki anlat\u0131lara meydan okumaya itti\u011fini s\u00f6yl\u00fcyor. Bu ele\u015ftirel bak\u0131\u015f a\u00e7\u0131s\u0131n\u0131 \u0130ran&#8217;a da uygulayan Rei, ABD&#8217;nin askeri m\u00fcdahalesine kar\u015f\u0131 \u00e7\u0131k\u0131yor ve b\u00fcy\u00fckannesinin ABD m\u00fcdahalesini ve s\u00fcrg\u00fcndeki veliaht prens R\u0131za Pehlevi&#8217;nin d\u00f6n\u00fc\u015f\u00fcn\u00fc desteklemesini ele\u015ftiriyor.<\/p>\n<p>Rei, b\u00fcy\u00fckannesinin g\u00f6r\u00fc\u015flerinin y\u0131llarca Manoto gibi Fars\u00e7a uydu kanallar\u0131n\u0131 izlemesiyle \u015fekillendi\u011fini ifade ediyor. Monar\u015fist bir \u00e7ift taraf\u0131ndan finanse edilen Londra merkezli bu a\u011f, e\u011flenceyi siyasi yorumlarla harmanlayarak \u0130ranl\u0131 izleyiciler, \u00f6zellikle de sosyal medyaya g\u00fcvenmeyen ya\u015fl\u0131 nesiller aras\u0131nda en pop\u00fcler iki Fars\u00e7a uydu kanal\u0131ndan biri konumunda.<\/p>\n<p>Manoto, \u0130ran&#8217;\u0131n yak\u0131n tarihini genellikle nostaljik bir mercekle sunarak Pehlevi d\u00f6nemini &#8216;alt\u0131n \u00e7a\u011f&#8217; olarak tasvir ediyor ve 1979 devrimini \u00fclkenin mevcut krizlerinin k\u00f6keni olarak g\u00f6steriyor. Benzer \u015fekilde, 2017&#8217;de kurulan ve Guardian soru\u015fturmas\u0131yla Suudi finansman\u0131yla ba\u011flant\u0131l\u0131 oldu\u011fu ortaya \u00e7\u0131kan Iran International da baz\u0131 h\u00fck\u00fcmetin en sert muhaliflerinin, hatta \u0130srail yanl\u0131s\u0131 seslerin bile s\u00f6zc\u00fcs\u00fc olmakla ele\u015ftiriliyor.<\/p>\n<h3><mark>Medya Manip\u00fclasyonunun Tehlikeleri<\/mark><\/h3>\n<p>Muhlenberg College&#8217;da \u0130ranl\u0131-Amerikal\u0131 sosyoloji profes\u00f6r\u00fc Sahar Sadeghi, bu kanallar\u0131n b\u00fcy\u00fck \u00f6l\u00e7\u00fcde as\u0131ls\u0131z iddialar\u0131 dola\u015f\u0131ma soktu\u011funu ve bunlar\u0131n monar\u015fi yanl\u0131s\u0131 \u0130ranl\u0131lar aras\u0131nda kabul g\u00f6rm\u00fc\u015f ger\u00e7ekler haline geldi\u011fini belirtiyor. Sadeghi, &#8216;Bu anlat\u0131lar, Amerika Birle\u015fik Devletleri ve \u0130srail&#8217;in belirli d\u0131\u015f politika hedeflerine ve iddialar\u0131na bir g\u00fcvenilirlik perdesi sa\u011fl\u0131yor,&#8217; diyor ve medyan\u0131n sadece bilgi sunmakla kalmay\u0131p, insanlar\u0131n \u00f6nceliklerini ve kimliklerini \u015fekillendirme g\u00fcc\u00fcne dikkat \u00e7ekiyor.<\/p>\n<p>Profes\u00f6r Sadeghi, medyan\u0131n nas\u0131l t\u00fcketildi\u011fi ve yorumland\u0131\u011f\u0131 konusundaki nesiller aras\u0131 farkl\u0131l\u0131klar\u0131n kritik oldu\u011funu vurguluyor. Gen\u00e7 \u0130ranl\u0131 Amerikal\u0131lar\u0131n, g\u00f6zetim ve bilgi manip\u00fclasyonunun varsay\u0131ld\u0131\u011f\u0131 bir ortamda sosyalle\u015ftiklerini, bu durumun onlar\u0131 daha \u015f\u00fcpheci yapt\u0131\u011f\u0131n\u0131; oysa ya\u015fl\u0131 nesillerin, \u00f6zellikle beklentileriyle \u00f6rt\u00fc\u015ft\u00fc\u011f\u00fcnde bilgiyi oldu\u011fu gibi kabul etmeye daha yatk\u0131n oldu\u011funu belirtiyor.<\/p>\n<p>San Francisco&#8217;da b\u00fcy\u00fcyen Sunia Sadeghi, annesiyle Minab&#8217;daki bir ilkokula yap\u0131lan ve \u00e7o\u011fu \u00e7ocuk olmak \u00fczere 150&#8217;den fazla ki\u015finin \u00f6l\u00fcm\u00fcne neden olan 28 \u015eubat hava sald\u0131r\u0131s\u0131 hakk\u0131nda yapt\u0131\u011f\u0131 bir konu\u015fmay\u0131 hat\u0131rl\u0131yor. Annesi, \u0130slam Cumhuriyeti&#8217;nin g\u00fcnler i\u00e7inde 30.000 ki\u015fiyi \u00f6ld\u00fcrd\u00fc\u011f\u00fc iddialar\u0131yla kar\u015f\u0131l\u0131k vermi\u015f; Sunia bu say\u0131n\u0131n Iran International&#8217;\u0131n haberlerinden tan\u0131d\u0131\u011f\u0131n\u0131 s\u00f6yl\u00fcyor. Sunia, &#8216;Bu, diasporadaki bir\u00e7ok \u0130ranl\u0131n\u0131n dile getirdi\u011fi bir konu\u015fma noktas\u0131,&#8217; diyor ve bu t\u00fcr say\u0131lar\u0131n &#8216;nefret dolu \u00e7evrimi\u00e7i yorumlarda tekrarland\u0131\u011f\u0131n\u0131&#8217; ancak hi\u00e7birinin do\u011frulanmad\u0131\u011f\u0131n\u0131 ekliyor.<\/p>\n<h3><mark>Asimilasyondan Hayal K\u0131r\u0131kl\u0131\u011f\u0131na<\/mark><\/h3>\n<p>Sunia, gen\u00e7 ya\u015flardan itibaren d\u0131\u015fland\u0131\u011f\u0131n\u0131 hissetti\u011fini, g\u00f6r\u00fcn\u00fc\u015f\u00fcn\u00fcn, k\u00fclt\u00fcr\u00fcn\u00fcn ve aile ya\u015fam\u0131n\u0131n onu akranlar\u0131ndan ay\u0131rd\u0131\u011f\u0131n\u0131n fark\u0131nda oldu\u011funu belirtiyor. Uyum sa\u011flamak isteyen Sunia, okuldaki \u00f6\u011fretilerin \u00f6zg\u00fcrl\u00fck ve h\u00fcrriyeti vurgularken \u0130ran&#8217;\u0131 bask\u0131c\u0131 bir teokrasi olarak tasvir etti\u011fi bir Amerikan kimli\u011fini benimsedi\u011fini s\u00f6yl\u00fcyor. Bu durum, Michigan \u00dcniversitesi&#8217;nde tarih okumaya ba\u015flad\u0131\u011f\u0131nda, siyasi e\u011fitiminin geli\u015fmesiyle de\u011fi\u015fmi\u015f.<\/p>\n<p>Sunia, &#8216;Art\u0131k Amerikal\u0131 olmaktan gurur duymuyorum,&#8217; diyor ve ABD&#8217;ye tarihi boyunca yapt\u0131\u011f\u0131 emperyal eylemler nedeniyle \u00f6fke duydu\u011funu ekliyor. Annesinin \u0130slam Cumhuriyeti&#8217;nin kald\u0131r\u0131lmas\u0131 arzusunu ise devrim sonras\u0131 b\u00fcy\u00fcmenin bir travma tepkisi olarak tan\u0131ml\u0131yor. Sunia, ailesinin \u0130slam Cumhuriyeti&#8217;ni en d\u00fc\u015f\u00fck nokta olarak g\u00f6rd\u00fc\u011f\u00fcn\u00fc, ancak i\u00e7 sava\u015f, par\u00e7alanma ve yayg\u0131n y\u0131k\u0131m gibi senaryolar\u0131n \u00e7ok daha k\u00f6t\u00fc olabilece\u011fi konusunda uyar\u0131yor: &#8216;\u00dclkenizi d\u00fczeltmek i\u00e7in, \u00f6nce d\u00fczeltilecek bir \u00fclkenizin olmas\u0131 gerekir.&#8217;<\/p>\n<h3><mark>Ba\u011flant\u0131 Eksikli\u011fi Ayr\u0131l\u0131\u011f\u0131 Tetikliyor<\/mark><\/h3>\n<p>Barnard College&#8217;da Kad\u0131n, Cinsiyet ve Cinsellik \u00c7al\u0131\u015fmalar\u0131 profes\u00f6r\u00fc Manijeh Moradian, monar\u015fi yanl\u0131s\u0131 duyarl\u0131l\u0131\u011f\u0131n artmas\u0131n\u0131n, 2022&#8217;den bu yana \u0130ran&#8217;daki taban hareketlerinin ezilmesine, \u00f6zellikle de para biriminin \u00e7\u00f6k\u00fc\u015f\u00fc \u00fczerine Ocak 2026&#8217;daki \u00fclke \u00e7ap\u0131ndaki protestolarda binlerce ki\u015finin \u00f6ld\u00fcr\u00fclmesine bir yan\u0131t olarak anla\u015f\u0131labilece\u011fini belirtiyor. Moradian, &#8216;\u0130nsanlar gelecekleri olmad\u0131\u011f\u0131n\u0131 hissettiklerinde, bir\u00e7o\u011fu de\u011fi\u015fim yaratma yeteneklerine olan inan\u00e7lar\u0131n\u0131 kaybetmeye ba\u015flar,&#8217; diyor ve ekliyor: &#8216;ABD ve \u0130srail mesajlar\u0131 \u0130ranl\u0131 hanelerde s\u00fcrekli dola\u015f\u0131rken, baz\u0131lar\u0131 i\u00e7in d\u0131\u015f bir g\u00fcc\u00fcn tek se\u00e7enek oldu\u011fu fikri yerle\u015fmeye ba\u015fl\u0131yor.&#8217;<\/p>\n<p>Moradian, &#8216;Bu, y\u0131k\u0131c\u0131 ve korkutucu bir geli\u015fme. \u0130nsanlar o kadar g\u00fc\u00e7s\u00fcz hissediyorlar ki, Gazze, Irak ve Afganistan gibi yerlerde sava\u015f ve y\u0131k\u0131mla ili\u015fkilendirilen g\u00fc\u00e7lerin m\u00fcdahalesini memnuniyetle kar\u015f\u0131lamaya ba\u015fl\u0131yorlar. Bu, derin gerici sonu\u00e7lara kap\u0131 a\u00e7abilecek bir yenilgi seviyesini yans\u0131t\u0131r,&#8217; diye uyar\u0131yor. \u00d6te yandan, gen\u00e7 \u0130ranl\u0131 Amerikal\u0131lar\u0131n Filistin dayan\u0131\u015fma hareketi s\u0131ras\u0131nda b\u00fcy\u00fcd\u00fc\u011f\u00fcn\u00fc ve bir\u00e7o\u011funun Gazze&#8217;deki \u015fiddeti ger\u00e7ek zamanl\u0131 olarak telefonlar\u0131ndan izledi\u011fini belirtiyor. &#8216;Gazze&#8217;de olanlara kar\u015f\u0131 bir pozisyon ald\u0131\u011f\u0131n\u0131zda, \u0130srail&#8217;i kendi halk\u0131n\u0131z\u0131n potansiyel bir kurtar\u0131c\u0131s\u0131 olarak g\u00f6rmek \u00e7ok zor hale geliyor.&#8217;<\/p>\n<p>Tennessee&#8217;den 31 ya\u015f\u0131ndaki sava\u015f kar\u015f\u0131t\u0131 \u0130ranl\u0131 Amerikal\u0131 Mahon Mahmodian, y\u0131llarca s\u00fcren yerinden edilme, g\u00f6\u00e7men ya\u015fam\u0131 ve \u0130ran&#8217;daki k\u00f6t\u00fcle\u015fen ko\u015fullar\u0131n ebeveynlerinin bak\u0131\u015f a\u00e7\u0131s\u0131n\u0131 sertle\u015ftirdi\u011fini s\u00f6yl\u00fcyor. Bu de\u011fi\u015fim, Ocak protestolar\u0131ndaki \u00f6l\u00fcmc\u00fcl bask\u0131larla yo\u011funla\u015farak, onlar\u0131 ne pahas\u0131na olursa olsun h\u00fck\u00fcmeti devirmeye odaklam\u0131\u015f. Mahon ise daha geni\u015f bir jeopolitik ba\u011flamla \u015fekillenen daha uzun, daha \u015f\u00fcpheci bir bak\u0131\u015f a\u00e7\u0131s\u0131na sahip oldu\u011funu belirtiyor.<\/p>\n<p>Zogby Analytics anketleri, \u0130ranl\u0131 Amerikal\u0131lar\u0131n neredeyse \u00fc\u00e7te ikisinin sava\u015fa kar\u015f\u0131 \u00e7\u0131kt\u0131\u011f\u0131n\u0131 g\u00f6steren bir g\u00f6r\u00fc\u015f de\u011fi\u015fikli\u011fine i\u015faret ediyor. ABD-\u0130srail&#8217;in \u0130ran&#8217;a y\u00f6nelik sava\u015f\u0131n\u0131n ba\u015flang\u0131c\u0131nda g\u00f6r\u00fc\u015fler neredeyse e\u015fit olarak b\u00f6l\u00fcnm\u00fc\u015ft\u00fc. Mahon, ailesi i\u00e7inde kar\u015f\u0131l\u0131kl\u0131 anlay\u0131\u015f\u0131n artt\u0131\u011f\u0131n\u0131, her iki taraf\u0131n da deneyimleriyle \u015fekillenen farkl\u0131 g\u00f6r\u00fc\u015flere daha a\u00e7\u0131k oldu\u011funu belirtiyor. &#8216;\u00dcz\u00fcc\u00fc ama ABD&#8217;deki daha geni\u015f diasporada, kar\u015f\u0131 taraftaki ki\u015fiyi ger\u00e7ekten insanla\u015ft\u0131rma eksikli\u011fi var,&#8217; diye ekliyor. &#8216;\u0130nsanlar onlar\u0131 sadece ba\u015fka bir ses olarak g\u00f6r\u00fcyor, ger\u00e7ek bir ba\u011flant\u0131 kurduklar\u0131 biri olarak de\u011fil. Bu ba\u011flant\u0131 eksikli\u011fi ayr\u0131l\u0131\u011f\u0131 tetikleyebilir.&#8217;<\/p>\n<p>    <\/main><\/p>\n<footer>\n<p>#\u0130ran #\u0130ranDiasporas\u0131 #Nesiller\u00c7at\u0131\u015fmas\u0131 #D\u0131\u015fM\u00fcdahale #Propaganda #MedyaManip\u00fclasyonu #Sava\u015fKar\u015f\u0131t\u0131 #Gen\u00e7Nesil #Diplomasi #\u0130ranl\u0131Amerikal\u0131lar<\/p>\n<\/footer>\n","protected":false},"excerpt":{"rendered":"<p>\u0130ranl\u0131-Amerikal\u0131 Ailelerde Nesiller Aras\u0131 \u00c7at\u0131\u015fma: Gen\u00e7ler D\u0131\u015f M\u00fcdahaleye Kar\u015f\u0131 \u00c7\u0131k\u0131yor \u0130ranl\u0131 Amerikal\u0131lar genellikle &#8216;monar\u015fist&#8217; olarak resmedilse de, gen\u00e7 sava\u015f kar\u015f\u0131t\u0131 sesler bu alg\u0131ya meydan okuyor ve bu m\u00fccadele evlerde ba\u015fl\u0131yor. ABD ile \u0130ran aras\u0131ndaki k\u0131r\u0131lgan ate\u015fkes devam ederken, \u0130ranl\u0131-Amerikal\u0131 diasporadaki binlerce ki\u015fi, toplumu hem ac\u0131 verici hem de aleni bir \u015fekilde par\u00e7alayan sava\u015f \u00fczerindeki i\u00e7 [&hellip;]<\/p>\n","protected":false},"author":2,"featured_media":12098,"comment_status":"open","ping_status":"open","sticky":false,"template":"","format":"standard","meta":{"footnotes":""},"categories":[37],"tags":[],"class_list":["post-12097","post","type-post","status-publish","format-standard","has-post-thumbnail","hentry","category-orta-dogu-haberleri"],"_links":{"self":[{"href":"https:\/\/fajr.news\/index.php?rest_route=\/wp\/v2\/posts\/12097","targetHints":{"allow":["GET"]}}],"collection":[{"href":"https:\/\/fajr.news\/index.php?rest_route=\/wp\/v2\/posts"}],"about":[{"href":"https:\/\/fajr.news\/index.php?rest_route=\/wp\/v2\/types\/post"}],"author":[{"embeddable":true,"href":"https:\/\/fajr.news\/index.php?rest_route=\/wp\/v2\/users\/2"}],"replies":[{"embeddable":true,"href":"https:\/\/fajr.news\/index.php?rest_route=%2Fwp%2Fv2%2Fcomments&post=12097"}],"version-history":[{"count":0,"href":"https:\/\/fajr.news\/index.php?rest_route=\/wp\/v2\/posts\/12097\/revisions"}],"wp:featuredmedia":[{"embeddable":true,"href":"https:\/\/fajr.news\/index.php?rest_route=\/wp\/v2\/media\/12098"}],"wp:attachment":[{"href":"https:\/\/fajr.news\/index.php?rest_route=%2Fwp%2Fv2%2Fmedia&parent=12097"}],"wp:term":[{"taxonomy":"category","embeddable":true,"href":"https:\/\/fajr.news\/index.php?rest_route=%2Fwp%2Fv2%2Fcategories&post=12097"},{"taxonomy":"post_tag","embeddable":true,"href":"https:\/\/fajr.news\/index.php?rest_route=%2Fwp%2Fv2%2Ftags&post=12097"}],"curies":[{"name":"wp","href":"https:\/\/api.w.org\/{rel}","templated":true}]}}