{"id":12081,"date":"2026-04-29T01:20:12","date_gmt":"2026-04-28T21:50:12","guid":{"rendered":"https:\/\/fajr.news\/?p=12081"},"modified":"2026-04-29T01:20:12","modified_gmt":"2026-04-28T21:50:12","slug":"orta-dogudaki-savas-kuresel-elektrikli-otomobil-patlamasini-tetikliyor-amerika-geride-kalirken","status":"publish","type":"post","link":"https:\/\/fajr.news\/?p=12081&lang=tr","title":{"rendered":"Orta Do\u011fu&#8217;daki Sava\u015f K\u00fcresel Elektrikli Otomobil Patlamas\u0131n\u0131 Tetikliyor \u2014 Amerika Geride Kal\u0131rken"},"content":{"rendered":"<h1>Orta Do\u011fu&#8217;daki Sava\u015f\u0131n K\u00fcresel Elektrikli Ara\u00e7 Piyasas\u0131na Etkisi: Avrupa Y\u00fckseli\u015fte, ABD Geride<\/h1>\n<p>\u0130ran&#8217;daki sava\u015f\u0131n ve k\u00fcresel petrol piyasalar\u0131nda yaratt\u0131\u011f\u0131 \u00e7alkant\u0131n\u0131n, d\u00fcnyan\u0131n bir\u00e7ok yerinde elektrikli otomobil sat\u0131\u015flar\u0131nda \u00f6nemli bir art\u0131\u015f\u0131 k\u00f6r\u00fckledi\u011fi g\u00f6zlemleniyor.<\/p>\n<h2>Avrupa ve Asya&#8217;da Elektrikli Ara\u00e7lara B\u00fcy\u00fck Talep<\/h2>\n<p>Mart ay\u0131nda, \u00e7at\u0131\u015fmalar\u0131n ba\u015flamas\u0131ndan sonraki ilk d\u00f6rt haftada, Fransa, Almanya ve Birle\u015fik Krall\u0131k&#8217;taki t\u00fcketiciler <strong>206.200 elektrikli ara\u00e7<\/strong> sat\u0131n ald\u0131. Bu rakam, bir \u00f6nceki y\u0131l\u0131n ayn\u0131 d\u00f6nemine g\u00f6re %44&#8217;l\u00fck dikkat \u00e7ekici bir art\u0131\u015f\u0131 temsil ediyor. G\u00fcney Kore&#8217;de elektrikli otomobil i\u015flemleri iki kattan fazla artarken, elektrifikasyon s\u00fcrecinin yava\u015f ilerledi\u011fi \u0130talya&#8217;da bile ge\u00e7en ay 16.000 batarya ile \u00e7al\u0131\u015fan ara\u00e7 bayilerden \u00e7\u0131kt\u0131 ve bu da %67&#8217;lik bir art\u0131\u015fa i\u015faret ediyor.<\/p>\n<p>Uluslararas\u0131 Temiz Ula\u015f\u0131m Konseyi Avrupa Direkt\u00f6r\u00fc Peter Mock, \u201cMart verileri, piyasa ve politika ko\u015fullar\u0131 uyumlu oldu\u011funda elektrifikasyona ge\u00e7i\u015fin anlaml\u0131 bir h\u0131zda ger\u00e7ekle\u015febilece\u011fini g\u00f6steriyor. Son petrol fiyat\u0131 \u015fokuyla olan tesad\u00fcf dikkat \u00e7ekici\u201d yorumunda bulundu.<\/p>\n<h2>K\u00fcresel Piyasada Beklenmedik Y\u00fckseli\u015f<\/h2>\n<p>Bu y\u00fckseli\u015f tamamen beklenmedik de\u011fildi; sava\u015f\u0131n ard\u0131ndan haftalar i\u00e7inde elektrikli ara\u00e7 ilanlar\u0131na y\u00f6nelik \u00e7evrimi\u00e7i aramalar yo\u011funla\u015fm\u0131\u015ft\u0131. BloombergNEF&#8217;in yeni k\u00fcresel verilerine g\u00f6re, Mart ay\u0131nda t\u00fcketiciler toplamda 1,1 milyon elektrikli ara\u00e7 sat\u0131n ald\u0131; bu, bir \u00f6nceki y\u0131l\u0131n ayn\u0131 d\u00f6nemine g\u00f6re %2&#8217;lik bir art\u0131\u015f demek. Ge\u00e7en ay d\u00fcnya genelinde sat\u0131lan yeni otomobil ve kamyonlar\u0131n yakla\u015f\u0131k %17&#8217;si tamamen batarya ile \u00e7al\u0131\u015f\u0131yordu.<\/p>\n<p>Elektrikli ara\u00e7lardaki bu kazan\u0131mlar, d\u00fcnyan\u0131n en b\u00fcy\u00fck otomobil pazarlar\u0131ndaki sat\u0131\u015flar\u0131n durgunlu\u011funa ra\u011fmen ger\u00e7ekle\u015fti. Kanada, \u00c7in ve ABD&#8217;de elektrikli otomobil i\u015flemleri ge\u00e7en ay so\u011furken, Avrupa, Avustralya ve Asya&#8217;n\u0131n baz\u0131 b\u00f6lgelerindeki talep art\u0131\u015f\u0131 bu d\u00fc\u015f\u00fc\u015fleri fazlas\u0131yla telafi etti. Tesla Inc. de sipari\u015flerdeki bu art\u0131\u015f\u0131 son \u00e7eyrek sonu\u00e7lar\u0131 i\u00e7in bir itici g\u00fc\u00e7 olarak g\u00f6sterdi. \u015eirketin Finans Direkt\u00f6r\u00fc Vaibhav Taneja, \u201c2026 sadece bizim i\u00e7in de\u011fil, bence genel olarak d\u00fcnya i\u00e7in ilgin\u00e7 bir ba\u015flang\u0131\u00e7 yapt\u0131. Otomobil i\u015finde talepte bir canlanma g\u00f6rd\u00fck\u201d dedi.<\/p>\n<h2>\u00c7inli \u00dcreticilerin Rol\u00fc ve Fiyatlar\u0131n Etkisi<\/h2>\n<p>Elektrikli ara\u00e7 sat\u0131\u015flar\u0131n\u0131n artt\u0131\u011f\u0131 yerlerde analistler, iki ana fakt\u00f6re i\u015faret ediyor: <strong>y\u00fcksek benzin fiyatlar\u0131<\/strong> ve <strong>\u00c7inli otomobil \u00fcreticilerinden gelen uygun fiyatl\u0131 yeni modeller<\/strong>. \u00c7in Binek Otomobil Birli\u011fi&#8217;ne g\u00f6re, \u00c7in&#8217;in elektrikli ve hibrit ara\u00e7 ihracat\u0131 Mart ay\u0131nda bir \u00f6nceki y\u0131la g\u00f6re %140 artarak yeni bir rekora ula\u015ft\u0131.<\/p>\n<p>K\u00fcresel elektrikli ara\u00e7 i\u015ftah\u0131ndaki bu yenilenme, \u00c7inli \u00fcreticiler i\u00e7in iyi bir haber. \u00c7in g\u00fcmr\u00fck verilerine g\u00f6re, elektrikli ara\u00e7 sevkiyatlar\u0131nda \u00f6nemli bir art\u0131\u015f g\u00f6ren ba\u015fl\u0131ca ihracat pazarlar\u0131 aras\u0131nda Avustralya (%67 art\u0131\u015f), Bel\u00e7ika (%63 art\u0131\u015f) ve Almanya (%34 art\u0131\u015f) yer ald\u0131. Bu art\u0131\u015flar, yak\u0131t fiyatlar\u0131 y\u00fckseldik\u00e7e elektrikli ara\u00e7lara olan ilginin artt\u0131\u011f\u0131n\u0131 g\u00f6steren anket sonu\u00e7lar\u0131yla da \u00f6rt\u00fc\u015f\u00fcyor.<\/p>\n<p>Sydney yak\u0131nlar\u0131nda ya\u015fayan 62 ya\u015f\u0131ndaki atmosfer kimyac\u0131s\u0131 Graham Kettlewell, y\u0131llard\u0131r elektrikli ara\u00e7 sahibi olma iste\u011fi ta\u015f\u0131yordu. Kettlewell, profesyonel ya\u015fam\u0131n\u0131 atmosferdeki CO2 art\u0131\u015f\u0131n\u0131 \u00f6l\u00e7erek ge\u00e7irdi. Ancak 2014 model Nissan Altima&#8217;s\u0131n\u0131, Avustralya&#8217;da yakla\u015f\u0131k 30.000 dolara sat\u0131lan BYD Co. Dolphin adl\u0131 \u00c7in yap\u0131m\u0131 k\u00fc\u00e7\u00fck bir hatchback ile de\u011fi\u015ftirene kadar kullanmaya devam etti.<\/p>\n<p>Kettlewell, petrol aramak, rafine etmek, t\u00fcm d\u00fcnyaya g\u00f6ndermek ve sera gazlar\u0131 olu\u015fturmak i\u00e7in yakman\u0131n \u201cen iyi yakla\u015f\u0131m gibi g\u00f6r\u00fcnmedi\u011fini\u201d belirtti ve ekledi: \u201cBu, H\u00fcrm\u00fcz Bo\u011faz\u0131&#8217;nda \u015fu anda ya\u015fad\u0131\u011f\u0131m\u0131z e\u011flenceden \u00f6nceki d\u00fc\u015f\u00fcncelerimdi.\u201d<\/p>\n<p>Evindeki g\u00fcne\u015f panelleriyle arac\u0131n\u0131 \u015farj eden Kettlewell, ula\u015f\u0131m maliyetlerinin haftal\u0131k 100 dolardan 4 dolara d\u00fc\u015ft\u00fc\u011f\u00fcn\u00fc g\u00f6rd\u00fc. Avustralya&#8217;da benzin fiyatlar\u0131 bir\u00e7ok \u00fclkeye g\u00f6re daha fazla y\u00fckseldi ve Kettlewell&#8217;in binlerce kom\u015fusu benzer hesaplamalar yap\u0131yor. Avustralyal\u0131lar ge\u00e7en ay 14.100 elektrikli ara\u00e7 sat\u0131n ald\u0131; bu, bir \u00f6nceki y\u0131l\u0131n ayn\u0131 d\u00f6nemine g\u00f6re %68 daha fazla.<\/p>\n<h2>Politika De\u011fi\u015fiklikleri ve Avrupa&#8217;daki H\u0131zlanma<\/h2>\n<p>Benzer g\u00fc\u00e7ler, neredeyse 400 elektrikli modelin sunuldu\u011fu Avrupa genelinde elektrikli ara\u00e7 sat\u0131\u015flar\u0131n\u0131 h\u0131zland\u0131rd\u0131; bu modellerin \u00e7o\u011fu \u00c7in ithalat\u0131ndan kaynaklan\u0131yor ve bir y\u0131l \u00f6ncesine g\u00f6re 368&#8217;den artt\u0131.<\/p>\n<p>BloombergNEF analisti Sada Wachche&#8217;ye g\u00f6re, sat\u0131\u015flar k\u0131smen politika de\u011fi\u015fiklikleri taraf\u0131ndan te\u015fvik edildi; baz\u0131lar\u0131 \u0130ran petrol krizine do\u011frudan bir yan\u0131t niteli\u011findeydi. \u00d6rne\u011fin Almanya, 6.000 avroya kadar sat\u0131n alma s\u00fcbvansiyonlar\u0131n\u0131 yeniden uygulamaya koydu. Fransa ise ara\u00e7 filolar\u0131 i\u00e7in elektrifikasyon zorunlulu\u011funu g\u00fc\u00e7lendirdi.<\/p>\n<p>Wachche, \u201cHer pazar\u0131n bir\u00e7ok kald\u0131ra\u00e7 g\u00fcc\u00fc var, ancak \u00f6zellikle Avrupa&#8217;n\u0131n\u201d dedi.<\/p>\n<h2>ABD ve \u00c7in&#8217;de Durgunluk<\/h2>\n<p>Bu arada, d\u00fcnyan\u0131n en b\u00fcy\u00fck iki otomobil pazar\u0131 olan \u00c7in ve ABD&#8217;de elektrikli ara\u00e7 sat\u0131\u015flar\u0131 d\u00fc\u015fmeye devam etti. \u00c7inli t\u00fcketiciler b\u00fcy\u00fck \u00f6l\u00e7\u00fcde benzin fiyatlar\u0131ndaki art\u0131\u015flardan izole edilmi\u015f durumda ve h\u00fck\u00fcmet baz\u0131 sat\u0131n alma te\u015fviklerini k\u0131s\u0131tlad\u0131.<\/p>\n<p>ABD&#8217;de elektrikli ara\u00e7 sat\u0131\u015flar\u0131 bir \u00f6nceki y\u0131l\u0131n ayn\u0131 d\u00f6nemine g\u00f6re %27 azald\u0131. Ancak analistler, Amerikan elektrikli ara\u00e7 sat\u0131\u015flar\u0131n\u0131n Mart 2025&#8217;te \u00f6zellikle g\u00fc\u00e7l\u00fc oldu\u011funu, s\u00fcr\u00fcc\u00fclerin s\u00fcresi dolan federal te\u015fvikleri yakalamak i\u00e7in acele etti\u011fini belirtiyor. Bu arada, kullan\u0131lm\u0131\u015f elektrikli ara\u00e7lar\u0131n piyasaya ak\u0131\u015f\u0131, al\u0131c\u0131lar\u0131 yeni ara\u00e7 pazar\u0131ndan uzakla\u015ft\u0131r\u0131yor. ABD&#8217;li otomobil t\u00fcketicileri indirim avc\u0131s\u0131 haline geldi ve kullan\u0131lm\u0131\u015f elektrikli ara\u00e7lar\u0131 di\u011fer t\u00fcm otomobil veya kamyon t\u00fcrlerinden daha h\u0131zl\u0131 kap\u0131\u015f\u0131yor.<\/p>\n<p><em>Bu haber Bloomberg kaynaklar\u0131ndan derlenmi\u015ftir.<\/em><\/p>\n<p>#ElektrikliAra\u00e7lar #OrtaDo\u011fuSava\u015f\u0131 #K\u00fcreselPetrolPiyasalar\u0131 #EVPatlamas\u0131 #AvrupaEV #\u00c7inOtomotiv #ABDGerideKald\u0131 #S\u00fcrd\u00fcr\u00fclebilirUla\u015f\u0131m #PetrolFiyatlar\u0131 #K\u00fcreselEkonomi<\/p>\n","protected":false},"excerpt":{"rendered":"<p>Orta Do\u011fu&#8217;daki Sava\u015f\u0131n K\u00fcresel Elektrikli Ara\u00e7 Piyasas\u0131na Etkisi: Avrupa Y\u00fckseli\u015fte, ABD Geride \u0130ran&#8217;daki sava\u015f\u0131n ve k\u00fcresel petrol piyasalar\u0131nda yaratt\u0131\u011f\u0131 \u00e7alkant\u0131n\u0131n, d\u00fcnyan\u0131n bir\u00e7ok yerinde elektrikli otomobil sat\u0131\u015flar\u0131nda \u00f6nemli bir art\u0131\u015f\u0131 k\u00f6r\u00fckledi\u011fi g\u00f6zlemleniyor. Avrupa ve Asya&#8217;da Elektrikli Ara\u00e7lara B\u00fcy\u00fck Talep Mart ay\u0131nda, \u00e7at\u0131\u015fmalar\u0131n ba\u015flamas\u0131ndan sonraki ilk d\u00f6rt haftada, Fransa, Almanya ve Birle\u015fik Krall\u0131k&#8217;taki t\u00fcketiciler 206.200 elektrikli ara\u00e7 [&hellip;]<\/p>\n","protected":false},"author":2,"featured_media":12082,"comment_status":"open","ping_status":"open","sticky":false,"template":"","format":"standard","meta":{"footnotes":""},"categories":[37],"tags":[],"class_list":["post-12081","post","type-post","status-publish","format-standard","has-post-thumbnail","hentry","category-orta-dogu-haberleri"],"_links":{"self":[{"href":"https:\/\/fajr.news\/index.php?rest_route=\/wp\/v2\/posts\/12081","targetHints":{"allow":["GET"]}}],"collection":[{"href":"https:\/\/fajr.news\/index.php?rest_route=\/wp\/v2\/posts"}],"about":[{"href":"https:\/\/fajr.news\/index.php?rest_route=\/wp\/v2\/types\/post"}],"author":[{"embeddable":true,"href":"https:\/\/fajr.news\/index.php?rest_route=\/wp\/v2\/users\/2"}],"replies":[{"embeddable":true,"href":"https:\/\/fajr.news\/index.php?rest_route=%2Fwp%2Fv2%2Fcomments&post=12081"}],"version-history":[{"count":0,"href":"https:\/\/fajr.news\/index.php?rest_route=\/wp\/v2\/posts\/12081\/revisions"}],"wp:featuredmedia":[{"embeddable":true,"href":"https:\/\/fajr.news\/index.php?rest_route=\/wp\/v2\/media\/12082"}],"wp:attachment":[{"href":"https:\/\/fajr.news\/index.php?rest_route=%2Fwp%2Fv2%2Fmedia&parent=12081"}],"wp:term":[{"taxonomy":"category","embeddable":true,"href":"https:\/\/fajr.news\/index.php?rest_route=%2Fwp%2Fv2%2Fcategories&post=12081"},{"taxonomy":"post_tag","embeddable":true,"href":"https:\/\/fajr.news\/index.php?rest_route=%2Fwp%2Fv2%2Ftags&post=12081"}],"curies":[{"name":"wp","href":"https:\/\/api.w.org\/{rel}","templated":true}]}}