{"id":12073,"date":"2026-04-29T00:59:37","date_gmt":"2026-04-28T21:29:37","guid":{"rendered":"https:\/\/fajr.news\/?p=12073"},"modified":"2026-04-29T00:59:37","modified_gmt":"2026-04-28T21:29:37","slug":"birlesik-arap-emirlikleri-opec-ve-opectan-ayrildigini-acikladi","status":"publish","type":"post","link":"https:\/\/fajr.news\/?p=12073&lang=tr","title":{"rendered":"Birle\u015fik Arap Emirlikleri, OPEC ve OPEC+&#8217;tan Ayr\u0131ld\u0131\u011f\u0131n\u0131 A\u00e7\u0131klad\u0131"},"content":{"rendered":"<p>Birle\u015fik Arap Emirlikleri (BAE), Petrol \u0130hra\u00e7 Eden \u00dclkeler \u00d6rg\u00fct\u00fc (OPEC) ve OPEC+&#8217;tan \u00e7ekildi\u011fini duyurdu.<\/p>\n<p>BAE enerji bakanl\u0131\u011f\u0131 yapt\u0131\u011f\u0131 a\u00e7\u0131klamada, bu karar\u0131n \u00fcretim politikalar\u0131n\u0131n &#8220;kapsaml\u0131 bir incelemesinin&#8221; ard\u0131ndan al\u0131nd\u0131\u011f\u0131n\u0131 belirtti.<\/p>\n<p>A\u00e7\u0131klamada, &#8220;Arabistan K\u00f6rfezi ve H\u00fcrm\u00fcz Bo\u011faz\u0131&#8217;ndaki kesintiler de dahil olmak \u00fczere k\u0131sa vadeli dalgalanmalar arz dinamiklerini etkilemeye devam etse de, temel e\u011filimler orta ve uzun vadede k\u00fcresel enerji talebinde s\u00fcrd\u00fcr\u00fclebilir bir b\u00fcy\u00fcmeye i\u015faret etmektedir&#8221; ifadeleri yer ald\u0131.<\/p>\n<p>&#8220;Bu karar, onlarca y\u0131ll\u0131k yap\u0131c\u0131 i\u015fbirli\u011finin ard\u0131ndan gelmektedir. BAE, 1967&#8217;de Abu Dabi Emirli\u011fi arac\u0131l\u0131\u011f\u0131yla OPEC&#8217;e kat\u0131lm\u0131\u015f ve 1971&#8217;de Birle\u015fik Arap Emirlikleri&#8217;nin kurulmas\u0131n\u0131n ard\u0131ndan \u00fcyeli\u011fini s\u00fcrd\u00fcrm\u00fc\u015ft\u00fcr. Bu d\u00f6nem boyunca BAE, k\u00fcresel petrol piyasas\u0131 istikrar\u0131n\u0131 desteklemede ve \u00fcretici \u00fclkeler aras\u0131ndaki diyalo\u011fu g\u00fc\u00e7lendirmede aktif bir rol oynam\u0131\u015ft\u0131r.&#8221;<\/p>\n<p>OPEC d\u0131\u015f\u0131nda kalan BAE, \u00fcretimini art\u0131rma serbestli\u011fine sahip olacak ve bu durum k\u00fcresel enerji fiyatlar\u0131nda daha fazla istikrars\u0131zl\u0131\u011fa yol a\u00e7abilir.<\/p>\n<p>\u015eubat sonundan bu yana ABD-\u0130srail&#8217;in \u0130ran&#8217;a kar\u015f\u0131 y\u00fcr\u00fctt\u00fc\u011f\u00fc sava\u015f, BAE de dahil olmak \u00fczere bir\u00e7ok K\u00f6rfez \u00fclkesi \u00fczerinde y\u0131k\u0131c\u0131 bir etki yaratt\u0131.<\/p>\n<p>\u0130srail ile en yak\u0131n ili\u015fkiye sahip K\u00f6rfez \u00fclkesi olan BAE, binlerce \u0130ran balistik f\u00fczesi ve insans\u0131z hava arac\u0131yla hedef al\u0131nd\u0131; bu durum l\u00fcks turizm merkezi Dubai&#8217;nin cazibesini azaltt\u0131 ve petrol ihracat\u0131n\u0131 durma noktas\u0131na getirdi.<\/p>\n<p>Baz\u0131 K\u00f6rfez \u00fclkeleri \u0130ran ile diyalog \u00e7a\u011fr\u0131s\u0131 yaparken, BAE \u015fahin bir duru\u015f sergileyerek ABD&#8217;nin sava\u015f\u0131 s\u00fcrd\u00fcrmesi \u00e7a\u011fr\u0131s\u0131nda bulundu.<\/p>\n<p>Sal\u0131 g\u00fcn\u00fc, K\u00f6rfez liderleri Suudi Arabistan&#8217;\u0131n Cidde kentinde \u0130ran&#8217;a kar\u015f\u0131 sava\u015f\u0131 g\u00f6r\u00fc\u015fmek \u00fczere bir araya geldi. BAE D\u0131\u015fi\u015fleri Bakan\u0131 \u015eeyh Abdullah bin Zayed el-Nahyan, sava\u015f\u0131n ba\u015flamas\u0131ndan bu yana \u00fclkeler aras\u0131ndaki ilk y\u00fcz y\u00fcze g\u00f6r\u00fc\u015fme olan zirveye kat\u0131ld\u0131ktan sonra Cidde&#8217;den ayr\u0131ld\u0131.<\/p>\n<p>Analistler, BAE&#8217;nin \u0130ran konusundaki daha \u015fahin tutumunun k\u0131smen petrol ihracat\u0131 i\u00e7in H\u00fcrm\u00fcz Bo\u011faz\u0131&#8217;na olan ba\u011f\u0131ml\u0131l\u0131\u011f\u0131ndan ve BAE elitlerinin \u0130ran&#8217;\u0131n K\u00f6rfez&#8217;de b\u00f6lgesel bir g\u00fc\u00e7 olarak yerle\u015fmesini istememesinden kaynakland\u0131\u011f\u0131n\u0131 belirtiyor.<\/p>\n<p>Pazartesi g\u00fcn\u00fc BAE, \u0130srail-ABD&#8217;nin \u0130ran&#8217;a kar\u015f\u0131 sava\u015f\u0131na verilen tepki konusunda K\u00f6rfez m\u00fcttefiklerini ele\u015ftirdi.<\/p>\n<p>Ba\u015fkanl\u0131k dan\u0131\u015fman\u0131 Enver Garga\u015f, alt\u0131 \u00fcyeli K\u00f6rfez \u0130\u015fbirli\u011fi Konseyi&#8217;nin (K\u0130K) &#8211; \u00fcyelerinin yar\u0131s\u0131 ayn\u0131 zamanda OPEC \u00fcyesi &#8211; \u0130ran&#8217;\u0131n kendilerine y\u00f6nelik misilleme sald\u0131r\u0131lar\u0131n\u0131n ard\u0131ndan kolektif bir yan\u0131t veremedi\u011fini s\u00f6yledi.<\/p>\n<p>Garga\u015f, &#8220;Sald\u0131r\u0131n\u0131n do\u011fas\u0131 ve herkese y\u00f6nelik tehdidi g\u00f6z \u00f6n\u00fcne al\u0131nd\u0131\u011f\u0131nda, K\u0130K&#8217;in duru\u015fu tarihsel olarak en zay\u0131f\u0131yd\u0131&#8221; dedi.<\/p>\n<p>Chatham House&#8217;dan Neil Quilliam, &#8220;Mevcut \u00e7at\u0131\u015fma, k\u00fcresel piyasalardaki herhangi bir aksakl\u0131\u011f\u0131n muhtemelen s\u0131n\u0131rl\u0131 olaca\u011f\u0131 bir zamanda, BAE&#8217;nin konumunu yeniden de\u011ferlendirmesi i\u00e7in uygun bir pencere yaratt\u0131&#8221; dedi.<\/p>\n<p>Garga\u015f, Kahire merkezli 22 \u00fcyeli Orta Do\u011fu ve Kuzey Afrika \u00fclkeleri \u00f6rg\u00fct\u00fc olan Arap Birli\u011fi&#8217;nden &#8220;b\u00f6yle zay\u0131f bir duru\u015f bekledi\u011fini&#8221; ancak &#8220;K\u0130K&#8217;ten beklemedi\u011fini ve buna \u015fa\u015f\u0131rd\u0131\u011f\u0131n\u0131&#8221; Dubai&#8217;deki bir konferansta s\u00f6yledi.<\/p>\n<p>BAE ile OPEC&#8217;in fiili lideri Suudi Arabistan aras\u0131nda da Yemen&#8217;de (iki taraf\u0131n \u00e7at\u0131\u015fmada kar\u015f\u0131t taraflar\u0131 destekledi\u011fi) ve Sudan&#8217;da (Suudilerin Abu Dabi&#8217;nin H\u0131zl\u0131 Destek Kuvvetleri paramiliter g\u00fc\u00e7lerine deste\u011fine kar\u015f\u0131 \u00e7\u0131kt\u0131\u011f\u0131) dahil olmak \u00fczere \u00e7e\u015fitli konularda gerginlikler ya\u015fan\u0131yor.<\/p>\n<p>BAE enerji bakan\u0131na Reuters taraf\u0131ndan Suudi Arabistan&#8217;a OPEC karar\u0131nda dan\u0131\u015f\u0131l\u0131p dan\u0131\u015f\u0131lmad\u0131\u011f\u0131 soruldu\u011funda, Abu Dabi&#8217;nin kimseyle do\u011frudan isti\u015farede bulunmad\u0131\u011f\u0131n\u0131 s\u00f6yledi.<\/p>\n<p>Chatham House&#8217;da yard\u0131mc\u0131 ara\u015ft\u0131rmac\u0131 olan Neil Quilliam, Middle East Eye&#8217;a verdi\u011fi deme\u00e7te, Riyad ve Abu Dabi aras\u0131ndaki OPEC i\u00e7indeki kotalar ve temel hesaplamalar konusundaki uzun s\u00fcreli gerilimlerin, bu hamlenin bir \u00f6l\u00e7\u00fcde &#8220;beklenmedik olmad\u0131\u011f\u0131n\u0131&#8221; g\u00f6sterdi\u011fini s\u00f6yledi.<\/p>\n<p>Quilliam, &#8220;Mevcut \u00e7at\u0131\u015fma, k\u00fcresel piyasalardaki herhangi bir aksakl\u0131\u011f\u0131n muhtemelen s\u0131n\u0131rl\u0131 olaca\u011f\u0131 bir zamanda, BAE&#8217;nin konumunu yeniden de\u011ferlendirmesi i\u00e7in uygun bir pencere yaratt\u0131&#8221; dedi. &#8220;Grubun d\u0131\u015f\u0131na \u00e7\u0131karak, ko\u015fullar istikrara kavu\u015ftu\u011funda \u00fcretimi art\u0131rma konusunda daha fazla \u00f6zg\u00fcrl\u00fck kazanacak, ayn\u0131 zamanda daha y\u00fcksek gelir beklentisi de \u00fclkenin \u00e7at\u0131\u015fma sonras\u0131 toparlanmas\u0131n\u0131 destekleyecektir.&#8221;<\/p>\n<p>#BAE #OPEC #Petrol #EnerjiPiyasas\u0131 #K\u00f6rfez\u00dclkeleri #\u0130ran #SuudiArabistan #PetrolFiyatlar\u0131 #Ortado\u011fu #Jeopolitik<\/p>\n","protected":false},"excerpt":{"rendered":"<p>Birle\u015fik Arap Emirlikleri (BAE), Petrol \u0130hra\u00e7 Eden \u00dclkeler \u00d6rg\u00fct\u00fc (OPEC) ve OPEC+&#8217;tan \u00e7ekildi\u011fini duyurdu. BAE enerji bakanl\u0131\u011f\u0131 yapt\u0131\u011f\u0131 a\u00e7\u0131klamada, bu karar\u0131n \u00fcretim politikalar\u0131n\u0131n &#8220;kapsaml\u0131 bir incelemesinin&#8221; ard\u0131ndan al\u0131nd\u0131\u011f\u0131n\u0131 belirtti. A\u00e7\u0131klamada, &#8220;Arabistan K\u00f6rfezi ve H\u00fcrm\u00fcz Bo\u011faz\u0131&#8217;ndaki kesintiler de dahil olmak \u00fczere k\u0131sa vadeli dalgalanmalar arz dinamiklerini etkilemeye devam etse de, temel e\u011filimler orta ve uzun vadede [&hellip;]<\/p>\n","protected":false},"author":2,"featured_media":12074,"comment_status":"open","ping_status":"open","sticky":false,"template":"","format":"standard","meta":{"footnotes":""},"categories":[37],"tags":[],"class_list":["post-12073","post","type-post","status-publish","format-standard","has-post-thumbnail","hentry","category-orta-dogu-haberleri"],"_links":{"self":[{"href":"https:\/\/fajr.news\/index.php?rest_route=\/wp\/v2\/posts\/12073","targetHints":{"allow":["GET"]}}],"collection":[{"href":"https:\/\/fajr.news\/index.php?rest_route=\/wp\/v2\/posts"}],"about":[{"href":"https:\/\/fajr.news\/index.php?rest_route=\/wp\/v2\/types\/post"}],"author":[{"embeddable":true,"href":"https:\/\/fajr.news\/index.php?rest_route=\/wp\/v2\/users\/2"}],"replies":[{"embeddable":true,"href":"https:\/\/fajr.news\/index.php?rest_route=%2Fwp%2Fv2%2Fcomments&post=12073"}],"version-history":[{"count":0,"href":"https:\/\/fajr.news\/index.php?rest_route=\/wp\/v2\/posts\/12073\/revisions"}],"wp:featuredmedia":[{"embeddable":true,"href":"https:\/\/fajr.news\/index.php?rest_route=\/wp\/v2\/media\/12074"}],"wp:attachment":[{"href":"https:\/\/fajr.news\/index.php?rest_route=%2Fwp%2Fv2%2Fmedia&parent=12073"}],"wp:term":[{"taxonomy":"category","embeddable":true,"href":"https:\/\/fajr.news\/index.php?rest_route=%2Fwp%2Fv2%2Fcategories&post=12073"},{"taxonomy":"post_tag","embeddable":true,"href":"https:\/\/fajr.news\/index.php?rest_route=%2Fwp%2Fv2%2Ftags&post=12073"}],"curies":[{"name":"wp","href":"https:\/\/api.w.org\/{rel}","templated":true}]}}