{"id":12065,"date":"2026-04-29T00:48:47","date_gmt":"2026-04-28T21:18:47","guid":{"rendered":"https:\/\/fajr.news\/?p=12065"},"modified":"2026-04-29T00:48:47","modified_gmt":"2026-04-28T21:18:47","slug":"formula-1-ceosu-ortadogu-yarislarindan-birini-yeniden-planlamanin-bir-secenek-oldugunu-soyledi","status":"publish","type":"post","link":"https:\/\/fajr.news\/?p=12065&lang=tr","title":{"rendered":"Formula 1 CEO&#8217;su, Ortado\u011fu Yar\u0131\u015flar\u0131ndan Birini Yeniden Planlaman\u0131n Bir Se\u00e7enek Oldu\u011funu S\u00f6yledi"},"content":{"rendered":"<p>Formula 1 \u0130cra Kurulu Ba\u015fkan\u0131 Stefano Domenicali, \u0130ran sava\u015f\u0131 nedeniyle bu sezonun ba\u015flar\u0131nda iptal edilen iki Ortado\u011fu yar\u0131\u015f\u0131ndan sadece birinin yeniden takvime al\u0131nmas\u0131n\u0131n m\u00fcmk\u00fcn olabilece\u011fini belirtti. Bahreyn ve Suudi Arabistan Grand Prix&#8217;leri, \u00e7at\u0131\u015fmalar\u0131n ard\u0131ndan sezonun ilk b\u00f6l\u00fcm\u00fcnden \u00e7\u0131kar\u0131lm\u0131\u015f ve Nisan ay\u0131 yar\u0131\u015f takviminde bir bo\u015flu\u011fa yol a\u00e7m\u0131\u015ft\u0131. #Formula1 #F1 #StefanoDomenicali #Ortado\u011fuYar\u0131\u015flar\u0131 #Yar\u0131\u015fTakvimi #BahreynGP #SuudiArabistanGP #\u0130ranSava\u015f\u0131 #MotorSporlar\u0131 #Yar\u0131\u015f\u0130ptali<\/p>\n","protected":false},"excerpt":{"rendered":"<p>Formula 1 \u0130cra Kurulu Ba\u015fkan\u0131 Stefano Domenicali, \u0130ran sava\u015f\u0131 nedeniyle bu sezonun ba\u015flar\u0131nda iptal edilen iki Ortado\u011fu yar\u0131\u015f\u0131ndan sadece birinin yeniden takvime al\u0131nmas\u0131n\u0131n m\u00fcmk\u00fcn olabilece\u011fini belirtti. Bahreyn ve Suudi Arabistan Grand Prix&#8217;leri, \u00e7at\u0131\u015fmalar\u0131n ard\u0131ndan sezonun ilk b\u00f6l\u00fcm\u00fcnden \u00e7\u0131kar\u0131lm\u0131\u015f ve Nisan ay\u0131 yar\u0131\u015f takviminde bir bo\u015flu\u011fa yol a\u00e7m\u0131\u015ft\u0131. #Formula1 #F1 #StefanoDomenicali #Ortado\u011fuYar\u0131\u015flar\u0131 #Yar\u0131\u015fTakvimi #BahreynGP #SuudiArabistanGP #\u0130ranSava\u015f\u0131 [&hellip;]<\/p>\n","protected":false},"author":2,"featured_media":12066,"comment_status":"open","ping_status":"open","sticky":false,"template":"","format":"standard","meta":{"footnotes":""},"categories":[37],"tags":[],"class_list":["post-12065","post","type-post","status-publish","format-standard","has-post-thumbnail","hentry","category-orta-dogu-haberleri"],"_links":{"self":[{"href":"https:\/\/fajr.news\/index.php?rest_route=\/wp\/v2\/posts\/12065","targetHints":{"allow":["GET"]}}],"collection":[{"href":"https:\/\/fajr.news\/index.php?rest_route=\/wp\/v2\/posts"}],"about":[{"href":"https:\/\/fajr.news\/index.php?rest_route=\/wp\/v2\/types\/post"}],"author":[{"embeddable":true,"href":"https:\/\/fajr.news\/index.php?rest_route=\/wp\/v2\/users\/2"}],"replies":[{"embeddable":true,"href":"https:\/\/fajr.news\/index.php?rest_route=%2Fwp%2Fv2%2Fcomments&post=12065"}],"version-history":[{"count":0,"href":"https:\/\/fajr.news\/index.php?rest_route=\/wp\/v2\/posts\/12065\/revisions"}],"wp:featuredmedia":[{"embeddable":true,"href":"https:\/\/fajr.news\/index.php?rest_route=\/wp\/v2\/media\/12066"}],"wp:attachment":[{"href":"https:\/\/fajr.news\/index.php?rest_route=%2Fwp%2Fv2%2Fmedia&parent=12065"}],"wp:term":[{"taxonomy":"category","embeddable":true,"href":"https:\/\/fajr.news\/index.php?rest_route=%2Fwp%2Fv2%2Fcategories&post=12065"},{"taxonomy":"post_tag","embeddable":true,"href":"https:\/\/fajr.news\/index.php?rest_route=%2Fwp%2Fv2%2Ftags&post=12065"}],"curies":[{"name":"wp","href":"https:\/\/api.w.org\/{rel}","templated":true}]}}