{"id":12041,"date":"2026-04-29T00:09:45","date_gmt":"2026-04-28T20:39:45","guid":{"rendered":"https:\/\/fajr.news\/?p=12041"},"modified":"2026-04-29T00:09:45","modified_gmt":"2026-04-28T20:39:45","slug":"iran-savasi-canli-iran-ordusu-hala-savas-durumunda-korfez-liderleri-toplaniyor","status":"publish","type":"post","link":"https:\/\/fajr.news\/?p=12041&lang=tr","title":{"rendered":"\u0130ran Sava\u015f\u0131 Canl\u0131: \u0130ran Ordusu &#8216;Hala Sava\u015f Durumunda&#8217;; K\u00f6rfez Liderleri Toplan\u0131yor"},"content":{"rendered":"<p>Trump, \u0130ran ele\u015ftirisi sonras\u0131 Almanya Ba\u015fbakan\u0131&#8217;na tepki g\u00f6sterdi.<br \/>\nBa\u015fkan Donald Trump, Almanya Ba\u015fbakan\u0131 Friedrich Merz&#8217;i, Merz&#8217;in \u0130ranl\u0131lar\u0131n sava\u015f\u0131 sona erdirme g\u00f6r\u00fc\u015fmelerinde Amerika Birle\u015fik Devletleri&#8217;ni a\u015fa\u011f\u0131lad\u0131\u011f\u0131n\u0131 s\u00f6ylemesi \u00fczerine \u0130ran&#8217;daki sava\u015f konusunda ele\u015ftirdi.<br \/>\nTrump, Truth Social&#8217;daki bir g\u00f6nderisinde, &#8220;Almanya Ba\u015fbakan\u0131 Friedrich Merz, \u0130ran&#8217;\u0131n N\u00fckleer Silaha sahip olmas\u0131n\u0131n sorun olmad\u0131\u011f\u0131n\u0131 d\u00fc\u015f\u00fcn\u00fcyor. Neden bahsetti\u011fini bilmiyor!&#8221; diye yazd\u0131. Merz, \u0130ran&#8217;\u0131n n\u00fckleer silaha sahip olmamas\u0131 gerekti\u011fini belirtmi\u015fti.<br \/>\n\u00c7at\u0131\u015fmayla ilgili al\u0131\u015f\u0131lmad\u0131k derecede sert bir \u00e7\u0131k\u0131\u015f yapan Merz, Pazartesi g\u00fcn\u00fc yapt\u0131\u011f\u0131 a\u00e7\u0131klamada, \u0130ran liderli\u011finin Amerika Birle\u015fik Devletleri&#8217;ni a\u015fa\u011f\u0131lad\u0131\u011f\u0131n\u0131 ve ABD yetkililerini Pakistan&#8217;a seyahat ettirip ard\u0131ndan sonu\u00e7suz bir \u015fekilde ayr\u0131lmalar\u0131na neden oldu\u011funu s\u00f6yledi.<br \/>\nMerz ayr\u0131ca, ABD&#8217;nin \u0130ran sava\u015f\u0131nda hangi \u00e7\u0131k\u0131\u015f stratejisini izledi\u011fini g\u00f6rmedi\u011fini belirtti \u2013 bu yorumlar, Washington ile Avrupa&#8217;daki NATO m\u00fcttefikleri aras\u0131ndaki, Ukrayna ve di\u011fer konularda zaten s\u00fcregelen derin ayr\u0131l\u0131klar\u0131 vurgulad\u0131.<br \/>\nStratejik ve Uluslararas\u0131 \u00c7al\u0131\u015fmalar Merkezi (CSIS) taraf\u0131ndan haz\u0131rlanan yak\u0131n tarihli bir rapora g\u00f6re, Epic Fury Operasyonu \u0130ran ile yap\u0131lan k\u0131r\u0131lgan bir ate\u015fkesle \u015fimdilik duraklat\u0131lm\u0131\u015f olsa da, ABD sava\u015f \u00f6ncesi m\u00fchimmat\u0131n\u0131n yar\u0131s\u0131ndan fazlas\u0131n\u0131 t\u00fcketmi\u015f durumda.<br \/>\nCSIS&#8217;e g\u00f6re, ABD, \u0130srail ile birlikte \u0130ran&#8217;a kar\u015f\u0131 y\u00fcr\u00fctt\u00fc\u011f\u00fc sava\u015f\u0131n ilk 39 g\u00fcn\u00fcnde Tomahawk, Patriot ve di\u011fer f\u00fczelerden olu\u015fan stoklar\u0131n\u0131 yo\u011fun bir \u015fekilde kulland\u0131. Bu stoklar\u0131n yenilenmesi bir ila d\u00f6rt y\u0131l s\u00fcrebilir.<br \/>\nEski Pentagon yetkilisi Mark Cancian, Al Jazeera&#8217;ya yapt\u0131\u011f\u0131 a\u00e7\u0131klamada, ABD&#8217;li sava\u015f planlamac\u0131lar\u0131n\u0131n \u2013 sava\u015f ba\u015flamadan \u00f6nce bile &#8220;\u00c7in ile bir sava\u015f i\u00e7in envanterlerin yeterli olmad\u0131\u011f\u0131na&#8221; inand\u0131klar\u0131n\u0131 \u2013 \u015fimdi &#8220;olduk\u00e7a gergin&#8221; olduklar\u0131n\u0131 s\u00f6yledi.<br \/>\nCSIS raporunun ortak yazar\u0131 Cancian, &#8220;Yani burada bir g\u00fcvenlik a\u00e7\u0131\u011f\u0131 penceresi var. Bol miktarda m\u00fchimmat\u0131m\u0131z var, yani bir d\u00fc\u015fmana ta\u015f atacak duruma gelmeyece\u011fiz. Ancak bunlar tercih edilen m\u00fchimmatlar de\u011fil,&#8221; dedi.<br \/>\nAyn\u0131 zamanda, &#8220;Amerika Birle\u015fik Devletleri&#8217;nin \u0130ran&#8217;a sald\u0131rarak ordusunun neler yapabilece\u011fini g\u00f6sterdi\u011fini&#8221; de ekledi. Cancian, potansiyel d\u00fc\u015fmanlar\u0131n &#8220;buna bak\u0131p ABD ordusunun ba\u015flang\u0131\u00e7ta d\u00fc\u015f\u00fcnd\u00fcklerinden daha zorlu olup olmad\u0131\u011f\u0131n\u0131 merak etmeleri gerekti\u011fini&#8221; s\u00f6yledi.<br \/>\n\u0130ran ile sava\u015f endi\u015feleri art\u0131r\u0131rken Trump&#8217;\u0131n onay oran\u0131 yeni bir d\u00fc\u015f\u00fc\u015fle rekor seviyeye indi.<br \/>\nBa\u015fkan Trump&#8217;\u0131n onay oran\u0131, Amerikal\u0131lar\u0131n ya\u015fam maliyeti y\u00f6netimi ve \u0130ran ile pop\u00fcler olmayan sava\u015f konusundaki memnuniyetsizliklerinin artmas\u0131yla mevcut g\u00f6rev s\u00fcresinin en d\u00fc\u015f\u00fck seviyesine geriledi.<br \/>\nYeni bir Reuters\/Ipsos anketine g\u00f6re, Amerikal\u0131lar\u0131n y\u00fczde 34&#8217;\u00fc Trump&#8217;\u0131n Beyaz Saray&#8217;daki performans\u0131n\u0131 onaylarken, bu oran \u00f6nceki ankette y\u00fczde 36 idi.<br \/>\nTrump&#8217;\u0131n ABD kamuoyundaki konumu, Ocak 2025&#8217;te g\u00f6reve ba\u015flad\u0131\u011f\u0131ndan bu yana d\u00fc\u015f\u00fc\u015f e\u011filimi g\u00f6sterdi; o zaman Amerikal\u0131lar\u0131n y\u00fczde 47&#8217;si ona olumlu oy vermi\u015fti.<br \/>\nPop\u00fclaritesi, ABD ve \u0130srail&#8217;in 28 \u015eubat&#8217;ta \u0130ran&#8217;a kar\u015f\u0131 ba\u015flatt\u0131\u011f\u0131 ve benzin fiyatlar\u0131nda art\u0131\u015fa yol a\u00e7an sava\u015ftan bu yana darbe ald\u0131.<br \/>\nAnket kat\u0131l\u0131mc\u0131lar\u0131n\u0131n sadece y\u00fczde 22&#8217;si Trump&#8217;\u0131n ya\u015fam maliyeti performans\u0131n\u0131 onaylarken, bu oran y\u00fczde 25&#8217;ten d\u00fc\u015f\u00fc\u015f g\u00f6sterdi.<br \/>\n\u0130srail&#8217;in Sur b\u00f6lgesinde, \u0130srail s\u0131n\u0131r\u0131na yak\u0131n Majdal Zoun kasabas\u0131na y\u00f6nelik sald\u0131r\u0131s\u0131yla ilgili g\u00fcncellemeler al\u0131yoruz. L\u00fcbnan Sa\u011fl\u0131k Bakanl\u0131\u011f\u0131, hava sald\u0131r\u0131s\u0131nda en az be\u015f ki\u015finin hayat\u0131n\u0131 kaybetti\u011fini, bunlar\u0131n aras\u0131nda daha \u00f6nceki bir sald\u0131r\u0131dan sonra enkaz alt\u0131nda kalan \u00fc\u00e7 sa\u011fl\u0131k g\u00f6revlisinin de bulundu\u011funu belirtti. Kurtarma ekibine e\u015flik eden en az iki L\u00fcbnan askeri de yaraland\u0131.<br \/>\nABD&#8217;nin tek &#8216;\u00f6zel ili\u015fkisi&#8217; \u0130srail ile.<br \/>\nLondra ile Washington aras\u0131ndaki s\u00f6zde &#8220;\u00f6zel ili\u015fki&#8221;, ABD-\u0130srail&#8217;in \u0130ran&#8217;a kar\u015f\u0131 y\u00fcr\u00fctt\u00fc\u011f\u00fc sava\u015f nedeniyle k\u00f6t\u00fcle\u015fti. Bu durum, ABD Ba\u015fkan\u0131 Trump&#8217;\u0131n \u0130ngiltere Ba\u015fbakan\u0131 Keir Starmer&#8217;a, \u0130ran&#8217;a y\u00f6nelik sald\u0131r\u0131lar\u0131 desteklemeyi reddetti\u011fi i\u00e7in &#8220;Churchill de\u011fil&#8221; diyerek \u00e7\u0131k\u0131\u015fmas\u0131na neden oldu.<br \/>\n\u015eimdi, Kral III. Charles&#8217;\u0131n Washington DC&#8217;de Trump&#8217;\u0131 ziyaret etmesiyle birlikte, Financial Times gazetesi, \u0130ngiltere&#8217;nin ABD B\u00fcy\u00fckel\u00e7isi Christian Turner&#8217;\u0131n yak\u0131n zamanda ABD&#8217;nin tek &#8220;\u00f6zel ili\u015fkisinin&#8221; &#8220;muhtemelen \u0130srail&#8221; oldu\u011funu belirtti\u011fini bildirdi. Turner&#8217;\u0131n yorumlar\u0131, \u015eubat ortas\u0131nda Washington&#8217;\u0131 ziyaret eden \u0130ngiliz \u00f6\u011frencilerle yap\u0131lan bir etkinlikte kaydedildi.<br \/>\nABD-\u0130ran m\u00fczakerelerinin \u00e7\u0131kmaza girmesi \u00fczerine, ABD Hazine Bakanl\u0131\u011f\u0131, \u0130ran&#8217;\u0131n &#8220;g\u00f6lge bankac\u0131l\u0131k&#8221; a\u011flar\u0131nda rol oynayan 35 \u0130ranl\u0131 kurulu\u015f ve ki\u015fiye yapt\u0131r\u0131m uygulayaca\u011f\u0131n\u0131 duyurdu. Hazine Bakan\u0131 Scott Bessent, belirlenen kurulu\u015flar ve ki\u015filer taraf\u0131ndan aktar\u0131lan on milyarlarca dolarl\u0131k yasa d\u0131\u015f\u0131 fonlar\u0131n, \u0130ran&#8217;\u0131n &#8220;ter\u00f6r operasyonlar\u0131n\u0131&#8221; destekledi\u011fini s\u00f6yledi. Yabanc\u0131 Varl\u0131klar Kontrol Ofisi, H\u00fcrm\u00fcz Bo\u011faz\u0131&#8217;ndan ge\u00e7i\u015f i\u00e7in \u0130ran&#8217;a &#8220;ge\u00e7i\u015f \u00fccreti&#8221; \u00f6deyen herhangi bir firman\u0131n &#8220;\u00f6nemli yapt\u0131r\u0131mlarla&#8221; kar\u015f\u0131la\u015faca\u011f\u0131n\u0131 belirtti.<br \/>\nD\u00fcnya Bankas\u0131&#8217;na g\u00f6re, \u0130ran&#8217;a kar\u015f\u0131 sava\u015f\u0131n k\u00fcresel emtia piyasalar\u0131n\u0131 \u015foka u\u011fratmas\u0131yla enerji fiyatlar\u0131n\u0131n bu y\u0131l y\u00fczde 24 artarak 2022&#8217;deki Rusya&#8217;n\u0131n Ukrayna&#8217;y\u0131 i\u015fgalinden bu yana en y\u00fcksek seviyeye \u00e7\u0131kmas\u0131 bekleniyor. Banka, en son Emtia Piyasalar\u0131 G\u00f6r\u00fcn\u00fcm\u00fc raporunda, genel emtia fiyatlar\u0131n\u0131n 2026&#8217;da y\u00fczde 16 artaca\u011f\u0131n\u0131, bunun y\u00fcksek enerji ve g\u00fcbre fiyatlar\u0131 ile baz\u0131 \u00f6nemli metallerin rekor seviyedeki fiyatlar\u0131ndan kaynaklanaca\u011f\u0131n\u0131 tahmin etti. D\u00fcnya Bankas\u0131, en \u015fiddetli kesintilerin May\u0131s ay\u0131nda sona ermesi ve H\u00fcrm\u00fcz Bo\u011faz\u0131&#8217;ndaki nakliyenin 2026 sonuna kadar sava\u015f \u00f6ncesi seviyelere kademeli olarak d\u00f6nmesi varsay\u0131m\u0131yla, Brent ham petrol\u00fcn\u00fcn 2026&#8217;da varil ba\u015f\u0131na ortalama 86 dolar olmas\u0131n\u0131 bekliyor (2025&#8217;teki 69 dolardan art\u0131\u015fla). Rapor, k\u00fcresel deniz yoluyla ham petrol ticaretinin y\u00fczde 35&#8217;ini kar\u015f\u0131layan H\u00fcrm\u00fcz Bo\u011faz\u0131&#8217;ndaki enerji altyap\u0131s\u0131na y\u00f6nelik sald\u0131r\u0131lar\u0131n ve nakliye kesintilerinin, k\u00fcresel petrol arz\u0131n\u0131 ba\u015flang\u0131\u00e7ta g\u00fcnl\u00fck 10 milyon varil azaltarak rekor seviyedeki en b\u00fcy\u00fck petrol arz \u015fokunu tetikledi\u011fini belirtti.<br \/>\nBAE, Petrol \u0130hra\u00e7 Eden \u00dclkeler \u00d6rg\u00fct\u00fc&#8217;nden (OPEC) ayr\u0131ld\u0131\u011f\u0131n\u0131 duyurdu. BAE, OPEC&#8217;in \u00fc\u00e7\u00fcnc\u00fc en b\u00fcy\u00fck \u00fcreticisidir. Ayr\u0131ca daha geni\u015f OPEC+ ittifak\u0131ndan da \u00e7ekilecek. A\u015fa\u011f\u0131daki r\u00f6portaj\u0131 izleyin:<br \/>\nL\u00fcbnan ordusu, \u0130srail&#8217;in &#8220;vatanda\u015f kurtarma operasyonu&#8221; y\u00fcr\u00fcten bir devriyeyi hedef almas\u0131 sonucu iki L\u00fcbnan askerinin yaraland\u0131\u011f\u0131n\u0131 bildirdi. A\u00e7\u0131klamada, askerlerin &#8220;sivil savunma unsurlar\u0131 ve iki sivil buldozerle&#8221; birlikte g\u00f6revlendirildi\u011fi belirtildi. Sald\u0131r\u0131, Sur b\u00f6lgesinde, \u0130srail s\u0131n\u0131r\u0131na yak\u0131n Majdal Zoun kasabas\u0131nda ger\u00e7ekle\u015fti.<br \/>\n#\u0130ranSava\u015f\u0131 #ABD\u0130ranGerilimi #Trump #Yapt\u0131r\u0131mlar #EnerjiPiyasalar\u0131 #H\u00fcrm\u00fczBo\u011faz\u0131 #\u0130srailL\u00fcbnan #OPEC #K\u00fcreselEkonomi #Sava\u015fEkonomisi<\/p>\n","protected":false},"excerpt":{"rendered":"<p>Trump, \u0130ran ele\u015ftirisi sonras\u0131 Almanya Ba\u015fbakan\u0131&#8217;na tepki g\u00f6sterdi. Ba\u015fkan Donald Trump, Almanya Ba\u015fbakan\u0131 Friedrich Merz&#8217;i, Merz&#8217;in \u0130ranl\u0131lar\u0131n sava\u015f\u0131 sona erdirme g\u00f6r\u00fc\u015fmelerinde Amerika Birle\u015fik Devletleri&#8217;ni a\u015fa\u011f\u0131lad\u0131\u011f\u0131n\u0131 s\u00f6ylemesi \u00fczerine \u0130ran&#8217;daki sava\u015f konusunda ele\u015ftirdi. Trump, Truth Social&#8217;daki bir g\u00f6nderisinde, &#8220;Almanya Ba\u015fbakan\u0131 Friedrich Merz, \u0130ran&#8217;\u0131n N\u00fckleer Silaha sahip olmas\u0131n\u0131n sorun olmad\u0131\u011f\u0131n\u0131 d\u00fc\u015f\u00fcn\u00fcyor. Neden bahsetti\u011fini bilmiyor!&#8221; diye yazd\u0131. Merz, \u0130ran&#8217;\u0131n [&hellip;]<\/p>\n","protected":false},"author":2,"featured_media":12042,"comment_status":"open","ping_status":"open","sticky":false,"template":"","format":"standard","meta":{"footnotes":""},"categories":[37],"tags":[],"class_list":["post-12041","post","type-post","status-publish","format-standard","has-post-thumbnail","hentry","category-orta-dogu-haberleri"],"_links":{"self":[{"href":"https:\/\/fajr.news\/index.php?rest_route=\/wp\/v2\/posts\/12041","targetHints":{"allow":["GET"]}}],"collection":[{"href":"https:\/\/fajr.news\/index.php?rest_route=\/wp\/v2\/posts"}],"about":[{"href":"https:\/\/fajr.news\/index.php?rest_route=\/wp\/v2\/types\/post"}],"author":[{"embeddable":true,"href":"https:\/\/fajr.news\/index.php?rest_route=\/wp\/v2\/users\/2"}],"replies":[{"embeddable":true,"href":"https:\/\/fajr.news\/index.php?rest_route=%2Fwp%2Fv2%2Fcomments&post=12041"}],"version-history":[{"count":0,"href":"https:\/\/fajr.news\/index.php?rest_route=\/wp\/v2\/posts\/12041\/revisions"}],"wp:featuredmedia":[{"embeddable":true,"href":"https:\/\/fajr.news\/index.php?rest_route=\/wp\/v2\/media\/12042"}],"wp:attachment":[{"href":"https:\/\/fajr.news\/index.php?rest_route=%2Fwp%2Fv2%2Fmedia&parent=12041"}],"wp:term":[{"taxonomy":"category","embeddable":true,"href":"https:\/\/fajr.news\/index.php?rest_route=%2Fwp%2Fv2%2Fcategories&post=12041"},{"taxonomy":"post_tag","embeddable":true,"href":"https:\/\/fajr.news\/index.php?rest_route=%2Fwp%2Fv2%2Ftags&post=12041"}],"curies":[{"name":"wp","href":"https:\/\/api.w.org\/{rel}","templated":true}]}}