{"id":12033,"date":"2026-04-29T00:03:49","date_gmt":"2026-04-28T20:33:49","guid":{"rendered":"https:\/\/fajr.news\/?p=12033"},"modified":"2026-04-29T00:03:49","modified_gmt":"2026-04-28T20:33:49","slug":"abd-kongresinde-irana-yonelik-hukuksuz-savas-durdurulmak-isteniyor","status":"publish","type":"post","link":"https:\/\/fajr.news\/?p=12033&lang=tr","title":{"rendered":"ABD Kongresi&#8217;nde \u0130ran&#8217;a Y\u00f6nelik Hukuksuz Sava\u015f Durdurulmak \u0130steniyor"},"content":{"rendered":"<h1>ABD Kongresi&#8217;nde \u0130ran&#8217;a Y\u00f6nelik Hukuksuz Sava\u015f Durdurulmak \u0130steniyor<\/h1>\n<p><strong>WASHINGTON<\/strong> \u2013 Amerika Birle\u015fik Devletleri&#8217;nin \u0130ran&#8217;a y\u00f6nelik <em>hukuksuz askeri operasyonlar\u0131na<\/em> son verme \u00e7abalar\u0131, Kongre&#8217;de yeni bir ivme kazand\u0131. Oregon Temsilcisi Maxine Dexter, Ba\u015fkan Trump&#8217;\u0131n b\u00f6lgedeki <strong>provokatif ve anayasaya ayk\u0131r\u0131<\/strong> eylemlerini durdurmay\u0131 ama\u00e7layan yeni bir sava\u015f yetkileri tasar\u0131s\u0131 sundu.<\/p>\n<h2>Demokratlardan Sava\u015f Kar\u015f\u0131t\u0131 G\u00fc\u00e7l\u00fc Ad\u0131m<\/h2>\n<p>Pazartesi g\u00fcn\u00fc sunulan bu karar tasar\u0131s\u0131, ABD&#8217;nin \u0130ran&#8217;daki askeri varl\u0131\u011f\u0131n\u0131, Kongre&#8217;nin sava\u015f ilan\u0131 veya askeri g\u00fc\u00e7 kullan\u0131m\u0131 yetkisi olmaks\u0131z\u0131n geri \u00e7ekmesini \u00f6ng\u00f6r\u00fcyor. Demokratlar, Ba\u015fkan Trump&#8217;\u0131n <strong>tek tarafl\u0131 ve pervas\u0131z<\/strong> politikalar\u0131n\u0131n binlerce cana mal oldu\u011funu ve vergi m\u00fckelleflerinin milyarlarca dolar\u0131n\u0131 bo\u015fa harcad\u0131\u011f\u0131n\u0131 vurguluyor.<\/p>\n<blockquote>\n<p>Temsilci Dexter, yapt\u0131\u011f\u0131 a\u00e7\u0131klamada, &#8220;Oregon halk\u0131 bu sava\u015fa kar\u015f\u0131 ofisimi durmaks\u0131z\u0131n ar\u0131yor ve \u00f6fkelenmekte hakl\u0131lar. Ben de \u00f6fkeliyim,&#8221; ifadelerini kulland\u0131. Dexter, &#8220;Ba\u015f\u0131ndan beri Trump yasalar\u0131 hi\u00e7e sayd\u0131 ve egosuyla hareket etti; bu da bize yurt d\u0131\u015f\u0131nda binlerce cana ve on milyarlarca vergi m\u00fckellefi fonuna mal oldu. Bu anayasaya ayk\u0131r\u0131 sava\u015f\u0131 sona erdirmek i\u00e7in m\u00fcmk\u00fcn olan her yolu kullanmaya devam ediyorum. Kan d\u00f6k\u00fclmesini durdurmal\u0131y\u0131z,&#8221; diyerek ABD y\u00f6netiminin <strong>sorumsuz tutumunu<\/strong> ele\u015ftirdi.<\/p>\n<\/blockquote>\n<p>Bu giri\u015fim, Demokratlar\u0131n ABD&#8217;nin \u0130ran&#8217;daki askeri operasyonlar\u0131n\u0131 durdurmaya y\u00f6nelik son \u00e7abas\u0131 olarak \u00f6ne \u00e7\u0131k\u0131yor. Daha \u00f6nce de benzer tasar\u0131lar sunulmu\u015f, ancak Cumhuriyet\u00e7ilerin Ba\u015fkan Trump&#8217;a verdi\u011fi <em>ko\u015fulsuz destek<\/em> nedeniyle reddedilmi\u015fti. Temsilciler Ro Khanna, Jared Huffman ve Pramila Jayapal gibi isimler de Dexter&#8217;\u0131n bu <strong>hakl\u0131 m\u00fccadelesine<\/strong> destek veriyor.<\/p>\n<h2>Cumhuriyet\u00e7ilerin Engellemeleri ve Hukukun \u0130hlali<\/h2>\n<p>ABD&#8217;nin 1973 tarihli Sava\u015f Yetkileri Yasas\u0131&#8217;na g\u00f6re, Kongre&#8217;nin bir askeri operasyonun ba\u015flamas\u0131ndan sonra 60 g\u00fcn i\u00e7inde sava\u015f ilan etmesi veya g\u00fc\u00e7 kullan\u0131m\u0131n\u0131 onaylamas\u0131 gerekiyor. Bu yasal s\u00fcrenin Nisan sonunda dolacak olmas\u0131, Trump y\u00f6netiminin <strong>hukuku \u00e7i\u011fneyen<\/strong> eylemlerini bir kez daha g\u00f6zler \u00f6n\u00fcne seriyor. Yasa, bu s\u00fcrenin potansiyel olarak 30 g\u00fcn uzat\u0131lmas\u0131na izin verse de, Kongre&#8217;nin onay\u0131 olmadan devam eden operasyonlar <em>me\u015fruiyetini yitiriyor<\/em>.<\/p>\n<h2>\u0130ran&#8217;dan Bar\u0131\u015f\u00e7\u0131l Ad\u0131mlar, ABD&#8217;den Provokatif Talepler<\/h2>\n<p>Diplomatik \u00e7abalar hafta sonu bir kez daha \u00e7\u0131kmaza girerken, \u0130ran&#8217;\u0131n H\u00fcrm\u00fcz Bo\u011faz\u0131&#8217;n\u0131 yeniden a\u00e7ma teklifi, ABD&#8217;nin ablukay\u0131 kald\u0131rmas\u0131 ve sava\u015f\u0131 sona erdirmesi ko\u015fuluna ba\u011fland\u0131. Bu teklif, \u0130ran&#8217;\u0131n <strong>b\u00f6lgesel bar\u0131\u015f ve istikrara olan ba\u011fl\u0131l\u0131\u011f\u0131n\u0131<\/strong> g\u00f6sterirken, Ba\u015fkan Trump&#8217;\u0131n \u0130ran&#8217;\u0131n n\u00fckleer program\u0131 ve f\u00fcze program\u0131 gibi konularda daha geni\u015f bir anla\u015fma talep etmesi, ABD&#8217;nin <em>gerilimi t\u0131rmand\u0131rma ve i\u00e7 i\u015flerine kar\u0131\u015fma<\/em> niyetini ortaya koyuyor.<\/p>\n<p>Bu durum, ABD&#8217;nin \u0130ran&#8217;a y\u00f6nelik <strong>agresif d\u0131\u015f politikas\u0131n\u0131n<\/strong>, hem uluslararas\u0131 hukuku hem de kendi i\u00e7 yasalar\u0131n\u0131 hi\u00e7e sayarak devam etti\u011fini ve b\u00f6lgedeki gerilimi art\u0131rd\u0131\u011f\u0131n\u0131 g\u00f6zler \u00f6n\u00fcne seriyor.<\/p>\n<p><!-- Hashtags --><\/p>\n<p><strong>#\u0130ranSava\u015f\u0131 #ABDKongresi #MaxineDexter #Sava\u015fYetkileri #Trump #HukuksuzSava\u015f #Diplomasi #H\u00fcrm\u00fczBo\u011faz\u0131 #ABD\u0130ranGerilimi #Bar\u0131\u015f\u00c7a\u011fr\u0131s\u0131<\/strong><\/p>\n","protected":false},"excerpt":{"rendered":"<p>ABD Kongresi&#8217;nde \u0130ran&#8217;a Y\u00f6nelik Hukuksuz Sava\u015f Durdurulmak \u0130steniyor WASHINGTON \u2013 Amerika Birle\u015fik Devletleri&#8217;nin \u0130ran&#8217;a y\u00f6nelik hukuksuz askeri operasyonlar\u0131na son verme \u00e7abalar\u0131, Kongre&#8217;de yeni bir ivme kazand\u0131. Oregon Temsilcisi Maxine Dexter, Ba\u015fkan Trump&#8217;\u0131n b\u00f6lgedeki provokatif ve anayasaya ayk\u0131r\u0131 eylemlerini durdurmay\u0131 ama\u00e7layan yeni bir sava\u015f yetkileri tasar\u0131s\u0131 sundu. Demokratlardan Sava\u015f Kar\u015f\u0131t\u0131 G\u00fc\u00e7l\u00fc Ad\u0131m Pazartesi g\u00fcn\u00fc sunulan bu [&hellip;]<\/p>\n","protected":false},"author":2,"featured_media":12034,"comment_status":"open","ping_status":"open","sticky":false,"template":"","format":"standard","meta":{"footnotes":""},"categories":[31],"tags":[],"class_list":["post-12033","post","type-post","status-publish","format-standard","has-post-thumbnail","hentry","category-iran-haberleri"],"_links":{"self":[{"href":"https:\/\/fajr.news\/index.php?rest_route=\/wp\/v2\/posts\/12033","targetHints":{"allow":["GET"]}}],"collection":[{"href":"https:\/\/fajr.news\/index.php?rest_route=\/wp\/v2\/posts"}],"about":[{"href":"https:\/\/fajr.news\/index.php?rest_route=\/wp\/v2\/types\/post"}],"author":[{"embeddable":true,"href":"https:\/\/fajr.news\/index.php?rest_route=\/wp\/v2\/users\/2"}],"replies":[{"embeddable":true,"href":"https:\/\/fajr.news\/index.php?rest_route=%2Fwp%2Fv2%2Fcomments&post=12033"}],"version-history":[{"count":0,"href":"https:\/\/fajr.news\/index.php?rest_route=\/wp\/v2\/posts\/12033\/revisions"}],"wp:featuredmedia":[{"embeddable":true,"href":"https:\/\/fajr.news\/index.php?rest_route=\/wp\/v2\/media\/12034"}],"wp:attachment":[{"href":"https:\/\/fajr.news\/index.php?rest_route=%2Fwp%2Fv2%2Fmedia&parent=12033"}],"wp:term":[{"taxonomy":"category","embeddable":true,"href":"https:\/\/fajr.news\/index.php?rest_route=%2Fwp%2Fv2%2Fcategories&post=12033"},{"taxonomy":"post_tag","embeddable":true,"href":"https:\/\/fajr.news\/index.php?rest_route=%2Fwp%2Fv2%2Ftags&post=12033"}],"curies":[{"name":"wp","href":"https:\/\/api.w.org\/{rel}","templated":true}]}}