{"id":12009,"date":"2026-04-28T23:19:07","date_gmt":"2026-04-28T19:49:07","guid":{"rendered":"https:\/\/fajr.news\/?p=12009"},"modified":"2026-04-28T23:19:07","modified_gmt":"2026-04-28T19:49:07","slug":"orta-dogu-halkla-iliskiler-dernegi-2026-mepra-odulleri-basvurularini-acti","status":"publish","type":"post","link":"https:\/\/fajr.news\/?p=12009&lang=tr","title":{"rendered":"Orta Do\u011fu Halkla \u0130li\u015fkiler Derne\u011fi, 2026 MEPRA \u00d6d\u00fclleri ba\u015fvurular\u0131n\u0131 a\u00e7t\u0131"},"content":{"rendered":"<p>Orta Do\u011fu Halkla \u0130li\u015fkiler Derne\u011fi (MEPRA), 2026 MEPRA \u00d6d\u00fclleri i\u00e7in ba\u015fvuru s\u00fcrecini resmen ba\u015flatt\u0131. Bu y\u0131l, derne\u011fin Orta Do\u011fu genelinde ileti\u015fim mesle\u011fini desteklemesinin 25. y\u0131l d\u00f6n\u00fcm\u00fc olmas\u0131 nedeniyle \u00f6zel bir \u00f6nem ta\u015f\u0131yor. Halkla ili\u015fkiler ve ileti\u015fim alan\u0131ndaki ola\u011fan\u00fcst\u00fc ba\u015far\u0131lar\u0131 takdir eden MEPRA \u00d6d\u00fclleri, bu \u00f6zel d\u00f6n\u00fcm noktas\u0131n\u0131 26 Kas\u0131m 2026 tarihinde Dubai&#8217;de d\u00fczenlenecek g\u00f6rkemli bir t\u00f6renle kutlayacak.<\/p>\n<p>MEPRA \u00d6d\u00fclleri&#8217;ne halkla ili\u015fkiler dan\u0131\u015fmanl\u0131klar\u0131, serbest \u00e7al\u0131\u015fanlar, \u015firket i\u00e7i ekipler, dijital ajanslar, medya sahipleri, \u00f6\u011frenciler ve akademisyenler ba\u015fvurabilir. Ba\u015fvurular, merkezi Orta Do\u011fu b\u00f6lgesinde bulunan veya bu b\u00f6lgede aktif olarak faaliyet g\u00f6steren kurulu\u015flardan kabul edilmektedir. Ba\u015fvurular, sekt\u00f6rler, kampanyalar ve bireysel profesyonel m\u00fckemmellik dahil olmak \u00fczere kapsaml\u0131 bir kategori yelpazesinde de\u011ferlendirilecektir.<\/p>\n<p>Erken ba\u015fvuru d\u00f6nemi 25 May\u0131s 2026 Pazartesi g\u00fcn\u00fc K\u00f6rfez Standart Saati ile 23:59&#8217;da sona erecek, son ba\u015fvuru tarihi ise 16 Temmuz 2026 Per\u015fembe g\u00fcn\u00fc yine K\u00f6rfez Standart Saati ile 23:59 olarak belirlendi. Finalistler, 19 Ekim 2026 haftas\u0131nda a\u00e7\u0131klanacak.<\/p>\n<p>2026 \u00d6d\u00fclleri, t\u00fcm kategorilerdeki ba\u015fvurular\u0131n prestijini, g\u00fcvenilirli\u011fini ve kalitesini art\u0131rmak amac\u0131yla \u00e7e\u015fitli \u00f6nemli iyile\u015ftirmeler sunuyor:<br \/>\n*   **Titizlikle yap\u0131land\u0131r\u0131lm\u0131\u015f j\u00fcri s\u00fcreci:** B\u00f6lgeden 100&#8217;den fazla k\u0131demli sekt\u00f6r profesyoneli, \u00e7e\u015fitli j\u00fcride g\u00f6rev alacak. S\u00fcreci denetlemek ve tutars\u0131zl\u0131klar\u0131 g\u00f6zden ge\u00e7irerek adaleti garanti alt\u0131na almak i\u00e7in ba\u011f\u0131ms\u0131z bir hakem(ler) g\u00f6rev yapacak.<br \/>\n*   **Geli\u015ftirilmi\u015f de\u011ferlendirme \u00e7er\u00e7evesi:** G\u00fcncellenmi\u015f kriterler ve rafine edilmi\u015f bir de\u011ferlendirme \u00e7er\u00e7evesi, daha stratejik, etkili ve sonu\u00e7 odakl\u0131 ba\u015fvurular\u0131 te\u015fvik edecek. J\u00fcri \u00fcyeleri, yeni standartlara uygun olarak daha yap\u0131land\u0131r\u0131lm\u0131\u015f bir puanlama yakla\u015f\u0131m\u0131 uygulayacak.<br \/>\n*   **Yeni kupa tasar\u0131m\u0131:** 25. y\u0131l kutlamalar\u0131n\u0131n bir par\u00e7as\u0131 olarak, yeni bir \u00f6d\u00fcl kupas\u0131 tasar\u0131m\u0131, \u00f6d\u00fcllerin evrimini ve b\u00f6lgesel ileti\u015fimin gelece\u011fini sembolize edecek.<\/p>\n<p>MEPRA Y\u00f6netim Kurulu Ba\u015fkan\u0131 Justin Kerr-Stevens, konuyla ilgili yapt\u0131\u011f\u0131 a\u00e7\u0131klamada, &#8220;MEPRA \u00d6d\u00fclleri, Orta Do\u011fu&#8217;nun ileti\u015fim manzaras\u0131n\u0131 \u015fekillendiren bireyleri, ekipleri ve kampanyalar\u0131 \u00f6ne \u00e7\u0131karm\u0131\u015ft\u0131r. 25 y\u0131ll\u0131k d\u00f6n\u00fcm noktam\u0131z\u0131 kutlarken, \u00f6d\u00fcllerin b\u00fct\u00fcnl\u00fc\u011f\u00fcn\u00fc, \u015feffafl\u0131\u011f\u0131n\u0131 ve prestijini \u00f6nemli \u00f6l\u00e7\u00fcde g\u00fc\u00e7lendiren iyile\u015ftirmeleri sunmaktan gurur duyuyoruz. Bu de\u011fi\u015fiklikler, sekt\u00f6r\u00fcm\u00fcz\u00fcn kat etti\u011fi mesafeyi ve gelece\u011fe y\u00f6nelik iddial\u0131 bak\u0131\u015f a\u00e7\u0131m\u0131z\u0131 yans\u0131tmaktad\u0131r&#8221; dedi.<\/p>\n<p>#MEPRA\u00d6d\u00fclleri #Halkla\u0130li\u015fkiler #\u0130leti\u015fim\u00d6d\u00fclleri #OrtaDo\u011fu #MEPRA25Y\u0131l #DubaiEtkinlikleri #PR\u00d6d\u00fclleri #Sekt\u00f6rBa\u015far\u0131lar\u0131 #\u0130leti\u015fimSekt\u00f6r\u00fc #Ba\u015fvuruA\u00e7\u0131k<\/p>\n","protected":false},"excerpt":{"rendered":"<p>Orta Do\u011fu Halkla \u0130li\u015fkiler Derne\u011fi (MEPRA), 2026 MEPRA \u00d6d\u00fclleri i\u00e7in ba\u015fvuru s\u00fcrecini resmen ba\u015flatt\u0131. Bu y\u0131l, derne\u011fin Orta Do\u011fu genelinde ileti\u015fim mesle\u011fini desteklemesinin 25. y\u0131l d\u00f6n\u00fcm\u00fc olmas\u0131 nedeniyle \u00f6zel bir \u00f6nem ta\u015f\u0131yor. Halkla ili\u015fkiler ve ileti\u015fim alan\u0131ndaki ola\u011fan\u00fcst\u00fc ba\u015far\u0131lar\u0131 takdir eden MEPRA \u00d6d\u00fclleri, bu \u00f6zel d\u00f6n\u00fcm noktas\u0131n\u0131 26 Kas\u0131m 2026 tarihinde Dubai&#8217;de d\u00fczenlenecek g\u00f6rkemli bir [&hellip;]<\/p>\n","protected":false},"author":2,"featured_media":12010,"comment_status":"open","ping_status":"open","sticky":false,"template":"","format":"standard","meta":{"footnotes":""},"categories":[37],"tags":[],"class_list":["post-12009","post","type-post","status-publish","format-standard","has-post-thumbnail","hentry","category-orta-dogu-haberleri"],"_links":{"self":[{"href":"https:\/\/fajr.news\/index.php?rest_route=\/wp\/v2\/posts\/12009","targetHints":{"allow":["GET"]}}],"collection":[{"href":"https:\/\/fajr.news\/index.php?rest_route=\/wp\/v2\/posts"}],"about":[{"href":"https:\/\/fajr.news\/index.php?rest_route=\/wp\/v2\/types\/post"}],"author":[{"embeddable":true,"href":"https:\/\/fajr.news\/index.php?rest_route=\/wp\/v2\/users\/2"}],"replies":[{"embeddable":true,"href":"https:\/\/fajr.news\/index.php?rest_route=%2Fwp%2Fv2%2Fcomments&post=12009"}],"version-history":[{"count":0,"href":"https:\/\/fajr.news\/index.php?rest_route=\/wp\/v2\/posts\/12009\/revisions"}],"wp:featuredmedia":[{"embeddable":true,"href":"https:\/\/fajr.news\/index.php?rest_route=\/wp\/v2\/media\/12010"}],"wp:attachment":[{"href":"https:\/\/fajr.news\/index.php?rest_route=%2Fwp%2Fv2%2Fmedia&parent=12009"}],"wp:term":[{"taxonomy":"category","embeddable":true,"href":"https:\/\/fajr.news\/index.php?rest_route=%2Fwp%2Fv2%2Fcategories&post=12009"},{"taxonomy":"post_tag","embeddable":true,"href":"https:\/\/fajr.news\/index.php?rest_route=%2Fwp%2Fv2%2Ftags&post=12009"}],"curies":[{"name":"wp","href":"https:\/\/api.w.org\/{rel}","templated":true}]}}